{"id":34408,"date":"2023-04-05T12:57:17","date_gmt":"2023-04-05T17:57:17","guid":{"rendered":"https:\/\/esreviral.com\/?p=34408"},"modified":"2023-04-05T12:57:18","modified_gmt":"2023-04-05T17:57:18","slug":"masacre-en-una-guarderia-en-brasil-un-hombre-mato-a-cuatro-ninos-con-un-hacha","status":"publish","type":"post","link":"https:\/\/esreviral.com\/?p=34408","title":{"rendered":"Masacre en una guarder\u00eda en Brasil: un hombre mat\u00f3 a cuatro ni\u00f1os con un hacha"},"content":{"rendered":"\n<p><strong>Al menos cuatro ni\u00f1os murieron este mi\u00e9rcoles y otros cuatro resultaron heridos -uno de gravedad-<\/strong>&nbsp;en un ataque a una guarder\u00eda en la ciudad de&nbsp;<strong>Blumenau<\/strong>, en el sur de Brasil, seg\u00fan inform\u00f3 el Cuerpo de Bomberos.<\/p>\n\n\n\n<p>Un hombre de 25 a\u00f1os invadi\u00f3 la guarder\u00eda\u00a0<strong>Cantinho Bom Pastor<\/strong>\u00a0con un\u00a0<strong>hacha<\/strong>,\u00a0<strong>atac\u00f3 a los menores y despu\u00e9s se entreg\u00f3 a las autoridades<\/strong>, de acuerdo con la Polic\u00eda Militar.<\/p>\n\n\n\n<p>Este ataque se produce diez d\u00edas despu\u00e9s de otro que tuvo lugar en un colegio de San Pablo, donde\u00a0un adolescente de 13 a\u00f1os de edad mat\u00f3 a cuchilladas a una profesora e hiri\u00f3 a otras cuatro personas.<\/p>\n\n\n\n<p>El portal local&nbsp;<em>G1<\/em>&nbsp;inform\u00f3 que, tras enterarse de los ataques,&nbsp;<strong>los padres de los ni\u00f1os acudieron al lugar<\/strong>&nbsp;y, seg\u00fan los bomberos, el ambiente era de desesperaci\u00f3n.<\/p>\n\n\n\n<p>Inicialmente,&nbsp;<strong>solo los agentes de seguridad ingresaron al sitio<\/strong>&nbsp;para rescatar a las v\u00edctimas, y los sobrevivientes fueron liberados gradualmente.<\/p>\n\n\n\n<p>Las autoridades dieron a conocer las identidades de los fallecidos y sus edades. Ellos son: Bernardo Cunha Machado, de 5 a\u00f1os; Bernardo Pabest da Cunha, de 4 a\u00f1os; Larissa Maia Toldo, de 7 a\u00f1os; y Enzo Marchesin Barbosa, de 4 a\u00f1os.<\/p>\n\n\n\n<p><strong>La agresi\u00f3n tuvo lugar a las 09:00 hora local<\/strong>\u00a0(12:00 GMT). Varias unidades de los bomberos y la Polic\u00eda han acudido al lugar de los hechos para atender la emergencia.\u00a0<strong>A las 10 de la ma\u00f1ana, todos los ni\u00f1os ya hab\u00edan sido sacados de la guarder\u00eda y estaban junto a sus familias<\/strong>.<\/p>\n\n\n\n<figure class=\"wp-block-image size-full\"><img fetchpriority=\"high\" decoding=\"async\" width=\"768\" height=\"512\" src=\"https:\/\/esreviral.com\/wp-content\/uploads\/2023\/04\/AnyConv.com__BSNZ3HSL7JHR3CYRPO2XYC5K7E.webp\" alt=\"\" class=\"wp-image-34409\" srcset=\"https:\/\/esreviral.com\/wp-content\/uploads\/2023\/04\/AnyConv.com__BSNZ3HSL7JHR3CYRPO2XYC5K7E.webp 768w, https:\/\/esreviral.com\/wp-content\/uploads\/2023\/04\/AnyConv.com__BSNZ3HSL7JHR3CYRPO2XYC5K7E-300x200.webp 300w, https:\/\/esreviral.com\/wp-content\/uploads\/2023\/04\/AnyConv.com__BSNZ3HSL7JHR3CYRPO2XYC5K7E-750x500.webp 750w\" sizes=\"(max-width: 768px) 100vw, 768px\" \/><\/figure>\n\n\n\n<p><\/p>\n\n\n\n<p>\u201c<strong>Fueron confirmados cuatro menores fallecidos<\/strong>\u201d, indic\u00f3 el Cuerpo de Bomberos, que inform\u00f3 de que \u201c<strong>otros \u00f3rganos de seguridad p\u00fablica<\/strong>\u201d tambi\u00e9n est\u00e1n actuando en la zona para investigar el episodio. Luego agregaron que&nbsp;<strong>son cuatro los heridos y uno est\u00e1 grave<\/strong>.<\/p>\n\n\n\n<p>En los \u00faltimos meses se han venido repitiendo\u00a0<strong>agresiones similares<\/strong>\u00a0en otros centros educativos de Brasil, un pa\u00eds que hasta hace poco no estaba acostumbrado a estos actos violentos.<\/p>\n\n\n\n<p>Adem\u00e1s del ataque de hace diez d\u00edas, el pasado 25 de noviembre un adolescente de 16 a\u00f1os mat\u00f3 a tiros a cuatro personas en dos ataques sucesivos a dos escuelas cercanas en Aracruz, en el estado de Esp\u00edritu Santo (sureste).<\/p>\n\n\n\n<p>Dos meses antes, un hombre armado con un rev\u00f3lver y dos cuchillos invadi\u00f3 una escuela c\u00edvico-militar y mat\u00f3 a una estudiante con discapacidad, en el estado de Bah\u00eda (noreste).<\/p>\n\n\n\n<p>Asimismo, el 13 de marzo de 2019, dos antiguos alumnos entraron en una escuela de la ciudad de Suzano, a unos 60 kil\u00f3metros de San Pablo, asesinaron a cinco estudiantes y a dos trabajadoras, y dejaron una decena de heridos, antes de que ambos se quitaran la vida.<\/p>\n\n\n\n<figure class=\"wp-block-image size-full\"><img decoding=\"async\" width=\"768\" height=\"512\" src=\"https:\/\/esreviral.com\/wp-content\/uploads\/2023\/04\/AnyConv.com__BXVL757SP2VLQG5D3D2FCA47BU.webp\" alt=\"\" class=\"wp-image-34410\" srcset=\"https:\/\/esreviral.com\/wp-content\/uploads\/2023\/04\/AnyConv.com__BXVL757SP2VLQG5D3D2FCA47BU.webp 768w, https:\/\/esreviral.com\/wp-content\/uploads\/2023\/04\/AnyConv.com__BXVL757SP2VLQG5D3D2FCA47BU-300x200.webp 300w, https:\/\/esreviral.com\/wp-content\/uploads\/2023\/04\/AnyConv.com__BXVL757SP2VLQG5D3D2FCA47BU-750x500.webp 750w\" sizes=\"(max-width: 768px) 100vw, 768px\" \/><\/figure>\n\n\n\n<p><strong><mark style=\"background-color:rgba(0, 0, 0, 0)\" class=\"has-inline-color has-vivid-red-color\">Lula da Silva calific\u00f3 de \u201cmonstruosidad\u201d el asesinato de los cuatro ni\u00f1os<\/mark><\/strong><\/p>\n\n\n\n<p>El presidente de&nbsp;Brasil,&nbsp;<strong>Luiz In\u00e1cio Lula da Silva<\/strong>, calific\u00f3 de&nbsp;<strong>\u201cmonstruosidad\u201d<\/strong>&nbsp;el&nbsp;<strong>asesinato de los cuatro ni\u00f1os<\/strong>&nbsp;este mi\u00e9rcoles en una guarder\u00eda de la ciudad de&nbsp;<strong>Blumenau<\/strong>.<\/p>\n\n\n\n<p>\u201cNo hay dolor mayor que el de una familia que pierde a sus hijos o nietos, a\u00fan m\u00e1s en un acto de violencia contra ni\u00f1os inocentes e indefensos\u201d, escribi\u00f3 el mandatario en sus redes sociales.<\/p>\n\n\n\n<p>Seg\u00fan Lula, \u201cpara cualquier ser humano que tenga un sentimiento cristiano, una tragedia como esta es\u00a0<strong>inaceptable<\/strong>\u201d y un<strong>\u00a0\u201cacto absurdo de odio y cobard\u00eda\u201d<\/strong>.<\/p>\n\n\n\n<p class=\"has-text-align-right\"><strong><em>Infobae.-<\/em><\/strong><\/p>\n","protected":false},"excerpt":{"rendered":"<p>El autor salt\u00f3 el muro del Instituto Cantinho Bom Pastor y comenz\u00f3 a atacar a los peque\u00f1os. Luego de la matanza se entreg\u00f3 a la Polic\u00eda. Hay cuatro heridos, uno de ellos en grave estado<\/p>\n","protected":false},"author":3,"featured_media":34411,"comment_status":"open","ping_status":"closed","sticky":false,"template":"","format":"standard","meta":{"jnews-multi-image_gallery":[],"jnews_single_post":{"subtitle":"","format":"standard","video":"","gallery":"","source_name":"","source_url":"","via_name":"","via_url":"","override_template":"0","override":[{"template":"4","single_blog_custom":"","parallax":"1","fullscreen":"1","layout":"right-sidebar","sidebar":"default-sidebar","second_sidebar":"default-sidebar","sticky_sidebar":"1","share_position":"top","share_float_style":"share-monocrhome","show_share_counter":"1","show_view_counter":"1","show_featured":"1","show_post_meta":"1","show_post_author":"1","show_post_author_image":"1","show_post_date":"1","post_date_format":"default","post_date_format_custom":"Y\/m\/d","show_post_category":"1","show_post_reading_time":"1","post_reading_time_wpm":"300","show_zoom_button":"1","zoom_button_out_step":"2","zoom_button_in_step":"3","show_post_tag":"1","show_prev_next_post":"1","show_popup_post":"1","number_popup_post":"1","show_author_box":"1","show_post_related":"1","show_inline_post_related":"0"}],"override_image_size":"0","image_override":[{"single_post_thumbnail_size":"crop-500","single_post_gallery_size":"crop-500"}],"trending_post":"0","trending_post_position":"meta","trending_post_label":"Trending","sponsored_post":"0","sponsored_post_label":"Sponsored by","sponsored_post_name":"","sponsored_post_url":"","sponsored_post_logo_enable":"0","sponsored_post_logo":"","sponsored_post_desc":"","disable_ad":"0"},"jnews_primary_category":{"id":"","hide":""},"jnews_social_meta":{"fb_title":"","fb_description":"","fb_image":"","twitter_title":"","twitter_description":"","twitter_image":""},"jnews_review":[],"enable_review":"0","type":"percentage","name":"","summary":"","brand":"","sku":"","good":[{"good_text":""}],"bad":[{"bad_text":""}],"score_override":"","override_value":"","rating":[{"rating_text":"","rating_number":"10"}],"price":[{"shop":"","price":"","link":"","icon":""}],"jnews_override_counter":{"override_view_counter":"0","view_counter_number":"0","override_share_counter":"0","share_counter_number":"0","override_like_counter":"0","like_counter_number":"0","override_dislike_counter":"0","dislike_counter_number":"0"},"jnews_post_split":{"enable_post_split":"0","post_split":[{"template":"1","tag":"h2","numbering":"asc","mode":"normal","first":"0","enable_toc":"0","toc_type":"normal"}]},"footnotes":""},"categories":[88,64],"tags":[8606,227,7829,8607,282,3824,45,8605],"class_list":["post-34408","post","type-post","status-publish","format-standard","has-post-thumbnail","hentry","category-internacionales","category-sucesos","tag-blumenau","tag-brasil","tag-cuerpo-de-bomberos","tag-guarderia-2","tag-homicidio","tag-lula-da-silva","tag-noticias","tag-presidente-de-brasil-2"],"amp_enabled":true,"_links":{"self":[{"href":"https:\/\/esreviral.com\/index.php?rest_route=\/wp\/v2\/posts\/34408"}],"collection":[{"href":"https:\/\/esreviral.com\/index.php?rest_route=\/wp\/v2\/posts"}],"about":[{"href":"https:\/\/esreviral.com\/index.php?rest_route=\/wp\/v2\/types\/post"}],"author":[{"embeddable":true,"href":"https:\/\/esreviral.com\/index.php?rest_route=\/wp\/v2\/users\/3"}],"replies":[{"embeddable":true,"href":"https:\/\/esreviral.com\/index.php?rest_route=%2Fwp%2Fv2%2Fcomments&post=34408"}],"version-history":[{"count":0,"href":"https:\/\/esreviral.com\/index.php?rest_route=\/wp\/v2\/posts\/34408\/revisions"}],"wp:featuredmedia":[{"embeddable":true,"href":"https:\/\/esreviral.com\/index.php?rest_route=\/wp\/v2\/media\/34411"}],"wp:attachment":[{"href":"https:\/\/esreviral.com\/index.php?rest_route=%2Fwp%2Fv2%2Fmedia&parent=34408"}],"wp:term":[{"taxonomy":"category","embeddable":true,"href":"https:\/\/esreviral.com\/index.php?rest_route=%2Fwp%2Fv2%2Fcategories&post=34408"},{"taxonomy":"post_tag","embeddable":true,"href":"https:\/\/esreviral.com\/index.php?rest_route=%2Fwp%2Fv2%2Ftags&post=34408"}],"curies":[{"name":"wp","href":"https:\/\/api.w.org\/{rel}","templated":true}]}}