{"id":34404,"date":"2023-04-05T13:11:24","date_gmt":"2023-04-05T18:11:24","guid":{"rendered":"https:\/\/esreviral.com\/?p=34404"},"modified":"2023-04-05T13:11:25","modified_gmt":"2023-04-05T18:11:25","slug":"se-disparo-la-inflacion-en-caba-fue-del-71-en-marzo","status":"publish","type":"post","link":"https:\/\/esreviral.com\/?p=34404","title":{"rendered":"Se dispar\u00f3 la inflaci\u00f3n en CABA: fue del 7,1% en marzo"},"content":{"rendered":"\n<p>La&nbsp;<strong>inflaci\u00f3n en la Ciudad de Buenos Aires<\/strong>&nbsp;en marzo fue del&nbsp;<strong>7,1%,&nbsp;<\/strong>lo que llev\u00f3 a esta marca a 21,8% de suba en los primeros tres meses del a\u00f1o y a una variaci\u00f3n interanual del 105,5%. El dato de marzo estuvo 1,1 puntos porcentuales por encima del 6% que el ente estad\u00edstico porte\u00f1o hab\u00eda medido en febrero, aunque se ubic\u00f3 por debajo&nbsp;<strong>del dato de enero (fue el m\u00e1s alto del a\u00f1o, con un 7,3%)<\/strong>. En nueve d\u00edas se conocer\u00e1 el dato de inflaci\u00f3n nacional del Indec.<\/p>\n\n\n\n<p>El n\u00famero que dio a conocer la Direcci\u00f3n de Estad\u00edstica y Censos porte\u00f1a se encuentra en l\u00ednea con las estimaciones de las economistas y consultoras privadas, cuyas estimaciones proyectan que la inflaci\u00f3n de marzo fue de alrededor del 7% en marzo.<\/p>\n\n\n\n<p>Un dato negativo del informe de inflaci\u00f3n en la Ciudad fue el incremento en&nbsp;<strong>Alimentos y bebidas no alcoh\u00f3licas, que tuvo un alza del 9,1%&nbsp;<\/strong>en el mes. Los principales impulsos, seg\u00fan el organismo de estad\u00edstica, provino de Carnes y derivados (12,6%), Leche, productos l\u00e1cteos y huevos (10,1%), Pan y cereales (6,3%), Verduras, tub\u00e9rculos y legumbres (11,2%) y Frutas (10,9%). Este \u00edtem registr\u00f3 una variaci\u00f3n interanual del 111%.<\/p>\n\n\n\n<figure class=\"wp-block-image size-full\"><img fetchpriority=\"high\" decoding=\"async\" width=\"879\" height=\"586\" src=\"https:\/\/esreviral.com\/wp-content\/uploads\/2023\/04\/AnyConv.com__AnyConv.com__QZMQNHPWBRDXTGHCMKGXOENYMQ.webp\" alt=\"\" class=\"wp-image-34406\" srcset=\"https:\/\/esreviral.com\/wp-content\/uploads\/2023\/04\/AnyConv.com__AnyConv.com__QZMQNHPWBRDXTGHCMKGXOENYMQ.webp 879w, https:\/\/esreviral.com\/wp-content\/uploads\/2023\/04\/AnyConv.com__AnyConv.com__QZMQNHPWBRDXTGHCMKGXOENYMQ-300x200.webp 300w, https:\/\/esreviral.com\/wp-content\/uploads\/2023\/04\/AnyConv.com__AnyConv.com__QZMQNHPWBRDXTGHCMKGXOENYMQ-768x512.webp 768w, https:\/\/esreviral.com\/wp-content\/uploads\/2023\/04\/AnyConv.com__AnyConv.com__QZMQNHPWBRDXTGHCMKGXOENYMQ-750x500.webp 750w\" sizes=\"(max-width: 879px) 100vw, 879px\" \/><\/figure>\n\n\n\n<p><\/p>\n\n\n\n<p>El segmento de alimentos tambi\u00e9n hab\u00eda generado presi\u00f3n en febrero, cuando se report\u00f3 un&nbsp;<strong>aumento de 7,7% en ese rubro.&nbsp;<\/strong>En ese mes, se debi\u00f3 principalmente tambi\u00e9n a los ajustes en el rubro de Carnes y derivados (15,2%). Le siguieron aumentos en Leche y productos l\u00e1cteos (6,3%), Frutas (11,3%) y Pan y cereales (5,7%).<\/p>\n\n\n\n<p><strong>En tanto, en marzo el rubro que m\u00e1s aument\u00f3 fue el de Educaci\u00f3n,&nbsp;<\/strong>con un<strong>&nbsp;alza de 23,2% y una variaci\u00f3n interanual de 101,6%.&nbsp;<\/strong>Se trata de un rubro que es habitual y estacional en este mes, cuando ocurren los ajustes en las cuotas de los establecimientos privados en el arranque de un nuevo ciclo lectivo.<\/p>\n\n\n\n<p>Le sigui\u00f3&nbsp;<strong>Prendas de vestir y calzado, que promedi\u00f3 una suba de 10,1%&nbsp;<\/strong>(variaci\u00f3n interanual de 115,5%), otro rubro con comportamiento estacional por el cambio de temporada. El siguiente fue&nbsp;<strong>Salud, que aument\u00f3 6,9%<\/strong>&nbsp;por los ajustes en las cuotas de medicina prepaga y, en menor medida, las alzas en los valores de los medicamentos. Este \u00edtem registr\u00f3 una variaci\u00f3n interanual del 101,9% .<\/p>\n\n\n\n<p><strong>Vivienda, agua, electricidad y gas aument\u00f3 6,3%,&nbsp;<\/strong>debido a las subas en los precios de los alquileres. Le siguieron los ajustes en los valores de los gastos comunes de la vivienda, junto con los incrementos en la tarifa residencial del servicio de suministro de agua y de gas natural por red.&nbsp;<strong>Transporte tambi\u00e9n registr\u00f3 una suba de 6,3%<\/strong>&nbsp;debido a la actualizaci\u00f3n en los precios de los autom\u00f3viles, la tarifa del viaje de taxis, que entr\u00f3 en vigencia el 11 de marzo, y los ajustes en los boletos de subte y colectivos.<\/p>\n\n\n\n<p>A nivel nacional, los&nbsp;economistas consideran que la inflaci\u00f3n volvi\u00f3 a acelerarse en marzo, y que el alza del costo de vida habr\u00eda cerrado en torno al 7%. Si se confirma ese dato,&nbsp;<strong>la medici\u00f3n interanual llegar\u00eda al 110%.<\/strong>&nbsp;En 2022, la suba de precios de marzo hab\u00eda sido de 6,7%.<\/p>\n\n\n\n<p>Para la consultora C&amp;T, la suba de precios fue de 7%. \u201cLa tasa de inflaci\u00f3n fue la m\u00e1s alta de los \u00faltimos siete meses y super\u00f3 tambi\u00e9n el pico de marzo 2022. De esta forma, la variaci\u00f3n de doce meses sigui\u00f3 subiendo, y alcanz\u00f3 un 107,7% para el IPC C&amp;T\u201d, dijeron en la firma que dirige Camilo Tiscornia, donde esperan un alza anual en diciembre de 102,9%.<\/p>\n\n\n\n<p>Anal\u00edtica tambi\u00e9n estim\u00f3 un avance del 7% para marzo. \u201cLa [inflaci\u00f3n] n\u00facleo sigue alta, en parte, por inercia y, en parte, porque las expectativas cambiarias no ayudan\u201d, afirm\u00f3 Ricardo Delgado, director de la consultora.&nbsp;<strong>En FIEL, los m\u00e1s pesimistas entre los consultados, ven un alza para el mes no por debajo del 7,6%.<\/strong>&nbsp;Aunque no sea esa la variaci\u00f3n, cualquier resultado volver\u00e1 a martillar sobre los fr\u00e1giles ingresos de los argentinos.<\/p>\n\n\n\n<p class=\"has-text-align-right\"><em><strong>LA NACION<\/strong>.-<\/em><\/p>\n","protected":false},"excerpt":{"rendered":"<p>Los economistas estiman que la tendencia de CABA se confirmar\u00e1 a nivel nacional, con estimaciones que llegan hasta el 7,6% para el mes pasado<\/p>\n","protected":false},"author":3,"featured_media":34405,"comment_status":"open","ping_status":"closed","sticky":false,"template":"","format":"standard","meta":{"jnews-multi-image_gallery":[],"jnews_single_post":{"subtitle":"","format":"standard","video":"","gallery":"","source_name":"","source_url":"","via_name":"","via_url":"","override_template":"0","override":[{"template":"4","single_blog_custom":"","parallax":"1","fullscreen":"1","layout":"right-sidebar","sidebar":"default-sidebar","second_sidebar":"default-sidebar","sticky_sidebar":"1","share_position":"top","share_float_style":"share-monocrhome","show_share_counter":"1","show_view_counter":"1","show_featured":"1","show_post_meta":"1","show_post_author":"1","show_post_author_image":"1","show_post_date":"1","post_date_format":"default","post_date_format_custom":"Y\/m\/d","show_post_category":"1","show_post_reading_time":"1","post_reading_time_wpm":"300","show_zoom_button":"1","zoom_button_out_step":"2","zoom_button_in_step":"3","show_post_tag":"1","show_prev_next_post":"1","show_popup_post":"1","number_popup_post":"1","show_author_box":"1","show_post_related":"1","show_inline_post_related":"0"}],"override_image_size":"0","image_override":[{"single_post_thumbnail_size":"crop-500","single_post_gallery_size":"crop-500"}],"trending_post":"0","trending_post_position":"meta","trending_post_label":"Trending","sponsored_post":"0","sponsored_post_label":"Sponsored by","sponsored_post_name":"","sponsored_post_url":"","sponsored_post_logo_enable":"0","sponsored_post_logo":"","sponsored_post_desc":"","disable_ad":"0"},"jnews_primary_category":{"id":"","hide":""},"jnews_social_meta":{"fb_title":"","fb_description":"","fb_image":"","twitter_title":"","twitter_description":"","twitter_image":""},"jnews_review":[],"enable_review":"0","type":"percentage","name":"","summary":"","brand":"","sku":"","good":[{"good_text":""}],"bad":[{"bad_text":""}],"score_override":"","override_value":"","rating":[{"rating_text":"","rating_number":"10"}],"price":[{"shop":"","price":"","link":"","icon":""}],"jnews_override_counter":{"override_view_counter":"0","view_counter_number":"0","override_share_counter":"0","share_counter_number":"0","override_like_counter":"0","like_counter_number":"0","override_dislike_counter":"0","dislike_counter_number":"0"},"jnews_post_split":{"enable_post_split":"0","post_split":[{"template":"1","tag":"h2","numbering":"asc","mode":"normal","first":"0","enable_toc":"0","toc_type":"normal"}]},"footnotes":""},"categories":[58,61],"tags":[44,894,3219,2054,268,2604,45],"class_list":["post-34404","post","type-post","status-publish","format-standard","has-post-thumbnail","hentry","category-argentina","category-economia","tag-argentina","tag-ciudad-de-buenos-aires","tag-comunidad-de-negocios","tag-indec","tag-inflacion","tag-inflacion-y-precios","tag-noticias"],"amp_enabled":true,"_links":{"self":[{"href":"https:\/\/esreviral.com\/index.php?rest_route=\/wp\/v2\/posts\/34404"}],"collection":[{"href":"https:\/\/esreviral.com\/index.php?rest_route=\/wp\/v2\/posts"}],"about":[{"href":"https:\/\/esreviral.com\/index.php?rest_route=\/wp\/v2\/types\/post"}],"author":[{"embeddable":true,"href":"https:\/\/esreviral.com\/index.php?rest_route=\/wp\/v2\/users\/3"}],"replies":[{"embeddable":true,"href":"https:\/\/esreviral.com\/index.php?rest_route=%2Fwp%2Fv2%2Fcomments&post=34404"}],"version-history":[{"count":0,"href":"https:\/\/esreviral.com\/index.php?rest_route=\/wp\/v2\/posts\/34404\/revisions"}],"wp:featuredmedia":[{"embeddable":true,"href":"https:\/\/esreviral.com\/index.php?rest_route=\/wp\/v2\/media\/34405"}],"wp:attachment":[{"href":"https:\/\/esreviral.com\/index.php?rest_route=%2Fwp%2Fv2%2Fmedia&parent=34404"}],"wp:term":[{"taxonomy":"category","embeddable":true,"href":"https:\/\/esreviral.com\/index.php?rest_route=%2Fwp%2Fv2%2Fcategories&post=34404"},{"taxonomy":"post_tag","embeddable":true,"href":"https:\/\/esreviral.com\/index.php?rest_route=%2Fwp%2Fv2%2Ftags&post=34404"}],"curies":[{"name":"wp","href":"https:\/\/api.w.org\/{rel}","templated":true}]}}