{"id":34392,"date":"2023-04-05T10:16:23","date_gmt":"2023-04-05T15:16:23","guid":{"rendered":"https:\/\/esreviral.com\/?p=34392"},"modified":"2023-04-05T10:16:24","modified_gmt":"2023-04-05T15:16:24","slug":"rodriguez-larreta-y-acuna-compartieron-un-cafe-con-vecinos-de-chacarita","status":"publish","type":"post","link":"https:\/\/esreviral.com\/?p=34392","title":{"rendered":"Rodr\u00edguez Larreta y Acu\u00f1a compartieron un caf\u00e9 con vecinos de Chacarita"},"content":{"rendered":"\n<p>El jefe de Gobierno, Horacio Rodr\u00edguez Larreta, y la ministra de Educaci\u00f3n, Soledad Acu\u00f1a, compartieron hoy un caf\u00e9 con vecinos y comerciantes de Chacarita, donde recibieron consultas y escucharon sugerencias para lograr mejoras en la zona.<\/p>\n\n\n\n<p>Consultado sobre las medidas implementadas en materia de seguridad, el Jefe de Gobierno remarc\u00f3 que \u00abla Ciudad tuvo en 2022 el n\u00famero de delitos m\u00e1s bajo de la historia\u00bb y asegur\u00f3 que los datos del mapa del delito permiten conocer la problem\u00e1tica de cada zona.<\/p>\n\n\n\n<p>\u00abEn base a esa informaci\u00f3n, se trabaja con los comisarios para diagramar el patrullaje de polic\u00edas a pie durante el d\u00eda y con m\u00f3viles durante la noche, cuando el tr\u00e1nsito disminuye. Tambi\u00e9n se determina d\u00f3nde se puede mejorar la iluminaci\u00f3n e instalar m\u00e1s c\u00e1maras\u00bb, explic\u00f3.<\/p>\n\n\n\n<p>Rodr\u00edguez Larreta tambi\u00e9n intercambi\u00f3 opiniones con vecinos y comerciantes sobre temas de gesti\u00f3n como el tr\u00e1nsito, la situaci\u00f3n del transporte p\u00fablico y las obras planificadas para la zona.<\/p>\n\n\n\n<figure class=\"wp-block-image size-large\"><img fetchpriority=\"high\" decoding=\"async\" width=\"1024\" height=\"682\" src=\"https:\/\/esreviral.com\/wp-content\/uploads\/2023\/04\/AnyConv.com__WhatsApp_Image_2023-04-04_at_18.25.44-1024x682.webp\" alt=\"\" class=\"wp-image-34394\" srcset=\"https:\/\/esreviral.com\/wp-content\/uploads\/2023\/04\/AnyConv.com__WhatsApp_Image_2023-04-04_at_18.25.44-1024x682.webp 1024w, https:\/\/esreviral.com\/wp-content\/uploads\/2023\/04\/AnyConv.com__WhatsApp_Image_2023-04-04_at_18.25.44-300x200.webp 300w, https:\/\/esreviral.com\/wp-content\/uploads\/2023\/04\/AnyConv.com__WhatsApp_Image_2023-04-04_at_18.25.44-768x512.webp 768w, https:\/\/esreviral.com\/wp-content\/uploads\/2023\/04\/AnyConv.com__WhatsApp_Image_2023-04-04_at_18.25.44-1536x1023.webp 1536w, https:\/\/esreviral.com\/wp-content\/uploads\/2023\/04\/AnyConv.com__WhatsApp_Image_2023-04-04_at_18.25.44-750x500.webp 750w, https:\/\/esreviral.com\/wp-content\/uploads\/2023\/04\/AnyConv.com__WhatsApp_Image_2023-04-04_at_18.25.44-1140x760.webp 1140w, https:\/\/esreviral.com\/wp-content\/uploads\/2023\/04\/AnyConv.com__WhatsApp_Image_2023-04-04_at_18.25.44.webp 1600w\" sizes=\"(max-width: 1024px) 100vw, 1024px\" \/><\/figure>\n\n\n\n<p>Por su parte, Acu\u00f1a fue consultada sobre el funcionamiento del sistema \u00absube y baja\u00bb, dise\u00f1ado para agilizar el ingreso y la salida de los chicos de la escuela. \u00abTrabajamos con todas las escuelas, tanto p\u00fablicas como privadas, para aplicar el programa. Da muy buenos resultados. Es clave la concientizaci\u00f3n, y es importante la responsabilidad de las familias a la hora de dejar a los chicos en la escuela porque somos todos nosotros los que hacemos que el tr\u00e1nsito se ordene mejor\u00bb, se\u00f1al\u00f3 la ministra.<\/p>\n\n\n\n<p>Del encuentro, realizado en Avenida Dorrego al 700, tambi\u00e9n particip\u00f3 el presidente de la Comuna 15, Mart\u00edn Garcilazo.<\/p>\n\n\n\n<p class=\"has-text-align-right\"><em><strong>Prensa GCBA<\/strong>.-<\/em><\/p>\n","protected":false},"excerpt":{"rendered":"<p>El Jefe de Gobierno fue consultado por las medidas implementadas en materia de seguridad y tr\u00e1nsito y por las obras planificadas para la zona.<\/p>\n","protected":false},"author":3,"featured_media":34395,"comment_status":"open","ping_status":"closed","sticky":false,"template":"","format":"standard","meta":{"jnews-multi-image_gallery":[],"jnews_single_post":{"subtitle":"","format":"standard","video":"","gallery":"","source_name":"","source_url":"","via_name":"","via_url":"","override_template":"0","override":[{"template":"4","single_blog_custom":"","parallax":"1","fullscreen":"1","layout":"right-sidebar","sidebar":"default-sidebar","second_sidebar":"default-sidebar","sticky_sidebar":"1","share_position":"top","share_float_style":"share-monocrhome","show_share_counter":"1","show_view_counter":"1","show_featured":"1","show_post_meta":"1","show_post_author":"1","show_post_author_image":"1","show_post_date":"1","post_date_format":"default","post_date_format_custom":"Y\/m\/d","show_post_category":"1","show_post_reading_time":"1","post_reading_time_wpm":"300","show_zoom_button":"1","zoom_button_out_step":"2","zoom_button_in_step":"3","show_post_tag":"1","show_prev_next_post":"1","show_popup_post":"1","number_popup_post":"1","show_author_box":"1","show_post_related":"1","show_inline_post_related":"0"}],"override_image_size":"0","image_override":[{"single_post_thumbnail_size":"crop-500","single_post_gallery_size":"crop-500"}],"trending_post":"0","trending_post_position":"meta","trending_post_label":"Trending","sponsored_post":"0","sponsored_post_label":"Sponsored by","sponsored_post_name":"","sponsored_post_url":"","sponsored_post_logo_enable":"0","sponsored_post_logo":"","sponsored_post_desc":"","disable_ad":"0"},"jnews_primary_category":{"id":"","hide":""},"jnews_social_meta":{"fb_title":"","fb_description":"","fb_image":"","twitter_title":"","twitter_description":"","twitter_image":""},"jnews_review":[],"enable_review":"0","type":"percentage","name":"","summary":"","brand":"","sku":"","good":[{"good_text":""}],"bad":[{"bad_text":""}],"score_override":"","override_value":"","rating":[{"rating_text":"","rating_number":"10"}],"price":[{"shop":"","price":"","link":"","icon":""}],"jnews_override_counter":{"override_view_counter":"0","view_counter_number":"0","override_share_counter":"0","share_counter_number":"0","override_like_counter":"0","like_counter_number":"0","override_dislike_counter":"0","dislike_counter_number":"0"},"jnews_post_split":{"enable_post_split":"0","post_split":[{"template":"1","tag":"h2","numbering":"asc","mode":"normal","first":"0","enable_toc":"0","toc_type":"normal"}]},"footnotes":""},"categories":[58,59],"tags":[44,8599,3738,478,45,2591,3632],"class_list":["post-34392","post","type-post","status-publish","format-standard","has-post-thumbnail","hentry","category-argentina","category-politica","tag-argentina","tag-barrio-de-chacarita","tag-chacarita","tag-horacio-rodriguez-larreta","tag-noticias","tag-soledad-acuna","tag-vecinos"],"amp_enabled":true,"_links":{"self":[{"href":"https:\/\/esreviral.com\/index.php?rest_route=\/wp\/v2\/posts\/34392"}],"collection":[{"href":"https:\/\/esreviral.com\/index.php?rest_route=\/wp\/v2\/posts"}],"about":[{"href":"https:\/\/esreviral.com\/index.php?rest_route=\/wp\/v2\/types\/post"}],"author":[{"embeddable":true,"href":"https:\/\/esreviral.com\/index.php?rest_route=\/wp\/v2\/users\/3"}],"replies":[{"embeddable":true,"href":"https:\/\/esreviral.com\/index.php?rest_route=%2Fwp%2Fv2%2Fcomments&post=34392"}],"version-history":[{"count":0,"href":"https:\/\/esreviral.com\/index.php?rest_route=\/wp\/v2\/posts\/34392\/revisions"}],"wp:featuredmedia":[{"embeddable":true,"href":"https:\/\/esreviral.com\/index.php?rest_route=\/wp\/v2\/media\/34395"}],"wp:attachment":[{"href":"https:\/\/esreviral.com\/index.php?rest_route=%2Fwp%2Fv2%2Fmedia&parent=34392"}],"wp:term":[{"taxonomy":"category","embeddable":true,"href":"https:\/\/esreviral.com\/index.php?rest_route=%2Fwp%2Fv2%2Fcategories&post=34392"},{"taxonomy":"post_tag","embeddable":true,"href":"https:\/\/esreviral.com\/index.php?rest_route=%2Fwp%2Fv2%2Ftags&post=34392"}],"curies":[{"name":"wp","href":"https:\/\/api.w.org\/{rel}","templated":true}]}}