{"id":34382,"date":"2023-04-05T09:49:35","date_gmt":"2023-04-05T14:49:35","guid":{"rendered":"https:\/\/esreviral.com\/?p=34382"},"modified":"2023-04-05T09:49:37","modified_gmt":"2023-04-05T14:49:37","slug":"fiat-cronos-el-auto-mas-economico-y-facil-de-adquirir-en-argentina","status":"publish","type":"post","link":"https:\/\/esreviral.com\/?p=34382","title":{"rendered":"Fiat Cronos el auto m\u00e1s econ\u00f3mico y f\u00e1cil de adquirir en Argentina"},"content":{"rendered":"\n<p>Durante marzo <strong>fueron patentados 39.442 veh\u00edculos cero kil\u00f3metro<\/strong>, lo cual represent\u00f3 una suba de 14,2% interanual contra las 34.527 unidades del mismo mes del a\u00f1o anterior, seg\u00fan inform\u00f3 la Asociaci\u00f3n de Concesionarios Automotores (ACARA).<\/p>\n\n\n\n<p><strong>En lo que va del a\u00f1o se patentaron 120.320 unidades, 12,3% por encima del mismo per\u00edodo de 2022.<\/strong><\/p>\n\n\n\n<p><strong>\u00abSeguimos con la certeza que de haber tenido m\u00e1s autos disponibles los n\u00fameros hubieran sido mayores, y si bien esto hace que nos lamentemos tambi\u00e9n es positivo porque deja una buena base de patentamientos para abril\u00bb,<\/strong> dijo el titular de ACARA, Ricardo Salom\u00e9.<\/p>\n\n\n\n<p>Esa falta de oferta, principalmente de modelos importados tanto desde Brasil como de extrazona, se tradujo el mes pasado en una estad\u00edstica de venta que hasta ahora no hab\u00eda ocurrido: ocho de los diez modelos m\u00e1s vendidos fueron de producci\u00f3n nacional.<\/p>\n\n\n\n<p>Esa participaci\u00f3n de la producci\u00f3n local en las ventas viene increment\u00e1ndose desde hace dos a\u00f1os de manera progresiva, tanto por las trabas a la importaci\u00f3n como por una mayor producci\u00f3n local que, en parte, es destinada a las concesionarias.<\/p>\n\n\n\n<p>Recuerda que adquirir un veh\u00edculo nuevo es muy f\u00e1cil en Argentina y con <a href=\"https:\/\/wa.link\/plaswo\">Jos\u00e9 Lira <\/a>tienes toda la asesor\u00eda necesaria, puedes contactarlo por el iG @Joselira.fiat o <a href=\"https:\/\/wa.link\/plaswo\">escr\u00edbele a este link <\/a><\/p>\n\n\n\n<p><strong><mark style=\"background-color:rgba(0, 0, 0, 0)\" class=\"has-inline-color has-vivid-red-color\">El Fiat Cronos contin\u00faa al tope de las ventas locales.<\/mark><\/strong><\/p>\n\n\n\n<p>De esa manera, durante marzo en el \u00abtop ten\u00bb de los m\u00e1s vendidos est\u00e1n los modelos locales Fiat Cronos (1\u00ba), Peugeot 208 (2\u00ba), Toyota Hilux (4\u00ba), Ford Ranger (5\u00ba), Volkswagen Amarok (6\u00ba), Renault Kangoo II (7\u00ba), Nissan Frontier (8\u00ba) y Volkswagen Taos (10\u00ba).<\/p>\n\n\n\n<p>Los \u00fanicos modelos que no son de producci\u00f3n local son los Toyota Etios (3\u00ba) y Yaris (9\u00ba), ambos importados de Brasil.<\/p>\n\n\n\n<p>Si se avanza en el ranking hasta el puesto 15, la participaci\u00f3n de modelos locales no cede: est\u00e1n la Chevrolet Tracker que ahora es producida en Rosario (11\u00ba), el Renault Sandero (12\u00ba), el Chevrolet Cruze (14\u00ba) y el Renault Logan (15\u00ba). El \u00fanico modelo brasile\u00f1o es el Toyota Corolla Cross (13\u00ba).<\/p>\n\n\n\n<p>De los 15 modelos m\u00e1s vendidos en marzo, 12 fueron de producci\u00f3n local.<\/p>\n\n\n\n<p>Las terminales automotrices locales est\u00e1n produciendo m\u00e1s unidades, con expectativas de incrementar sus cifras globales por arriba del 20% durante este a\u00f1o contra las casi 540.000 unidades producidas en 2022.<\/p>\n\n\n\n<p>Hubo incrementos de turnos en las f\u00e1bricas de Peugeot y Nissan durante el a\u00f1o pasado.<\/p>\n\n\n\n<p>Y Toyota est\u00e1 abriendo un tercer turno con el inicio de operaciones de este a\u00f1o, en tanto General Motors puso en marcha una l\u00ednea de producci\u00f3n nueva, paralela a la del Cruze, para comenzar a producir su nueva Tracker.<\/p>\n\n\n\n<p>En general todas las terminales incrementaron su producci\u00f3n, tanto con turnos adicionales como fabricando m\u00e1s unidades que en los per\u00edodos previos.<\/p>\n\n\n\n<p>Una parte de ese incremento se est\u00e1 volcando a las concesionarias locales, seg\u00fan se desprende de las estad\u00edsticas de la Asociaci\u00f3n de Fabricantes de Automotores (ADEFA).<\/p>\n\n\n\n<p>Hace un a\u00f1o, las exportaciones del primer bimestre hab\u00edan representado casi 55% de la producci\u00f3n total.<\/p>\n\n\n\n<p>Este a\u00f1o, durante el primer bimestre, se produjo un 30% m\u00e1s de veh\u00edculos pero las exportaciones crecieron un 20%.<\/p>\n\n\n\n<p>Esa diferencia fue a parar a las concesionarias locales.<\/p>\n\n\n\n<p>\u00abLos que se adaptan a la oferta existente aprovechan la oportunidad. La producci\u00f3n est\u00e1 acompa\u00f1ando la oferta creciente de los modelos nacionales, que hoy alcanzan el 60% de lo que se demanda\u00bb, se\u00f1al\u00f3 el titular de ACARA.<\/p>\n\n\n\n<p>De acuerdo a su razonamiento, la tendencia seguir\u00e1. Lo dijo de este modo: \u00abEntendemos que esta tendencia nos va a acompa\u00f1ar durante 2023\u00bb, agreg\u00f3 Salom\u00e9.<\/p>\n","protected":false},"excerpt":{"rendered":"<p>Durante marzo fueron patentados 39.442 veh\u00edculos cero kil\u00f3metro, lo cual represent\u00f3 una suba de 14,2% interanual contra las 34.527 unidades del mismo mes del a\u00f1o anterior, seg\u00fan inform\u00f3 la Asociaci\u00f3n de Concesionarios Automotores (ACARA). En lo que va del a\u00f1o se patentaron 120.320 unidades, 12,3% por encima del mismo per\u00edodo de 2022. \u00abSeguimos con la [&hellip;]<\/p>\n","protected":false},"author":2,"featured_media":34384,"comment_status":"open","ping_status":"closed","sticky":false,"template":"","format":"standard","meta":{"jnews-multi-image_gallery":[],"jnews_single_post":{"subtitle":"","format":"standard","video":"","gallery":"","source_name":"","source_url":"","via_name":"","via_url":"","override_template":"0","override":[{"template":"4","single_blog_custom":"","parallax":"1","fullscreen":"1","layout":"right-sidebar","sidebar":"default-sidebar","second_sidebar":"default-sidebar","sticky_sidebar":"1","share_position":"top","share_float_style":"share-monocrhome","show_share_counter":"1","show_view_counter":"1","show_featured":"1","show_post_meta":"1","show_post_author":"1","show_post_author_image":"1","show_post_date":"1","post_date_format":"default","post_date_format_custom":"Y\/m\/d","show_post_category":"1","show_post_reading_time":"1","post_reading_time_wpm":"300","show_zoom_button":"1","zoom_button_out_step":"2","zoom_button_in_step":"3","show_post_tag":"1","show_prev_next_post":"1","show_popup_post":"1","number_popup_post":"1","show_author_box":"1","show_post_related":"1","show_inline_post_related":"0"}],"override_image_size":"0","image_override":[{"single_post_thumbnail_size":"crop-500","single_post_gallery_size":"crop-500"}],"trending_post":"0","trending_post_position":"meta","trending_post_label":"Trending","sponsored_post":"0","sponsored_post_label":"Sponsored by","sponsored_post_name":"","sponsored_post_url":"","sponsored_post_logo_enable":"0","sponsored_post_logo":"","sponsored_post_desc":"","disable_ad":"0"},"jnews_primary_category":{"id":"","hide":""},"jnews_social_meta":{"fb_title":"","fb_description":"","fb_image":"","twitter_title":"","twitter_description":"","twitter_image":""},"jnews_review":[],"enable_review":"0","type":"percentage","name":"","summary":"","brand":"","sku":"","good":[{"good_text":""}],"bad":[{"bad_text":""}],"score_override":"","override_value":"","rating":[{"rating_text":"","rating_number":"10"}],"price":[{"shop":"","price":"","link":"","icon":""}],"jnews_override_counter":{"override_view_counter":"0","view_counter_number":"0","override_share_counter":"0","share_counter_number":"0","override_like_counter":"0","like_counter_number":"0","override_dislike_counter":"0","dislike_counter_number":"0"},"jnews_post_split":{"enable_post_split":"0","post_split":[{"template":"1","tag":"h2","numbering":"asc","mode":"normal","first":"0","enable_toc":"0","toc_type":"normal"}]},"footnotes":""},"categories":[61],"tags":[44,7642,45,67],"class_list":["post-34382","post","type-post","status-publish","format-standard","has-post-thumbnail","hentry","category-economia","tag-argentina","tag-fiat-cronos","tag-noticias","tag-venezolanos-en-argentina"],"amp_enabled":true,"_links":{"self":[{"href":"https:\/\/esreviral.com\/index.php?rest_route=\/wp\/v2\/posts\/34382"}],"collection":[{"href":"https:\/\/esreviral.com\/index.php?rest_route=\/wp\/v2\/posts"}],"about":[{"href":"https:\/\/esreviral.com\/index.php?rest_route=\/wp\/v2\/types\/post"}],"author":[{"embeddable":true,"href":"https:\/\/esreviral.com\/index.php?rest_route=\/wp\/v2\/users\/2"}],"replies":[{"embeddable":true,"href":"https:\/\/esreviral.com\/index.php?rest_route=%2Fwp%2Fv2%2Fcomments&post=34382"}],"version-history":[{"count":0,"href":"https:\/\/esreviral.com\/index.php?rest_route=\/wp\/v2\/posts\/34382\/revisions"}],"wp:featuredmedia":[{"embeddable":true,"href":"https:\/\/esreviral.com\/index.php?rest_route=\/wp\/v2\/media\/34384"}],"wp:attachment":[{"href":"https:\/\/esreviral.com\/index.php?rest_route=%2Fwp%2Fv2%2Fmedia&parent=34382"}],"wp:term":[{"taxonomy":"category","embeddable":true,"href":"https:\/\/esreviral.com\/index.php?rest_route=%2Fwp%2Fv2%2Fcategories&post=34382"},{"taxonomy":"post_tag","embeddable":true,"href":"https:\/\/esreviral.com\/index.php?rest_route=%2Fwp%2Fv2%2Ftags&post=34382"}],"curies":[{"name":"wp","href":"https:\/\/api.w.org\/{rel}","templated":true}]}}