{"id":34339,"date":"2023-04-05T06:32:21","date_gmt":"2023-04-05T11:32:21","guid":{"rendered":"https:\/\/esreviral.com\/?p=34339"},"modified":"2023-04-05T06:32:22","modified_gmt":"2023-04-05T11:32:22","slug":"reglamentan-una-ley-para-personas-en-situacion-de-calle","status":"publish","type":"post","link":"https:\/\/esreviral.com\/?p=34339","title":{"rendered":"Reglamentan una ley para personas en situaci\u00f3n de calle"},"content":{"rendered":"\n<p>Tras el caso de<strong><em><\/em><\/strong> el Gobierno reglament\u00f3 este mi\u00e9rcoles una ley para personas en situaci\u00f3n de calle y familias sin techo. Se trata de una normativa que hab\u00eda sido aprobada en el Congreso en diciembre de 2021.<\/p>\n\n\n\n<p>La medida se oficializ\u00f3 a trav\u00e9s del&nbsp;<strong>Decreto 183\/2023<\/strong>, publicado en la \u00faltima edici\u00f3n del&nbsp;<strong>Bolet\u00edn Oficial<\/strong>&nbsp;con las firmas del presidente&nbsp;<strong>Alberto Fern\u00e1ndez<\/strong>; la ministra de Desarrollo Social,&nbsp;<strong>Victoria Tolosa Paz<\/strong>; y del jefe de Gabinete,&nbsp;<strong>Agust\u00edn Oscar Rossi<\/strong>.<\/p>\n\n\n\n<p>Seg\u00fan se destaca en el documento, esta ley 27.654 \u201cconstituye un instrumento jur\u00eddico fundamental que tiene por objeto&nbsp;<strong>garantizar integralmente y hacer operativos los derechos humanos<\/strong>&nbsp;de las personas en situaci\u00f3n de calle y en riesgo a la situaci\u00f3n de calle que se encuentren\u201d en la Argentina.<\/p>\n\n\n\n<p>\u201cPara hacer efectivos estos derechos se encomienda al Poder Ejecutivo que elabore y desarrolle una&nbsp;<strong>pol\u00edtica p\u00fablica integral, coherente y de alcance nacional<\/strong>\u201c, se afirma.<\/p>\n\n\n\n<p><strong><mark style=\"background-color:rgba(0, 0, 0, 0)\" class=\"has-inline-color has-vivid-red-color\">Los derechos que deben garantizarse<\/mark><\/strong><\/p>\n\n\n\n<p>Entre los derechos que buscan garantizarse, se encuentra el de la&nbsp;<strong>identidad personal<\/strong>, es decir \u201ctener un nombre propio, una personalidad jur\u00eddica y una nacionalidad\u201d. En ese sentido, el Estado debe realizar acciones para que las personas puedan hacer \u201cen forma gratuita los documentos de identidad personal\u201d, tales como partida de nacimiento, documento nacional de identidad, las claves \u00fanicas de inscripci\u00f3n laboral y tributaria, etc.<\/p>\n\n\n\n<p>Tambi\u00e9n se destaca el \u201c<strong>derecho al acceso y al uso de los servicios, de la infraestructura y de los espacios p\u00fablicos<\/strong>&nbsp;sin discriminaci\u00f3n por su condici\u00f3n de vulnerabilidad\u201d.<\/p>\n\n\n\n<p>Asimismo, \u201cel<strong>&nbsp;derecho a acceder a los servicios socioasistenciales y de salud de las instituciones p\u00fablicas o privadas<\/strong>&nbsp;con convenio con el Estado\u201d, as\u00ed como tambi\u00e9n \u201ca los servicios de apoyo para lograr un trabajo digno\u201d.<\/p>\n\n\n\n<p><mark style=\"background-color:rgba(0, 0, 0, 0)\" class=\"has-inline-color has-vivid-red-color\"><strong>Las exigencias de la ley: un relevamiento nacional y una red de centros de integraci\u00f3n social<\/strong><\/mark><\/p>\n\n\n\n<p>Por otro lado,&nbsp;<strong>se ordena \u201crealizar un relevamiento nacional de las personas en situaci\u00f3n de calle y en riesgo a la situaci\u00f3n de calle<\/strong>, en forma coordinada con el Instituto Nacional de Estad\u00edstica y Censos (INDEC). El objetivo es \u201ctener informaci\u00f3n para hacer un diagn\u00f3stico y luego implementar las pol\u00edticas p\u00fablicas nacionales, considerando sus diferentes subgrupos\u201d.<\/p>\n\n\n\n<p>Tambi\u00e9n se le exige al Estado \u201cpropiciar y coordinar la creaci\u00f3n de una\u00a0<strong>Red Nacional de Centros de Integraci\u00f3n Social<\/strong>, de atenci\u00f3n permanente y continua, que funcionen\u00a0<strong>las 24 horas del d\u00eda, los 365 d\u00edas del a\u00f1o<\/strong>,\u00a0que presten servicios socioasistenciales b\u00e1sicos de alojamiento, alimentaci\u00f3n, higiene y cuidados de la salud y adem\u00e1s desarrollen actividades de capacitaci\u00f3n y ocupaci\u00f3n, adaptadas a los conocimientos y necesidades de los destinatarios y las destinatarias\u201d.<\/p>\n\n\n\n<iframe src=\"https:\/\/drive.google.com\/file\/d\/1bs7XO_xzaLAIpuY1OpWTs8L9FNJncbgT\/preview\" width=\"640\" height=\"480\" allow=\"autoplay\"><\/iframe>\n\n\n\n<p><\/p>\n\n\n\n<p>El documento&nbsp;define a las&nbsp;<strong>personas en situaci\u00f3n de calle<\/strong>&nbsp;\u201ccomo aquellas sin distinci\u00f3n de ninguna clase, sea por su condici\u00f3n social, g\u00e9nero, edad, origen \u00e9tnico, nacionalidad, situaci\u00f3n migratoria, religi\u00f3n, estado de salud o cualquier otra,&nbsp;<strong>habiten en la calle o en espacios p\u00fablicos en forma transitoria o permanente<\/strong>, utilicen o no servicios socioasistenciales o de alojamiento nocturno, p\u00fablicos o privados (paradores, centros de integraci\u00f3n, hogares, albergues, entre otras)\u201d.<\/p>\n\n\n\n<p>Por otro lado, las\u00a0<strong>personas en riesgo de situaci\u00f3n de calle<\/strong>\u00a0son \u201caquellas que se encuentren en alguna de las siguientes situaciones: que residan en establecimientos p\u00fablicos o privados (m\u00e9dicos, asistenciales, penitenciarios u otros) de los cuales deban egresar por cualquier causa en un plazo determinado y no dispongan de una vivienda para el momento del egreso; que se encuentren debidamente notificadas de una resoluci\u00f3n administrativa o sentencia judicial firme de desalojo y no tengan recursos para procurarse una vivienda, o que habitan en asentamientos precarios o transitorios sin acceso a servicios p\u00fablicos esenciales o en condiciones de hacinamiento que afecten su integridad psicof\u00edsica\u201d.<\/p>\n\n\n\n<iframe src=\"https:\/\/drive.google.com\/file\/d\/1ghiudfUE2hhy3R1-J60D0bp-gsbwDcEy\/preview\" width=\"640\" height=\"480\" allow=\"autoplay\"><\/iframe>\n\n\n\n<p>El Presupuesto 2023 fija partidas destinadas para personas en situaci\u00f3n de calle. La secretar\u00eda de Municipios, que depende del Ministerio del Interior, por ejemplo, es una de las reparticiones encargadas de atender esta problem\u00e1tica. Tambi\u00e9n est\u00e1 la secretar\u00eda de Abordaje Integral del Ministerio de Desarrollo Social, que depende de Victoria Tolosa Paz, y para completar la estructura institucional est\u00e1 la Sedronar, que atiende puntualmente las cuestiones de adicciones.<\/p>\n\n\n\n<p>La tragedia de la beba muerta cerca de Casa Rosada impact\u00f3 apenas un d\u00eda despu\u00e9s de conocerse el \u00faltimo dato de pobreza en la Argentina, que creci\u00f3 durante el segundo semestre del a\u00f1o pasado. De acuerdo al informe del INDEC, trep\u00f3 del 37,3% al 39,2%., mientras que la indigencia baj\u00f3 levemente, del 8,2 al 8,1%.<\/p>\n\n\n\n<p>Si esos porcentajes se extienden a toda la poblaci\u00f3n (46,2 millones), incluyendo la rural, en total equivale a 18.800.000 pobres, de los cuales 3.800.000 ser\u00edan indigentes.<\/p>\n\n\n\n<p>Las familias en situaci\u00f3n de calle, sin embargo, son un dato m\u00e1s dificil de precisar y son motivo de cruces y debates entre las organizaciones sociales y el Gobierno de la Ciudad.\u200b \u200bSeg\u00fan un relevamiento realizado a mediados del a\u00f1o pasado por el Ministerio de Desarrollo Humano y H\u00e1bitat porte\u00f1o, fueron detectadas 1.000 personas durmiendo en la calle y otras 1.500 en paradores (el nombre formal es Centros de Inclusi\u00f3n Social, CIS).<\/p>\n\n\n\n<p class=\"has-text-align-right\"><strong><em>Clarin.-<\/em><\/strong><\/p>\n","protected":false},"excerpt":{"rendered":"<p>Se public\u00f3 en el Bolet\u00edn Oficial de este mi\u00e9rcoles y el escrito sostiene que se trata de \u00abuna de las expresiones sociales m\u00e1s graves de la precariedad habitacional y que necesitan mayor atenci\u00f3n por parte del Estado\u00bb<\/p>\n","protected":false},"author":3,"featured_media":34340,"comment_status":"open","ping_status":"closed","sticky":false,"template":"","format":"standard","meta":{"jnews-multi-image_gallery":[],"jnews_single_post":{"subtitle":"","format":"standard","video":"","gallery":"","source_name":"","source_url":"","via_name":"","via_url":"","override_template":"0","override":[{"template":"4","single_blog_custom":"","parallax":"1","fullscreen":"1","layout":"right-sidebar","sidebar":"default-sidebar","second_sidebar":"default-sidebar","sticky_sidebar":"1","share_position":"top","share_float_style":"share-monocrhome","show_share_counter":"1","show_view_counter":"1","show_featured":"1","show_post_meta":"1","show_post_author":"1","show_post_author_image":"1","show_post_date":"1","post_date_format":"default","post_date_format_custom":"Y\/m\/d","show_post_category":"1","show_post_reading_time":"1","post_reading_time_wpm":"300","show_zoom_button":"1","zoom_button_out_step":"2","zoom_button_in_step":"3","show_post_tag":"1","show_prev_next_post":"1","show_popup_post":"1","number_popup_post":"1","show_author_box":"1","show_post_related":"1","show_inline_post_related":"0"}],"override_image_size":"0","image_override":[{"single_post_thumbnail_size":"crop-500","single_post_gallery_size":"crop-500"}],"trending_post":"0","trending_post_position":"meta","trending_post_label":"Trending","sponsored_post":"0","sponsored_post_label":"Sponsored by","sponsored_post_name":"","sponsored_post_url":"","sponsored_post_logo_enable":"0","sponsored_post_logo":"","sponsored_post_desc":"","disable_ad":"0"},"jnews_primary_category":{"id":"","hide":""},"jnews_social_meta":{"fb_title":"","fb_description":"","fb_image":"","twitter_title":"","twitter_description":"","twitter_image":""},"jnews_review":[],"enable_review":"0","type":"percentage","name":"","summary":"","brand":"","sku":"","good":[{"good_text":""}],"bad":[{"bad_text":""}],"score_override":"","override_value":"","rating":[{"rating_text":"","rating_number":"10"}],"price":[{"shop":"","price":"","link":"","icon":""}],"jnews_override_counter":{"override_view_counter":"0","view_counter_number":"0","override_share_counter":"0","share_counter_number":"0","override_like_counter":"0","like_counter_number":"0","override_dislike_counter":"0","dislike_counter_number":"0"},"jnews_post_split":{"enable_post_split":"0","post_split":[{"template":"1","tag":"h2","numbering":"asc","mode":"normal","first":"0","enable_toc":"0","toc_type":"normal"}]},"footnotes":""},"categories":[58,59],"tags":[44,6057,3105,167,3816,8568,8569,3957,45,8567],"class_list":["post-34339","post","type-post","status-publish","format-standard","has-post-thumbnail","hentry","category-argentina","category-politica","tag-argentina","tag-boletin-oficial-3","tag-casa-rosada","tag-congreso","tag-derechos","tag-familias-en-situacion-de-calle","tag-familias-sin-techo","tag-ley","tag-noticias","tag-personas-en-situacion-de-calle"],"amp_enabled":true,"_links":{"self":[{"href":"https:\/\/esreviral.com\/index.php?rest_route=\/wp\/v2\/posts\/34339"}],"collection":[{"href":"https:\/\/esreviral.com\/index.php?rest_route=\/wp\/v2\/posts"}],"about":[{"href":"https:\/\/esreviral.com\/index.php?rest_route=\/wp\/v2\/types\/post"}],"author":[{"embeddable":true,"href":"https:\/\/esreviral.com\/index.php?rest_route=\/wp\/v2\/users\/3"}],"replies":[{"embeddable":true,"href":"https:\/\/esreviral.com\/index.php?rest_route=%2Fwp%2Fv2%2Fcomments&post=34339"}],"version-history":[{"count":0,"href":"https:\/\/esreviral.com\/index.php?rest_route=\/wp\/v2\/posts\/34339\/revisions"}],"wp:featuredmedia":[{"embeddable":true,"href":"https:\/\/esreviral.com\/index.php?rest_route=\/wp\/v2\/media\/34340"}],"wp:attachment":[{"href":"https:\/\/esreviral.com\/index.php?rest_route=%2Fwp%2Fv2%2Fmedia&parent=34339"}],"wp:term":[{"taxonomy":"category","embeddable":true,"href":"https:\/\/esreviral.com\/index.php?rest_route=%2Fwp%2Fv2%2Fcategories&post=34339"},{"taxonomy":"post_tag","embeddable":true,"href":"https:\/\/esreviral.com\/index.php?rest_route=%2Fwp%2Fv2%2Ftags&post=34339"}],"curies":[{"name":"wp","href":"https:\/\/api.w.org\/{rel}","templated":true}]}}