{"id":34283,"date":"2023-04-04T07:51:50","date_gmt":"2023-04-04T12:51:50","guid":{"rendered":"https:\/\/esreviral.com\/?p=34283"},"modified":"2023-04-04T07:51:51","modified_gmt":"2023-04-04T12:51:51","slug":"cuales-son-las-dos-lineas-de-colectivos-que-siguen-sin-funcionar-en-el-amba","status":"publish","type":"post","link":"https:\/\/esreviral.com\/?p=34283","title":{"rendered":"Cu\u00e1les son las dos l\u00edneas de colectivos que siguen sin funcionar en el AMBA"},"content":{"rendered":"\n<p>El paro de colectivos que se organiz\u00f3 luego del asesinato del chofer Daniel Barrientos en La Matanza\u00a0<strong>se levant\u00f3 desde la medianoche de este martes.<\/strong>\u00a0La medida de fuerza se llev\u00f3 adelante por una decisi\u00f3n tomada por la Uni\u00f3n Tranviarios Automotor (UTA) y afect\u00f3 a m\u00e1s de 80 l\u00edneas que realizan diferentes recorridos en el AMBA.<\/p>\n\n\n\n<p>A pesar de que la mayor\u00eda de las l\u00edneas reestablecieron el servicio despu\u00e9s de la medianoche, los compa\u00f1eros de Daniel Barrientos\u00a0<strong>confirmaron que la l\u00ednea 620 seguir\u00e1 sin funcionar.<\/strong><\/p>\n\n\n\n<p><strong>La l\u00ednea 382 fue la otra empresa que confirm\u00f3 que continuar\u00e1n con la huelga\u00a0<\/strong>impulsada por el violento episodio que termin\u00f3 en una balacera. De acuerdo con versiones que transcendieron los choferes presionan a la dirigencia de UTA para que se avance con un paro nacional debido a los continuos asaltos y ataques de los que son v\u00edctima. Sin embargo desde la c\u00fapula sindical difundieron un comunicado en el que repudian el crimen, pero sin adelantaron una nueva medida de fuerza.<\/p>\n\n\n\n<figure class=\"wp-block-image size-large\"><img fetchpriority=\"high\" decoding=\"async\" width=\"622\" height=\"1024\" src=\"https:\/\/esreviral.com\/wp-content\/uploads\/2023\/04\/AnyConv.com__AnyConv.com__S3GJXTLKBNHRZLM6D2J4GZDC54-622x1024.webp\" alt=\"\" class=\"wp-image-34284\" srcset=\"https:\/\/esreviral.com\/wp-content\/uploads\/2023\/04\/AnyConv.com__AnyConv.com__S3GJXTLKBNHRZLM6D2J4GZDC54-622x1024.webp 622w, https:\/\/esreviral.com\/wp-content\/uploads\/2023\/04\/AnyConv.com__AnyConv.com__S3GJXTLKBNHRZLM6D2J4GZDC54-182x300.webp 182w, https:\/\/esreviral.com\/wp-content\/uploads\/2023\/04\/AnyConv.com__AnyConv.com__S3GJXTLKBNHRZLM6D2J4GZDC54-768x1265.webp 768w, https:\/\/esreviral.com\/wp-content\/uploads\/2023\/04\/AnyConv.com__AnyConv.com__S3GJXTLKBNHRZLM6D2J4GZDC54-932x1536.webp 932w, https:\/\/esreviral.com\/wp-content\/uploads\/2023\/04\/AnyConv.com__AnyConv.com__S3GJXTLKBNHRZLM6D2J4GZDC54-1243x2048.webp 1243w, https:\/\/esreviral.com\/wp-content\/uploads\/2023\/04\/AnyConv.com__AnyConv.com__S3GJXTLKBNHRZLM6D2J4GZDC54-750x1235.webp 750w, https:\/\/esreviral.com\/wp-content\/uploads\/2023\/04\/AnyConv.com__AnyConv.com__S3GJXTLKBNHRZLM6D2J4GZDC54-1140x1878.webp 1140w, https:\/\/esreviral.com\/wp-content\/uploads\/2023\/04\/AnyConv.com__AnyConv.com__S3GJXTLKBNHRZLM6D2J4GZDC54.webp 1440w\" sizes=\"(max-width: 622px) 100vw, 622px\" \/><\/figure>\n\n\n\n<p><\/p>\n\n\n\n<p>\u201cUna vez m\u00e1s el hilo se cort\u00f3 por lo m\u00e1s delgado, el trabajador. Y a un compa\u00f1ero le cost\u00f3 la vida\u201d, reflexiona la UTA por medio del comunicado que public\u00f3. Adem\u00e1s, le pide a los gobiernos y a los ministerios de Seguridad de todas las jurisdicciones intervengan para dar una respuesta a los continuos ataques de los que son blanco.<\/p>\n\n\n\n<p><strong><mark style=\"background-color:rgba(0, 0, 0, 0)\" class=\"has-inline-color has-vivid-red-color\">Las l\u00edneas que vuelven a circular tras el paro<\/mark><\/strong><\/p>\n\n\n\n<p>Seg\u00fan se inform\u00f3 desde UTA, m\u00e1s de 120 l\u00edneas estuvieron de paro luego de que se conociera el crimen del chofer Daniel Barrientos.<\/p>\n\n\n\n<p>Las l\u00edneas que estuvieron afectadas en la provincia de Buenos Aires fueron:<\/p>\n\n\n\n<p><strong>2, 46, 53, 55, 63, 86, 88, 96, 97,103, 113, 123, 126, 136, 153, 163, 166, 172, 174, 180, 182, 185, 193, 205, 218, 236, 237, 238, 242, 244, 252, 253, 263, 266, 269, 276, 284, 288, 297, 302, 303, 311, 312, 314, 317, 320, 321, 322, 325, 326, 327, 329, 336, 338, 350, 355, 378, 382, 390, 392 y 395.<\/strong><\/p>\n\n\n\n<p>Luego se adhirieron las l\u00edneas:<\/p>\n\n\n\n<p><strong>406, 410, 422, 429, 441, 443, 461, 462, 463, 464, 500, 501, 502, 503, 504 541, 543, 544, 549, 561, 562, 621, 622, 624, 628, 634 y 635.<\/strong><\/p>\n\n\n\n<p>En la Ciudad se sumaron las<strong>&nbsp;l\u00edneas 60, 55, 57, 136, 152,163,166, 172, 174, 180, 182, 185, 193, 205 y 218.<\/strong><\/p>\n\n\n\n<p>A todas estas l\u00edneas, por la tarde del lunes se sumaron los colectivos de la empresa&nbsp;<strong>DOTA<\/strong>:<\/p>\n\n\n\n<p><strong>5, 6, 7, 8, 9, 20, 21, 23, 24, 25, 28, 31, 44, 50, 51, 56, 57, 74, 76, 79, 80, 84, 91, 99, 100, 101, 106, 107, 108, 115, 117, 130, 134, 135, 146, 150, 161, 164, 168, 177, 188, 263A, 271, 370, 373, 384, 385, 388, 403, 405, 410, 421, 429, 435, 503 de San Vicente, 514 de A. Brown, 520 de Lan\u00fas, 570 de Avellaneda.<\/strong><\/p>\n\n\n\n<p>Sin embargo desde la UTA se confirm\u00f3\u00a0<strong>que el paro se levant\u00f3 a la medianoche de este martes<\/strong>, y que las \u00fanicas l\u00edneas que mantendr\u00e1n la huelga son las l\u00ednes 620 y la 328.<\/p>\n\n\n\n<p class=\"has-text-align-right\"><strong><em>TN.-<\/em><\/strong><\/p>\n\n\n\n<p><br><\/p>\n","protected":false},"excerpt":{"rendered":"<p>Las l\u00edneas 620 y 382 son las \u00fanicas que continuar\u00e1n con la huelga y piden a UTA una medida de fuerza en todo el pa\u00eds. El resto de las empresas de \u00f3mnibus reestablecieron el servicio a partir de la medianoche.<\/p>\n","protected":false},"author":3,"featured_media":34285,"comment_status":"open","ping_status":"closed","sticky":false,"template":"","format":"standard","meta":{"jnews-multi-image_gallery":[],"jnews_single_post":{"subtitle":"","format":"standard","video":"","gallery":"","source_name":"","source_url":"","via_name":"","via_url":"","override_template":"0","override":[{"template":"4","single_blog_custom":"","parallax":"1","fullscreen":"1","layout":"right-sidebar","sidebar":"default-sidebar","second_sidebar":"default-sidebar","sticky_sidebar":"1","share_position":"top","share_float_style":"share-monocrhome","show_share_counter":"1","show_view_counter":"1","show_featured":"1","show_post_meta":"1","show_post_author":"1","show_post_author_image":"1","show_post_date":"1","post_date_format":"default","post_date_format_custom":"Y\/m\/d","show_post_category":"1","show_post_reading_time":"1","post_reading_time_wpm":"300","show_zoom_button":"1","zoom_button_out_step":"2","zoom_button_in_step":"3","show_post_tag":"1","show_prev_next_post":"1","show_popup_post":"1","number_popup_post":"1","show_author_box":"1","show_post_related":"1","show_inline_post_related":"0"}],"override_image_size":"0","image_override":[{"single_post_thumbnail_size":"crop-500","single_post_gallery_size":"crop-500"}],"trending_post":"0","trending_post_position":"meta","trending_post_label":"Trending","sponsored_post":"0","sponsored_post_label":"Sponsored by","sponsored_post_name":"","sponsored_post_url":"","sponsored_post_logo_enable":"0","sponsored_post_logo":"","sponsored_post_desc":"","disable_ad":"0"},"jnews_primary_category":{"id":"","hide":""},"jnews_social_meta":{"fb_title":"","fb_description":"","fb_image":"","twitter_title":"","twitter_description":"","twitter_image":""},"jnews_review":[],"enable_review":"0","type":"percentage","name":"","summary":"","brand":"","sku":"","good":[{"good_text":""}],"bad":[{"bad_text":""}],"score_override":"","override_value":"","rating":[{"rating_text":"","rating_number":"10"}],"price":[{"shop":"","price":"","link":"","icon":""}],"jnews_override_counter":{"override_view_counter":"0","view_counter_number":"0","override_share_counter":"0","share_counter_number":"0","override_like_counter":"0","like_counter_number":"0","override_dislike_counter":"0","dislike_counter_number":"0"},"jnews_post_split":{"enable_post_split":"0","post_split":[{"template":"1","tag":"h2","numbering":"asc","mode":"normal","first":"0","enable_toc":"0","toc_type":"normal"}]},"footnotes":""},"categories":[58],"tags":[44,564,45,1387,3343,780,2503,5273,3574],"class_list":["post-34283","post","type-post","status-publish","format-standard","has-post-thumbnail","hentry","category-argentina","tag-argentina","tag-la-matanza","tag-noticias","tag-paro","tag-paro-de-colectivos","tag-paro-de-transporte","tag-transporte","tag-transporte-publico-2","tag-uta"],"amp_enabled":true,"_links":{"self":[{"href":"https:\/\/esreviral.com\/index.php?rest_route=\/wp\/v2\/posts\/34283"}],"collection":[{"href":"https:\/\/esreviral.com\/index.php?rest_route=\/wp\/v2\/posts"}],"about":[{"href":"https:\/\/esreviral.com\/index.php?rest_route=\/wp\/v2\/types\/post"}],"author":[{"embeddable":true,"href":"https:\/\/esreviral.com\/index.php?rest_route=\/wp\/v2\/users\/3"}],"replies":[{"embeddable":true,"href":"https:\/\/esreviral.com\/index.php?rest_route=%2Fwp%2Fv2%2Fcomments&post=34283"}],"version-history":[{"count":0,"href":"https:\/\/esreviral.com\/index.php?rest_route=\/wp\/v2\/posts\/34283\/revisions"}],"wp:featuredmedia":[{"embeddable":true,"href":"https:\/\/esreviral.com\/index.php?rest_route=\/wp\/v2\/media\/34285"}],"wp:attachment":[{"href":"https:\/\/esreviral.com\/index.php?rest_route=%2Fwp%2Fv2%2Fmedia&parent=34283"}],"wp:term":[{"taxonomy":"category","embeddable":true,"href":"https:\/\/esreviral.com\/index.php?rest_route=%2Fwp%2Fv2%2Fcategories&post=34283"},{"taxonomy":"post_tag","embeddable":true,"href":"https:\/\/esreviral.com\/index.php?rest_route=%2Fwp%2Fv2%2Ftags&post=34283"}],"curies":[{"name":"wp","href":"https:\/\/api.w.org\/{rel}","templated":true}]}}