{"id":34280,"date":"2023-04-04T07:36:56","date_gmt":"2023-04-04T12:36:56","guid":{"rendered":"https:\/\/esreviral.com\/?p=34280"},"modified":"2023-04-04T07:36:56","modified_gmt":"2023-04-04T12:36:56","slug":"alberto-fernandez-en-argentina-hay-medio-millon-de-venezolanos-exiliados-porque-no-se-puede-vivir-en-su-patria","status":"publish","type":"post","link":"https:\/\/esreviral.com\/?p=34280","title":{"rendered":"Alberto Fern\u00e1ndez: \u201cEn Argentina hay medio mill\u00f3n de venezolanos exiliados porque no se puede vivir en su patria\u201d"},"content":{"rendered":"\n<p>El presidente Alberto Fern\u00e1ndez, se refiri\u00f3 este domingo a los venezolanos que residen en Argentina debido a la situaci\u00f3n de Venezuela.<\/p>\n\n\n\n<p>\u201cTodos ac\u00e1 recomendaban que no hablara de Venezuela y que dejara a los venezolanos olvidados en el mundo, cuando, en verdad, tenemos en Argentina medio mill\u00f3n de venezolanos exiliados porque no se puede vivir en su patria\u201d, expres\u00f3 el mandatario en el podcast&nbsp;<em>El m\u00e9todo Rebord.<\/em><\/p>\n\n\n\n<p>Sin embargo, la verdadera cifra reportada por Migraciones Argentina a la ONU es de 220.000 venezolanos para marzo de 2023.<\/p>\n\n\n\n<p>De acuerdo con la Organizaci\u00f3n Internacional para las Migraciones, 174.333 venezolanos residen en Argentina, uno de los flujos de poblaci\u00f3n m\u00e1s din\u00e1micos de los \u00faltimos a\u00f1os en un pa\u00eds hist\u00f3ricamente receptor de migraci\u00f3n.<\/p>\n\n\n\n<p>Fern\u00e1ndez dijo adem\u00e1s que fue \u00e9l mismo quien le solicit\u00f3 al presidente de Estados Unidos, Joe Biden, que modificara el tono de su discurso hacia Am\u00e9rica Latina y levantara los \u201cbloqueos\u201d (las sanciones).<\/p>\n\n\n\n<p>\u201c\u00bfQui\u00e9n fue a la Cumbre de las Am\u00e9ricas y le dijo a Biden?: \u2018Por favor, cambien la actitud con Am\u00e9rica del Sur y con Am\u00e9rica Latina porque ustedes no est\u00e1n port\u00e1ndose bien con Am\u00e9rica Latina. Paren los bloqueos con Cuba y Venezuela\u2019. \u00bfQui\u00e9n hizo eso? Alberto Fern\u00e1ndez\u201d, dijo el gobernante argentino.<\/p>\n\n\n\n<p class=\"has-text-align-right\"><strong><em>ElNacional.-<\/em><\/strong><\/p>\n","protected":false},"excerpt":{"rendered":"<p>El presidente argentino record\u00f3 que le pidi\u00f3 a Joe Biden levantar las sanciones contra Venezuela<\/p>\n","protected":false},"author":3,"featured_media":34281,"comment_status":"open","ping_status":"closed","sticky":false,"template":"","format":"standard","meta":{"jnews-multi-image_gallery":[],"jnews_single_post":{"subtitle":"","format":"standard","video":"","gallery":"","source_name":"","source_url":"","via_name":"","via_url":"","override_template":"0","override":[{"template":"4","single_blog_custom":"","parallax":"1","fullscreen":"1","layout":"right-sidebar","sidebar":"default-sidebar","second_sidebar":"default-sidebar","sticky_sidebar":"1","share_position":"top","share_float_style":"share-monocrhome","show_share_counter":"1","show_view_counter":"1","show_featured":"1","show_post_meta":"1","show_post_author":"1","show_post_author_image":"1","show_post_date":"1","post_date_format":"default","post_date_format_custom":"Y\/m\/d","show_post_category":"1","show_post_reading_time":"1","post_reading_time_wpm":"300","show_zoom_button":"1","zoom_button_out_step":"2","zoom_button_in_step":"3","show_post_tag":"1","show_prev_next_post":"1","show_popup_post":"1","number_popup_post":"1","show_author_box":"1","show_post_related":"1","show_inline_post_related":"0"}],"override_image_size":"0","image_override":[{"single_post_thumbnail_size":"crop-500","single_post_gallery_size":"crop-500"}],"trending_post":"0","trending_post_position":"meta","trending_post_label":"Trending","sponsored_post":"0","sponsored_post_label":"Sponsored by","sponsored_post_name":"","sponsored_post_url":"","sponsored_post_logo_enable":"0","sponsored_post_logo":"","sponsored_post_desc":"","disable_ad":"0"},"jnews_primary_category":{"id":"","hide":""},"jnews_social_meta":{"fb_title":"","fb_description":"","fb_image":"","twitter_title":"","twitter_description":"","twitter_image":""},"jnews_review":[],"enable_review":"0","type":"percentage","name":"","summary":"","brand":"","sku":"","good":[{"good_text":""}],"bad":[{"bad_text":""}],"score_override":"","override_value":"","rating":[{"rating_text":"","rating_number":"10"}],"price":[{"shop":"","price":"","link":"","icon":""}],"jnews_override_counter":{"override_view_counter":"0","view_counter_number":"0","override_share_counter":"0","share_counter_number":"0","override_like_counter":"0","like_counter_number":"0","override_dislike_counter":"0","dislike_counter_number":"0"},"jnews_post_split":{"enable_post_split":"0","post_split":[{"template":"1","tag":"h2","numbering":"asc","mode":"normal","first":"0","enable_toc":"0","toc_type":"normal"}]},"footnotes":""},"categories":[59],"tags":[86,44,3090,4573,45,4447],"class_list":["post-34280","post","type-post","status-publish","format-standard","has-post-thumbnail","hentry","category-politica","tag-alberto-fernandez","tag-argentina","tag-crisis-en-venezuela","tag-migracion","tag-noticias","tag-presidente-alberto-fernandez"],"amp_enabled":true,"_links":{"self":[{"href":"https:\/\/esreviral.com\/index.php?rest_route=\/wp\/v2\/posts\/34280"}],"collection":[{"href":"https:\/\/esreviral.com\/index.php?rest_route=\/wp\/v2\/posts"}],"about":[{"href":"https:\/\/esreviral.com\/index.php?rest_route=\/wp\/v2\/types\/post"}],"author":[{"embeddable":true,"href":"https:\/\/esreviral.com\/index.php?rest_route=\/wp\/v2\/users\/3"}],"replies":[{"embeddable":true,"href":"https:\/\/esreviral.com\/index.php?rest_route=%2Fwp%2Fv2%2Fcomments&post=34280"}],"version-history":[{"count":0,"href":"https:\/\/esreviral.com\/index.php?rest_route=\/wp\/v2\/posts\/34280\/revisions"}],"wp:featuredmedia":[{"embeddable":true,"href":"https:\/\/esreviral.com\/index.php?rest_route=\/wp\/v2\/media\/34281"}],"wp:attachment":[{"href":"https:\/\/esreviral.com\/index.php?rest_route=%2Fwp%2Fv2%2Fmedia&parent=34280"}],"wp:term":[{"taxonomy":"category","embeddable":true,"href":"https:\/\/esreviral.com\/index.php?rest_route=%2Fwp%2Fv2%2Fcategories&post=34280"},{"taxonomy":"post_tag","embeddable":true,"href":"https:\/\/esreviral.com\/index.php?rest_route=%2Fwp%2Fv2%2Ftags&post=34280"}],"curies":[{"name":"wp","href":"https:\/\/api.w.org\/{rel}","templated":true}]}}