{"id":34172,"date":"2023-04-03T08:33:23","date_gmt":"2023-04-03T13:33:23","guid":{"rendered":"https:\/\/esreviral.com\/?p=34172"},"modified":"2023-04-03T09:05:37","modified_gmt":"2023-04-03T14:05:37","slug":"shakira-y-pique-protagonizan-una-nueva-pelea-en-las-redes-sociales-por-una-posible-xenofobia","status":"publish","type":"post","link":"https:\/\/esreviral.com\/?p=34172","title":{"rendered":"Shakira y Piqu\u00e9 protagonizan una nueva pelea en las redes sociales por una posible xenofobia"},"content":{"rendered":"\n<p><strong>Gerard Piqu\u00e9<\/strong>&nbsp;volvi\u00f3 a quedar en el centro de una nueva pelea tras expresar una<strong>&nbsp;desafortunada frase sobre&nbsp;Shakira<\/strong>. Todo sucedi\u00f3 durante una entrevista en la que el exfutbolista explic\u00f3&nbsp;<strong>c\u00f3mo enfrenta las cr\u00edticas<\/strong>&nbsp;que recibi\u00f3 durante este \u00faltimo tiempo por parte de los fan\u00e1ticos de su exesposa.<\/p>\n\n\n\n<p>El conflicto apareci\u00f3 porque el exjugador del Barcelona se refiri\u00f3 de manera despectiva y xen\u00f3foba a la nacionalidad de la cantante colombiana y de sus seguidores. \u201c<strong>Mi expareja es latinoamericana<\/strong>, no sabes lo que llegu\u00e9 a recibir por redes sociales de gente que es fan de ella&#8230;\u201d, expres\u00f3 \u00e9l en di\u00e1logo con el periodista deportivo Gerard Romero para&nbsp;<em>Jijantes<\/em>.<\/p>\n\n\n\n<p>Sobre este tema, remarc\u00f3: \u201c<strong>No me importa nada, es cero, es gente que no tiene vida<\/strong>. \u00bfQu\u00e9 importancia les tienes que dar? Es que es cero, no los vas a conocer nunca en la vida, son como robots\u201d. Adem\u00e1s, las cr\u00edticas se incrementaron luego del lanzamiento de la<strong>&nbsp;BZRP Music Sessions #53<\/strong>, la canci\u00f3n en la que Shakira habl\u00f3 de la ruptura amorosa y el v\u00ednculo de Gerard con Clara Ch\u00eda Marti.<\/p>\n\n\n\n<figure class=\"wp-block-image size-full\"><img fetchpriority=\"high\" decoding=\"async\" width=\"950\" height=\"475\" src=\"https:\/\/esreviral.com\/wp-content\/uploads\/2023\/04\/AnyConv.com__63d95e791cfc9.r_1680437841887.0-179-571-464.webp\" alt=\"\" class=\"wp-image-34174\" srcset=\"https:\/\/esreviral.com\/wp-content\/uploads\/2023\/04\/AnyConv.com__63d95e791cfc9.r_1680437841887.0-179-571-464.webp 950w, https:\/\/esreviral.com\/wp-content\/uploads\/2023\/04\/AnyConv.com__63d95e791cfc9.r_1680437841887.0-179-571-464-300x150.webp 300w, https:\/\/esreviral.com\/wp-content\/uploads\/2023\/04\/AnyConv.com__63d95e791cfc9.r_1680437841887.0-179-571-464-768x384.webp 768w, https:\/\/esreviral.com\/wp-content\/uploads\/2023\/04\/AnyConv.com__63d95e791cfc9.r_1680437841887.0-179-571-464-360x180.webp 360w, https:\/\/esreviral.com\/wp-content\/uploads\/2023\/04\/AnyConv.com__63d95e791cfc9.r_1680437841887.0-179-571-464-750x375.webp 750w\" sizes=\"(max-width: 950px) 100vw, 950px\" \/><\/figure>\n\n\n\n<p>Fue as\u00ed que Piqu\u00e9 se refiri\u00f3 a los fans de la cantante de Barranquilla con un tono despectivo al expresar que su expareja \u201ces latinoamericana\u201d y que por eso recibe una gran cantidad de mensajes negativos. Sin embargo, enfatiz\u00f3 en que decide ignorar todo lo que le llega: \u201cEs mentalmente muy sano, porque si les das importancia est\u00e1s muerto\u201d.<\/p>\n\n\n\n<p><strong><mark style=\"background-color:rgba(0, 0, 0, 0)\" class=\"has-inline-color has-vivid-red-color\">Shakira se defendi\u00f3 tras el comentario xen\u00f3fobo de Piqu\u00e9<\/mark><\/strong><\/p>\n\n\n\n<p><strong>\u201cOrgullosa de ser Latinoamericana\u201d,<\/strong>\u00a0poste\u00f3 en Twitter la colombiana, saltando en defensa de sus ra\u00edces y fan\u00e1ticos.<\/p>\n\n\n\n<figure class=\"wp-block-embed is-type-rich is-provider-twitter wp-block-embed-twitter\"><div class=\"wp-block-embed__wrapper\">\n<blockquote class=\"twitter-tweet\" data-width=\"500\" data-dnt=\"true\"><p lang=\"es\" dir=\"ltr\">Orgullosa de ser Latinoamericana. <br>\ud83c\udde7\ud83c\uddff\ud83c\udde8\ud83c\uddf7\ud83c\uddf8\ud83c\uddfb\ud83c\uddec\ud83c\uddf9\ud83c\udded\ud83c\uddf3\ud83c\uddf2\ud83c\uddfd\ud83c\uddf3\ud83c\uddee\ud83c\uddf5\ud83c\udde6\ud83c\udde6\ud83c\uddf7\ud83c\udde7\ud83c\uddf4\ud83c\udde7\ud83c\uddf7\ud83c\udde8\ud83c\uddf1\ud83c\udde8\ud83c\uddf4\ud83c\uddea\ud83c\udde8\ud83c\uddec\ud83c\uddeb\ud83c\uddec\ud83c\uddfe\ud83c\uddf5\ud83c\uddfe\ud83c\uddf5\ud83c\uddea\ud83c\uddf8\ud83c\uddf7\ud83c\uddfa\ud83c\uddfe\ud83c\uddfb\ud83c\uddea\ud83c\udde8\ud83c\uddfa\ud83c\udde9\ud83c\uddf4\ud83c\udded\ud83c\uddf9\ud83c\uddec\ud83c\uddf5\ud83c\uddf2\ud83c\uddf6\ud83c\uddf5\ud83c\uddf7\ud83c\udde7\ud83c\uddf1\ud83c\uddf8\ud83c\uddfd<\/p>&mdash; Shakira (@shakira) <a href=\"https:\/\/twitter.com\/shakira\/status\/1642707164866265089?ref_src=twsrc%5Etfw\">April 3, 2023<\/a><\/blockquote><script async src=\"https:\/\/platform.twitter.com\/widgets.js\" charset=\"utf-8\"><\/script>\n<\/div><\/figure>\n\n\n\n<p><\/p>\n\n\n\n<p>El tweet estuvo acompa\u00f1ado de las respectivas banderas de los pa\u00edses latinoamericanos y tuvo un impacto Re Viral.<\/p>\n\n\n\n<p class=\"has-text-align-right\"> <strong><em>TN .-<\/em><\/strong><\/p>\n","protected":false},"excerpt":{"rendered":"<p>El exfutbolista se refiri\u00f3 a las cr\u00edticas que recibe de los fan\u00e1ticos de la cantante y lanz\u00f3 una brutal frase sobre la nacionalidad de su expesposa.<\/p>\n","protected":false},"author":3,"featured_media":34177,"comment_status":"open","ping_status":"closed","sticky":false,"template":"","format":"standard","meta":{"jnews-multi-image_gallery":[],"jnews_single_post":{"subtitle":"","format":"standard","video":"","gallery":"","source_name":"","source_url":"","via_name":"","via_url":"","override_template":"0","override":[{"template":"4","single_blog_custom":"","parallax":"1","fullscreen":"1","layout":"right-sidebar","sidebar":"default-sidebar","second_sidebar":"default-sidebar","sticky_sidebar":"1","share_position":"top","share_float_style":"share-monocrhome","show_share_counter":"1","show_view_counter":"1","show_featured":"1","show_post_meta":"1","show_post_author":"1","show_post_author_image":"1","show_post_date":"1","post_date_format":"default","post_date_format_custom":"Y\/m\/d","show_post_category":"1","show_post_reading_time":"1","post_reading_time_wpm":"300","show_zoom_button":"1","zoom_button_out_step":"2","zoom_button_in_step":"3","show_post_tag":"1","show_prev_next_post":"1","show_popup_post":"1","number_popup_post":"1","show_author_box":"1","show_post_related":"1","show_inline_post_related":"0"}],"override_image_size":"0","image_override":[{"single_post_thumbnail_size":"crop-500","single_post_gallery_size":"crop-500"}],"trending_post":"0","trending_post_position":"meta","trending_post_label":"Trending","sponsored_post":"0","sponsored_post_label":"Sponsored by","sponsored_post_name":"","sponsored_post_url":"","sponsored_post_logo_enable":"0","sponsored_post_logo":"","sponsored_post_desc":"","disable_ad":"0"},"jnews_primary_category":{"id":"","hide":""},"jnews_social_meta":{"fb_title":"","fb_description":"","fb_image":"","twitter_title":"","twitter_description":"","twitter_image":""},"jnews_review":[],"enable_review":"0","type":"percentage","name":"","summary":"","brand":"","sku":"","good":[{"good_text":""}],"bad":[{"bad_text":""}],"score_override":"","override_value":"","rating":[{"rating_text":"","rating_number":"10"}],"price":[{"shop":"","price":"","link":"","icon":""}],"jnews_override_counter":{"override_view_counter":"0","view_counter_number":"0","override_share_counter":"0","share_counter_number":"0","override_like_counter":"0","like_counter_number":"0","override_dislike_counter":"0","dislike_counter_number":"0"},"jnews_post_split":{"enable_post_split":"0","post_split":[{"template":"1","tag":"h2","numbering":"asc","mode":"normal","first":"0","enable_toc":"0","toc_type":"normal"}]},"footnotes":""},"categories":[50],"tags":[8502,8503,2451,2773,45,8504,1714,537,7502,323],"class_list":["post-34172","post","type-post","status-publish","format-standard","has-post-thumbnail","hentry","category-entretenimiento","tag-cantante-colombiana-shakira","tag-exjugador-del-barcelona","tag-gerard-pique","tag-latinoamerica","tag-noticias","tag-pelea-en-las-redes-sociales","tag-redes-sociales","tag-shakira","tag-shakira-y-pique","tag-xenofobia"],"_links":{"self":[{"href":"https:\/\/esreviral.com\/index.php?rest_route=\/wp\/v2\/posts\/34172","targetHints":{"allow":["GET"]}}],"collection":[{"href":"https:\/\/esreviral.com\/index.php?rest_route=\/wp\/v2\/posts"}],"about":[{"href":"https:\/\/esreviral.com\/index.php?rest_route=\/wp\/v2\/types\/post"}],"author":[{"embeddable":true,"href":"https:\/\/esreviral.com\/index.php?rest_route=\/wp\/v2\/users\/3"}],"replies":[{"embeddable":true,"href":"https:\/\/esreviral.com\/index.php?rest_route=%2Fwp%2Fv2%2Fcomments&post=34172"}],"version-history":[{"count":0,"href":"https:\/\/esreviral.com\/index.php?rest_route=\/wp\/v2\/posts\/34172\/revisions"}],"wp:featuredmedia":[{"embeddable":true,"href":"https:\/\/esreviral.com\/index.php?rest_route=\/wp\/v2\/media\/34177"}],"wp:attachment":[{"href":"https:\/\/esreviral.com\/index.php?rest_route=%2Fwp%2Fv2%2Fmedia&parent=34172"}],"wp:term":[{"taxonomy":"category","embeddable":true,"href":"https:\/\/esreviral.com\/index.php?rest_route=%2Fwp%2Fv2%2Fcategories&post=34172"},{"taxonomy":"post_tag","embeddable":true,"href":"https:\/\/esreviral.com\/index.php?rest_route=%2Fwp%2Fv2%2Ftags&post=34172"}],"curies":[{"name":"wp","href":"https:\/\/api.w.org\/{rel}","templated":true}]}}