{"id":34133,"date":"2023-04-03T07:16:36","date_gmt":"2023-04-03T12:16:36","guid":{"rendered":"https:\/\/esreviral.com\/?p=34133"},"modified":"2023-04-03T07:31:28","modified_gmt":"2023-04-03T12:31:28","slug":"murio-atropellado-cuando-cruzaba-la-avenida-para-ir-hacia-su-auto-estacionado","status":"publish","type":"post","link":"https:\/\/esreviral.com\/?p=34133","title":{"rendered":"Muri\u00f3 atropellado cuando cruzaba la avenida para ir hacia su auto estacionado"},"content":{"rendered":"\n<p>Un hombre muri\u00f3 ayer a la madrugada en Palermo al ser atropellado por un auto que transitaba por la avenida Figueroa Alcorta, a metros del cruce con Dorrego, en sentido hacia el norte. La v\u00edctima mortal estaba cruzando a pie la avenida en busca de su auto estacionado cuando fue arrollada. El automovilista qued\u00f3 detenido por homicidio culposo y al momento del accidente no estaba bajo los efectos del alcohol ni de drogas. Se har\u00e1n peritajes para determinar a qu\u00e9 velocidad circulaba; el auto que conduc\u00eda tiene m\u00e1s de 40 multas por exceso de velocidad y mal estacionamiento.<\/p>\n\n\n\n<p>Efectivos de la Comisar\u00eda Vecinal 14 C tomaron conocimiento de que a las 4:40hrs de ayer un Renault Sandero hab\u00eda embestido a un peat\u00f3n que cruzaba la avenida a pie y luego, fuera de control, impact\u00f3 contra tres veh\u00edculos.<\/p>\n\n\n\n<p>Producto del choque, la persona atropellada \u2013identificada como Mateo Fernando Torres Mantykow\u2013 falleci\u00f3 en el lugar, seg\u00fan constat\u00f3 personal del Servicio de Asistencia M\u00e9dica de Emergencias (SAME).<\/p>\n\n\n\n<p>Lea tambi\u00e9n: <\/p>\n\n\n\n<p>Seg\u00fan las primeras evidencias obtenidas por la polic\u00eda, la v\u00edctima hab\u00eda dejado estacionado su Ford Focus junto a una de las aceras de las plazoletas que, a esa altura de la traza, flanquean la avenida Figueroa Alcorta. Habr\u00eda sido arrollada cuando intent\u00f3 regresar a su auto.<\/p>\n\n\n\n<p>El conductor del Sandero, identificado como Nicol\u00e1s Ezequiel Garc\u00eda Dentone y domiciliado en el partido de Vicente L\u00f3pez, fue detenido por la Polic\u00eda de la Ciudad y puesto a disposici\u00f3n del Juzgado en lo Criminal y Correccional N\u00b0 10, a cargo del juez Fernando Mario Caunedo.<\/p>\n\n\n\n<p>Desde el juzgado se orden\u00f3 la realizaci\u00f3n en el lugar del hecho del an\u00e1lisis de alcoholemia y del narcotest. Ambos dieron resultado negativo, seg\u00fan informaron fuentes de la investigaci\u00f3n.<\/p>\n\n\n\n<p><strong><mark style=\"background-color:rgba(0, 0, 0, 0)\" class=\"has-inline-color has-vivid-red-color\">Decenas de infracciones<\/mark><\/strong><\/p>\n\n\n\n<p>Luego del incidente mortal, las autoridades cotejaron los registros viales para conocer los antecedentes de Garc\u00eda Dentone.<\/p>\n\n\n\n<p>El veh\u00edculo involucrado en el mortal incidente vial acumula, desde 2019, 40 multas por mal estacionamiento y por exceso de velocidad en la ciudad de Buenos Aires. Adem\u00e1s, en la provincia de Buenos Aires ese mismo rodado tiene, desde 2022, cuatro actas de infracci\u00f3n de tr\u00e1nsito \u201cpor no respetar los l\u00edmites reglamentarios de velocidad previstos\u201d, seg\u00fan se visualiza en el sitio de la Subsecretar\u00eda de Pol\u00edtica y Seguridad Vial Buenos Aires Provincia.<\/p>\n\n\n\n<p>En la misma zona donde ayer a la madrugada se produjo el letal siniestro, el 2 de enero de 2022 una ciclista falleci\u00f3 tras ser atropellada por un Ford Focus rojo, cuyo conductor, identificado luego como Jos\u00e9 Carlos Olaya Gonz\u00e1lez \u2013que ten\u00eda 32 a\u00f1os de edad en el momento del hecho\u2013 escap\u00f3 a bordo de un Jeep de color negro hasta que poco despu\u00e9s pudo ser interceptado por personal policial en el partido de Avellaneda.<\/p>\n\n\n\n<p>El Focus, fuera de control, se hab\u00eda subido a una de las veredas de Figueroa Alcorta cuando varias personas corr\u00edan o paseaban en bicicleta; de hecho, otros cinco ciclistas sufrieron heridas leves.<\/p>\n\n\n\n<p>\u201cNo sal\u00ed a matar, me qued\u00e9 dormido. Pido perd\u00f3n a la v\u00edctima y a su familia\u201d, dijo Olaya Gonz\u00e1lez al leer una declaraci\u00f3n ante la jueza en lo Penal, Contravencional y de Faltas porte\u00f1a Patricia Larocca, que lo indag\u00f3 por el homicidio simple con dolo eventual de Marcela Claudia Bimonte, de 62 a\u00f1os<\/p>\n\n\n\n<p>Lea tambi\u00e9n: <\/p>\n\n\n\n<p class=\"has-text-align-right\"><strong><em>LN.-<\/em><\/strong><\/p>\n","protected":false},"excerpt":{"rendered":"<p>El incidente vial ocurri\u00f3 a la madrugada, en la avenida Figueroa Alcorta y Dorrego; el causante de la tragedia qued\u00f3 detenido; dio negativo a los tests de alcoholemia y de drogas<\/p>\n","protected":false},"author":3,"featured_media":34135,"comment_status":"open","ping_status":"closed","sticky":false,"template":"","format":"standard","meta":{"jnews-multi-image_gallery":[],"jnews_single_post":{"subtitle":"","format":"standard","video":"","gallery":"","source_name":"","source_url":"","via_name":"","via_url":"","override_template":"0","override":[{"template":"4","single_blog_custom":"","parallax":"1","fullscreen":"1","layout":"right-sidebar","sidebar":"default-sidebar","second_sidebar":"default-sidebar","sticky_sidebar":"1","share_position":"top","share_float_style":"share-monocrhome","show_share_counter":"1","show_view_counter":"1","show_featured":"1","show_post_meta":"1","show_post_author":"1","show_post_author_image":"1","show_post_date":"1","post_date_format":"default","post_date_format_custom":"Y\/m\/d","show_post_category":"1","show_post_reading_time":"1","post_reading_time_wpm":"300","show_zoom_button":"1","zoom_button_out_step":"2","zoom_button_in_step":"3","show_post_tag":"1","show_prev_next_post":"1","show_popup_post":"1","number_popup_post":"1","show_author_box":"1","show_post_related":"1","show_inline_post_related":"0"}],"override_image_size":"0","image_override":[{"single_post_thumbnail_size":"crop-500","single_post_gallery_size":"crop-500"}],"trending_post":"0","trending_post_position":"meta","trending_post_label":"Trending","sponsored_post":"0","sponsored_post_label":"Sponsored by","sponsored_post_name":"","sponsored_post_url":"","sponsored_post_logo_enable":"0","sponsored_post_logo":"","sponsored_post_desc":"","disable_ad":"0"},"jnews_primary_category":{"id":"","hide":""},"jnews_social_meta":{"fb_title":"","fb_description":"","fb_image":"","twitter_title":"","twitter_description":"","twitter_image":""},"jnews_review":[],"enable_review":"0","type":"percentage","name":"","summary":"","brand":"","sku":"","good":[{"good_text":""}],"bad":[{"bad_text":""}],"score_override":"","override_value":"","rating":[{"rating_text":"","rating_number":"10"}],"price":[{"shop":"","price":"","link":"","icon":""}],"jnews_override_counter":{"override_view_counter":"0","view_counter_number":"0","override_share_counter":"0","share_counter_number":"0","override_like_counter":"0","like_counter_number":"0","override_dislike_counter":"0","dislike_counter_number":"0"},"jnews_post_split":{"enable_post_split":"0","post_split":[{"template":"1","tag":"h2","numbering":"asc","mode":"normal","first":"0","enable_toc":"0","toc_type":"normal"}]},"footnotes":""},"categories":[58,64],"tags":[2123,44,8496,8497,6602,45,784,4039],"class_list":["post-34133","post","type-post","status-publish","format-standard","has-post-thumbnail","hentry","category-argentina","category-sucesos","tag-accidente-en-palermo","tag-argentina","tag-atropellado-por-un-auto","tag-avenida-figueroa-alcorta","tag-homicidio-culposo","tag-noticias","tag-palermo","tag-policia-de-la-ciudad-3"],"amp_enabled":true,"_links":{"self":[{"href":"https:\/\/esreviral.com\/index.php?rest_route=\/wp\/v2\/posts\/34133"}],"collection":[{"href":"https:\/\/esreviral.com\/index.php?rest_route=\/wp\/v2\/posts"}],"about":[{"href":"https:\/\/esreviral.com\/index.php?rest_route=\/wp\/v2\/types\/post"}],"author":[{"embeddable":true,"href":"https:\/\/esreviral.com\/index.php?rest_route=\/wp\/v2\/users\/3"}],"replies":[{"embeddable":true,"href":"https:\/\/esreviral.com\/index.php?rest_route=%2Fwp%2Fv2%2Fcomments&post=34133"}],"version-history":[{"count":0,"href":"https:\/\/esreviral.com\/index.php?rest_route=\/wp\/v2\/posts\/34133\/revisions"}],"wp:featuredmedia":[{"embeddable":true,"href":"https:\/\/esreviral.com\/index.php?rest_route=\/wp\/v2\/media\/34135"}],"wp:attachment":[{"href":"https:\/\/esreviral.com\/index.php?rest_route=%2Fwp%2Fv2%2Fmedia&parent=34133"}],"wp:term":[{"taxonomy":"category","embeddable":true,"href":"https:\/\/esreviral.com\/index.php?rest_route=%2Fwp%2Fv2%2Fcategories&post=34133"},{"taxonomy":"post_tag","embeddable":true,"href":"https:\/\/esreviral.com\/index.php?rest_route=%2Fwp%2Fv2%2Ftags&post=34133"}],"curies":[{"name":"wp","href":"https:\/\/api.w.org\/{rel}","templated":true}]}}