{"id":34129,"date":"2023-04-03T07:13:58","date_gmt":"2023-04-03T12:13:58","guid":{"rendered":"https:\/\/esreviral.com\/?p=34129"},"modified":"2023-04-03T09:30:15","modified_gmt":"2023-04-03T14:30:15","slug":"mira-el-video-de-como-mataron-a-un-chofer-de-colectivos-esta-madrugada","status":"publish","type":"post","link":"https:\/\/esreviral.com\/?p=34129","title":{"rendered":"Mira el video de c\u00f3mo mataron a un chofer de colectivos, esta madrugada"},"content":{"rendered":"\n<p><strong>En la madrugada de este lunes asesinaron a un compa\u00f1ero de la l\u00ednea 620,  en La Matanza. Dicha l\u00ednea tiene un gran recorrido en el gran&nbsp;Buenos Aires.&nbsp;<\/strong>Tras el hecho de violencia, se encuentran de paro las l\u00edneas <strong>1, 2, 4, 46, 53, 55, 63, 86, 88, 96, 97, 103, 113, 123, 126, 136, 153, 163, 166, 172, 174, 180, 182, 185, 193, 205, 218, 236, 237, 238, 242, 244, 252, 253, 263, 266, 269, 276, 284, 288, 297, 298, 302, 303, 311, 312, 314, 317, 320, 321, 322, 325, 326, 327, 329, 336, 338, 350, 355, 378, 382, 390, 395, 406, 410, 422, 429, 441, 443, 461, 462, 463, 464, 500 Merlo y Rodriguez, 503, 504, 620,621, 622, 624, 628, 634, 635.<\/strong><\/p>\n\n\n\n<p>Mientras que en <a href=\"https:\/\/esreviral.com\/enfotos-vecinos-y-choferes-claman-seguridad-por-lo-que-cierran-la-autopista-general-paz\/\">la autopista General Paz a la altura de Alberdi protestan los compa\u00f1eros de la v\u00edctima<\/a> quienes reclaman mayor seguridad. <\/p>\n\n\n\n<p>Lea tambi\u00e9n: <\/p>\n\n\n\n<p>Seg\u00fan lo informado, el colectivero identificado como Pedro Daniel Barrientos,  hac\u00eda poquito hab\u00eda empezado su recorrido, y luego de subir a un par de hombres quisieron robar el transporte p\u00fablico y como iba un funcionario policial a bordo, sac\u00f3 su arma de reglamento, le dio la voz de alto a la cual hicieron caso omiso, por lo que se gener\u00f3 un tiroteo en el que mataron al chofer. <\/p>\n\n\n\n<p><strong>La v\u00edctima, Daniel Barrientos, ten\u00eda 65 a\u00f1os y estaba pr\u00f3ximo a jubilarse.&nbsp;<\/strong><\/p>\n\n\n\n<p><\/p>\n\n\n\n<figure class=\"wp-block-embed is-type-rich is-provider-twitter wp-block-embed-twitter\"><div class=\"wp-block-embed__wrapper\">\nhttps:\/\/twitter.com\/esreviral\/status\/1642861978166198277\n<\/div><\/figure>\n","protected":false},"excerpt":{"rendered":"<p>En la madrugada de este lunes asesinaron a un compa\u00f1ero de la l\u00ednea 620, en La Matanza. Dicha l\u00ednea tiene un gran recorrido en el gran&nbsp;Buenos Aires.&nbsp;Tras el hecho de violencia, se encuentran de paro las l\u00edneas 1, 2, 4, 46, 53, 55, 63, 86, 88, 96, 97, 103, 113, 123, 126, 136, 153, 163, [&hellip;]<\/p>\n","protected":false},"author":2,"featured_media":34131,"comment_status":"open","ping_status":"closed","sticky":false,"template":"","format":"standard","meta":{"jnews-multi-image_gallery":[],"jnews_single_post":{"subtitle":"","format":"standard","video":"","gallery":"","source_name":"","source_url":"","via_name":"","via_url":"","override_template":"0","override":[{"template":"4","single_blog_custom":"","parallax":"1","fullscreen":"1","layout":"right-sidebar","sidebar":"default-sidebar","second_sidebar":"default-sidebar","sticky_sidebar":"1","share_position":"top","share_float_style":"share-monocrhome","show_share_counter":"1","show_view_counter":"1","show_featured":"1","show_post_meta":"1","show_post_author":"1","show_post_author_image":"1","show_post_date":"1","post_date_format":"default","post_date_format_custom":"Y\/m\/d","show_post_category":"1","show_post_reading_time":"1","post_reading_time_wpm":"300","show_zoom_button":"1","zoom_button_out_step":"2","zoom_button_in_step":"3","show_post_tag":"1","show_prev_next_post":"1","show_popup_post":"1","number_popup_post":"1","show_author_box":"1","show_post_related":"1","show_inline_post_related":"0"}],"override_image_size":"0","image_override":[{"single_post_thumbnail_size":"crop-500","single_post_gallery_size":"crop-500"}],"trending_post":"0","trending_post_position":"meta","trending_post_label":"Trending","sponsored_post":"0","sponsored_post_label":"Sponsored by","sponsored_post_name":"","sponsored_post_url":"","sponsored_post_logo_enable":"0","sponsored_post_logo":"","sponsored_post_desc":"","disable_ad":"0"},"jnews_primary_category":{"id":"","hide":""},"jnews_social_meta":{"fb_title":"","fb_description":"","fb_image":"","twitter_title":"","twitter_description":"","twitter_image":""},"jnews_review":[],"enable_review":"0","type":"percentage","name":"","summary":"","brand":"","sku":"","good":[{"good_text":""}],"bad":[{"bad_text":""}],"score_override":"","override_value":"","rating":[{"rating_text":"","rating_number":"10"}],"price":[{"shop":"","price":"","link":"","icon":""}],"jnews_override_counter":{"override_view_counter":"0","view_counter_number":"0","override_share_counter":"0","share_counter_number":"0","override_like_counter":"0","like_counter_number":"0","override_dislike_counter":"0","dislike_counter_number":"0"},"jnews_post_split":{"enable_post_split":"0","post_split":[{"template":"1","tag":"h2","numbering":"asc","mode":"normal","first":"0","enable_toc":"0","toc_type":"normal"}]},"footnotes":""},"categories":[64],"tags":[44,8495,281,940,65],"class_list":["post-34129","post","type-post","status-publish","format-standard","has-post-thumbnail","hentry","category-sucesos","tag-argentina","tag-asesinaron-a-chofer","tag-asesinato","tag-inseguridad","tag-sucesos"],"amp_enabled":true,"_links":{"self":[{"href":"https:\/\/esreviral.com\/index.php?rest_route=\/wp\/v2\/posts\/34129"}],"collection":[{"href":"https:\/\/esreviral.com\/index.php?rest_route=\/wp\/v2\/posts"}],"about":[{"href":"https:\/\/esreviral.com\/index.php?rest_route=\/wp\/v2\/types\/post"}],"author":[{"embeddable":true,"href":"https:\/\/esreviral.com\/index.php?rest_route=\/wp\/v2\/users\/2"}],"replies":[{"embeddable":true,"href":"https:\/\/esreviral.com\/index.php?rest_route=%2Fwp%2Fv2%2Fcomments&post=34129"}],"version-history":[{"count":0,"href":"https:\/\/esreviral.com\/index.php?rest_route=\/wp\/v2\/posts\/34129\/revisions"}],"wp:featuredmedia":[{"embeddable":true,"href":"https:\/\/esreviral.com\/index.php?rest_route=\/wp\/v2\/media\/34131"}],"wp:attachment":[{"href":"https:\/\/esreviral.com\/index.php?rest_route=%2Fwp%2Fv2%2Fmedia&parent=34129"}],"wp:term":[{"taxonomy":"category","embeddable":true,"href":"https:\/\/esreviral.com\/index.php?rest_route=%2Fwp%2Fv2%2Fcategories&post=34129"},{"taxonomy":"post_tag","embeddable":true,"href":"https:\/\/esreviral.com\/index.php?rest_route=%2Fwp%2Fv2%2Ftags&post=34129"}],"curies":[{"name":"wp","href":"https:\/\/api.w.org\/{rel}","templated":true}]}}