{"id":33980,"date":"2023-03-30T09:14:19","date_gmt":"2023-03-30T14:14:19","guid":{"rendered":"https:\/\/esreviral.com\/?p=33980"},"modified":"2023-03-30T09:22:58","modified_gmt":"2023-03-30T14:22:58","slug":"una-mujer-murio-al-caer-del-sexto-piso-de-un-edificio-en-retiro","status":"publish","type":"post","link":"https:\/\/esreviral.com\/?p=33980","title":{"rendered":"Una mujer muri\u00f3 al caer del sexto piso de un edificio en Retiro"},"content":{"rendered":"\n<p>Una mujer muri\u00f3 este jueves al caer del sexto piso de un edificio ubicado en Libertad al 1500, en Retiro. Se investigan las causas.<\/p>\n\n\n\n<p>Seg\u00fan precisaron las fuentes al portal web\u00a0<strong>Clar\u00edn<\/strong>, la mujer muri\u00f3 en el lugar, cuando los bomberos la asist\u00edan para trasladarla al Hospital Fern\u00e1ndez.<\/p>\n\n\n\n<p>El parte policial informa que personal de la Comisar\u00eda Vecinal 1 A de la Polic\u00eda de la Ciudad acudi\u00f3 al edificio en la calle Libertad luego de un llamado al 911 en el que se denunci\u00f3 que \u00abhab\u00eda una persona alterada\u00bb en el sexto piso. Pero aclara que inmediatamente aducen que \u00abse hab\u00eda arrojado desde esa planta al vac\u00edo\u00bb.<\/p>\n\n\n\n<p>Alberto Crescenti, titular del SAME, confirm\u00f3 que al llegar la ambulancia, siete minutos despu\u00e9s del aviso desde la central, \u00abla mujer presentaba lesiones incompatibles con la vida\u00bb.<\/p>\n\n\n\n<p>\u00abPor alta valencia social se la traslad\u00f3 en ambulancia, pero ya estaba muerta la mujer\u00bb, remarc\u00f3 Crescenti en di\u00e1logo con TN.<\/p>\n\n\n\n<p>A su vez, remarc\u00f3 que la persona fallecida estaba en un patio interno del edificio al que la m\u00e9dica del SAME que acudi\u00f3 al lugar tuvo que acceder atravesando una ventana. \u00abEra una mujer de aproximadamente 28 a\u00f1os\u00bb, afirm\u00f3.<\/p>\n\n\n\n<p>Por su parte, la polic\u00eda inform\u00f3 que su personal acompa\u00f1\u00f3 al hombre que hizo la denuncia, que se encontraba tambi\u00e9n en el sexto piso, y a una mujer que estaba en planta baja. Se investiga ahora la conexi\u00f3n de ellos con la v\u00edctima y c\u00f3mo sucedieron los hechos.<\/p>\n\n\n\n<p><em>Noticia en desarrollo<\/em>&#8230;<\/p>\n\n\n\n<p class=\"has-text-align-right\"><strong><em>Clarin.-<\/em><\/strong><\/p>\n","protected":false},"excerpt":{"rendered":"<p>nvestigan en qu\u00e9 circunstancia se precipit\u00f3. Secuestraron las c\u00e1maras de seguridad del lugar.<\/p>\n","protected":false},"author":3,"featured_media":33981,"comment_status":"open","ping_status":"closed","sticky":false,"template":"","format":"standard","meta":{"jnews-multi-image_gallery":[],"jnews_single_post":{"subtitle":"","format":"standard","video":"","gallery":"","source_name":"","source_url":"","via_name":"","via_url":"","override_template":"0","override":[{"template":"4","single_blog_custom":"","parallax":"1","fullscreen":"1","layout":"right-sidebar","sidebar":"default-sidebar","second_sidebar":"default-sidebar","sticky_sidebar":"1","share_position":"top","share_float_style":"share-monocrhome","show_share_counter":"1","show_view_counter":"1","show_featured":"1","show_post_meta":"1","show_post_author":"1","show_post_author_image":"1","show_post_date":"1","post_date_format":"default","post_date_format_custom":"Y\/m\/d","show_post_category":"1","show_post_reading_time":"1","post_reading_time_wpm":"300","show_zoom_button":"1","zoom_button_out_step":"2","zoom_button_in_step":"3","show_post_tag":"1","show_prev_next_post":"1","show_popup_post":"1","number_popup_post":"1","show_author_box":"1","show_post_related":"1","show_inline_post_related":"0"}],"override_image_size":"0","image_override":[{"single_post_thumbnail_size":"crop-500","single_post_gallery_size":"crop-500"}],"trending_post":"0","trending_post_position":"meta","trending_post_label":"Trending","sponsored_post":"0","sponsored_post_label":"Sponsored by","sponsored_post_name":"","sponsored_post_url":"","sponsored_post_logo_enable":"0","sponsored_post_logo":"","sponsored_post_desc":"","disable_ad":"0"},"jnews_primary_category":{"id":"","hide":""},"jnews_social_meta":{"fb_title":"","fb_description":"","fb_image":"","twitter_title":"","twitter_description":"","twitter_image":""},"jnews_review":[],"enable_review":"0","type":"percentage","name":"","summary":"","brand":"","sku":"","good":[{"good_text":""}],"bad":[{"bad_text":""}],"score_override":"","override_value":"","rating":[{"rating_text":"","rating_number":"10"}],"price":[{"shop":"","price":"","link":"","icon":""}],"jnews_override_counter":{"override_view_counter":"0","view_counter_number":"0","override_share_counter":"0","share_counter_number":"0","override_like_counter":"0","like_counter_number":"0","override_dislike_counter":"0","dislike_counter_number":"0"},"jnews_post_split":{"enable_post_split":"0","post_split":[{"template":"1","tag":"h2","numbering":"asc","mode":"normal","first":"0","enable_toc":"0","toc_type":"normal"}]},"footnotes":""},"categories":[58,64],"tags":[44,8414,45,3487,8416,8415],"class_list":["post-33980","post","type-post","status-publish","format-standard","has-post-thumbnail","hentry","category-argentina","category-sucesos","tag-argentina","tag-mujer-murio","tag-noticias","tag-retiro","tag-retiro-buenos-aires","tag-sexto-piso-de-un-edificio"],"amp_enabled":true,"_links":{"self":[{"href":"https:\/\/esreviral.com\/index.php?rest_route=\/wp\/v2\/posts\/33980"}],"collection":[{"href":"https:\/\/esreviral.com\/index.php?rest_route=\/wp\/v2\/posts"}],"about":[{"href":"https:\/\/esreviral.com\/index.php?rest_route=\/wp\/v2\/types\/post"}],"author":[{"embeddable":true,"href":"https:\/\/esreviral.com\/index.php?rest_route=\/wp\/v2\/users\/3"}],"replies":[{"embeddable":true,"href":"https:\/\/esreviral.com\/index.php?rest_route=%2Fwp%2Fv2%2Fcomments&post=33980"}],"version-history":[{"count":0,"href":"https:\/\/esreviral.com\/index.php?rest_route=\/wp\/v2\/posts\/33980\/revisions"}],"wp:featuredmedia":[{"embeddable":true,"href":"https:\/\/esreviral.com\/index.php?rest_route=\/wp\/v2\/media\/33981"}],"wp:attachment":[{"href":"https:\/\/esreviral.com\/index.php?rest_route=%2Fwp%2Fv2%2Fmedia&parent=33980"}],"wp:term":[{"taxonomy":"category","embeddable":true,"href":"https:\/\/esreviral.com\/index.php?rest_route=%2Fwp%2Fv2%2Fcategories&post=33980"},{"taxonomy":"post_tag","embeddable":true,"href":"https:\/\/esreviral.com\/index.php?rest_route=%2Fwp%2Fv2%2Ftags&post=33980"}],"curies":[{"name":"wp","href":"https:\/\/api.w.org\/{rel}","templated":true}]}}