{"id":33966,"date":"2023-03-30T07:53:34","date_gmt":"2023-03-30T12:53:34","guid":{"rendered":"https:\/\/esreviral.com\/?p=33966"},"modified":"2023-03-30T09:21:11","modified_gmt":"2023-03-30T14:21:11","slug":"anunciaron-un-paro-de-subte-para-este-viernes-a-que-hora-es-y-que-lineas-afecta","status":"publish","type":"post","link":"https:\/\/esreviral.com\/?p=33966","title":{"rendered":"Anunciaron un paro de subte para este viernes: a qu\u00e9 hora es y qu\u00e9 l\u00edneas afecta"},"content":{"rendered":"\n<p>La conducci\u00f3n de la Asociaci\u00f3n Gremial de Trabajadores del Subte y Premetro (Agtsyp) anunci\u00f3 para el viernes un nuevo paro de actividades, esta vez en las l\u00edneas D, E y Premetro, entre las 5:30 y las 7:30hrs, como la continuidad de un \u00abplan de lucha en demanda de la inmediata reducci\u00f3n de la jornada laboral para gozar de dos francos\u00bb, entre otras demandas.<\/p>\n\n\n\n<p>\u00abMa\u00f1ana entre las 5:30 y las 7:30 continuaremos nuestro plan de lucha reclamando reducci\u00f3n de la jornada con 2 francos, para reducir la exposici\u00f3n al asbesto, cambio de flotas contaminadas y reposici\u00f3n de personal faltante\u00bb, anunci\u00f3 el gremio en un comunicado.<\/p>\n\n\n\n<p>En ese marco, Claudio Dellecarbonara, secretariado ejecutivo de la Agtsyp, advirti\u00f3: \u00abEl plan de lucha y las medidas de fuerza continuar\u00e1n en los pr\u00f3ximos d\u00edas hasta obtener una respuesta satisfactoria a nuestros reclamos\u00bb.<\/p>\n\n\n\n<figure class=\"wp-block-image size-full\"><img fetchpriority=\"high\" decoding=\"async\" width=\"720\" height=\"1019\" src=\"https:\/\/esreviral.com\/wp-content\/uploads\/2023\/03\/AnyConv.com__AnyConv.com__8IJSp9DN6_720x0__1.webp\" alt=\"\" class=\"wp-image-33984\" srcset=\"https:\/\/esreviral.com\/wp-content\/uploads\/2023\/03\/AnyConv.com__AnyConv.com__8IJSp9DN6_720x0__1.webp 720w, https:\/\/esreviral.com\/wp-content\/uploads\/2023\/03\/AnyConv.com__AnyConv.com__8IJSp9DN6_720x0__1-212x300.webp 212w\" sizes=\"(max-width: 720px) 100vw, 720px\" \/><\/figure>\n\n\n\n<p><\/p>\n\n\n\n<p>En el texto, el gremio defiende la medida al se\u00f1alar que \u00aben los \u00faltimos meses\u00bb mantuvieron audiencias y reuniones privadas en las que reclamaron la \u00abreducci\u00f3n de la jornada laboral para tener dos francos\u00bb pero no tuvieron una respuesta positiva de la empresa.<\/p>\n\n\n\n<p>\u00abRecordamos que la necesidad de reducir la jornada semanal est\u00e1 planteada por cuestiones de salud, para reducir la exposici\u00f3n al asbesto, mineral cancer\u00edgeno cuya presencia en la red subterr\u00e1nea sal\u00f3 a la luz en el a\u00f1o 2018\u00bb.<\/p>\n\n\n\n<p>Las consignas planteadas en el comunicado publicado este jueves son las mismas por las que los trabajadores realizaron una medida de fuerza&nbsp;<strong>el mi\u00e9rcoles, tambi\u00e9n entre las 5.30 y las 7.30, pero en ese caso en las l\u00edneas B y C<\/strong>.<\/p>\n\n\n\n<p>El conflicto no es nuevo. Los metrodelegados tambi\u00e9n tomaron medidas de fuerza tiempo atr\u00e1s en reclamo de mayor medidas de seguridad, debido a reiterados episodios de violencia, puntualmente en la L\u00ednea C que une Constituci\u00f3n con Retiro.<\/p>\n\n\n\n<figure class=\"wp-block-image size-full\"><img decoding=\"async\" width=\"720\" height=\"405\" src=\"https:\/\/esreviral.com\/wp-content\/uploads\/2023\/03\/AnyConv.com__AnyConv.com__hJLUMP8p2_720x0__1.webp\" alt=\"\" class=\"wp-image-33985\" srcset=\"https:\/\/esreviral.com\/wp-content\/uploads\/2023\/03\/AnyConv.com__AnyConv.com__hJLUMP8p2_720x0__1.webp 720w, https:\/\/esreviral.com\/wp-content\/uploads\/2023\/03\/AnyConv.com__AnyConv.com__hJLUMP8p2_720x0__1-300x169.webp 300w\" sizes=\"(max-width: 720px) 100vw, 720px\" \/><\/figure>\n\n\n\n<p><\/p>\n\n\n\n<p>El primero fue con un quite de colaboraci\u00f3n exigiendo medidas de seguridad, luego que&nbsp;<strong>una boletera sufra un intento de robo<\/strong>.<\/p>\n\n\n\n<p>La medida en reclamo por las repetidas \u00absituaciones de inseguridad\u00bb en la l\u00ednea, se llev\u00f3 adelante luego del asesinato de la oficial de la Polic\u00eda Ciudad\u00a0Maribel Zalazar (35), quien se acerc\u00f3 junto a un empleado de la empresa Emova, concesionaria del subte, para asistir a un pasajero que dec\u00eda que se sent\u00eda mal y que termin\u00f3 mat\u00e1ndola.<\/p>\n\n\n\n<p>\u00abExigimos que aumenten las medidas de seguridad para que podamos trabajar en mejores condiciones. Pedimos disculpas por las molestias que esto pueda ocasionar al p\u00fablico\u00bb, expresaron en ese momento los dirigentes gremiales.<\/p>\n\n\n\n<p><br><\/p>\n\n\n\n<p class=\"has-text-align-right\"><strong><em>Clarin.-<\/em><\/strong><\/p>\n","protected":false},"excerpt":{"rendered":"<p>Los Metrodelegados reclaman tener dos francos para \u00abreducir la exposici\u00f3n al asbesto\u00bb. Advierten que las medidas de fuerza continuar\u00e1n.<\/p>\n","protected":false},"author":3,"featured_media":33967,"comment_status":"open","ping_status":"closed","sticky":false,"template":"","format":"standard","meta":{"jnews-multi-image_gallery":[],"jnews_single_post":{"subtitle":"","format":"standard","video":"","gallery":"","source_name":"","source_url":"","via_name":"","via_url":"","override_template":"0","override":[{"template":"4","single_blog_custom":"","parallax":"1","fullscreen":"1","layout":"right-sidebar","sidebar":"default-sidebar","second_sidebar":"default-sidebar","sticky_sidebar":"1","share_position":"top","share_float_style":"share-monocrhome","show_share_counter":"1","show_view_counter":"1","show_featured":"1","show_post_meta":"1","show_post_author":"1","show_post_author_image":"1","show_post_date":"1","post_date_format":"default","post_date_format_custom":"Y\/m\/d","show_post_category":"1","show_post_reading_time":"1","post_reading_time_wpm":"300","show_zoom_button":"1","zoom_button_out_step":"2","zoom_button_in_step":"3","show_post_tag":"1","show_prev_next_post":"1","show_popup_post":"1","number_popup_post":"1","show_author_box":"1","show_post_related":"1","show_inline_post_related":"0"}],"override_image_size":"0","image_override":[{"single_post_thumbnail_size":"crop-500","single_post_gallery_size":"crop-500"}],"trending_post":"0","trending_post_position":"meta","trending_post_label":"Trending","sponsored_post":"0","sponsored_post_label":"Sponsored by","sponsored_post_name":"","sponsored_post_url":"","sponsored_post_logo_enable":"0","sponsored_post_logo":"","sponsored_post_desc":"","disable_ad":"0"},"jnews_primary_category":{"id":"","hide":""},"jnews_social_meta":{"fb_title":"","fb_description":"","fb_image":"","twitter_title":"","twitter_description":"","twitter_image":""},"jnews_review":[],"enable_review":"0","type":"percentage","name":"","summary":"","brand":"","sku":"","good":[{"good_text":""}],"bad":[{"bad_text":""}],"score_override":"","override_value":"","rating":[{"rating_text":"","rating_number":"10"}],"price":[{"shop":"","price":"","link":"","icon":""}],"jnews_override_counter":{"override_view_counter":"0","view_counter_number":"0","override_share_counter":"0","share_counter_number":"0","override_like_counter":"0","like_counter_number":"0","override_dislike_counter":"0","dislike_counter_number":"0"},"jnews_post_split":{"enable_post_split":"0","post_split":[{"template":"1","tag":"h2","numbering":"asc","mode":"normal","first":"0","enable_toc":"0","toc_type":"normal"}]},"footnotes":""},"categories":[58],"tags":[44,45,1896,290,5535],"class_list":["post-33966","post","type-post","status-publish","format-standard","has-post-thumbnail","hentry","category-argentina","tag-argentina","tag-noticias","tag-paro-de-subte","tag-subte","tag-subterraneos-de-buenos-aires"],"_links":{"self":[{"href":"https:\/\/esreviral.com\/index.php?rest_route=\/wp\/v2\/posts\/33966","targetHints":{"allow":["GET"]}}],"collection":[{"href":"https:\/\/esreviral.com\/index.php?rest_route=\/wp\/v2\/posts"}],"about":[{"href":"https:\/\/esreviral.com\/index.php?rest_route=\/wp\/v2\/types\/post"}],"author":[{"embeddable":true,"href":"https:\/\/esreviral.com\/index.php?rest_route=\/wp\/v2\/users\/3"}],"replies":[{"embeddable":true,"href":"https:\/\/esreviral.com\/index.php?rest_route=%2Fwp%2Fv2%2Fcomments&post=33966"}],"version-history":[{"count":0,"href":"https:\/\/esreviral.com\/index.php?rest_route=\/wp\/v2\/posts\/33966\/revisions"}],"wp:featuredmedia":[{"embeddable":true,"href":"https:\/\/esreviral.com\/index.php?rest_route=\/wp\/v2\/media\/33967"}],"wp:attachment":[{"href":"https:\/\/esreviral.com\/index.php?rest_route=%2Fwp%2Fv2%2Fmedia&parent=33966"}],"wp:term":[{"taxonomy":"category","embeddable":true,"href":"https:\/\/esreviral.com\/index.php?rest_route=%2Fwp%2Fv2%2Fcategories&post=33966"},{"taxonomy":"post_tag","embeddable":true,"href":"https:\/\/esreviral.com\/index.php?rest_route=%2Fwp%2Fv2%2Ftags&post=33966"}],"curies":[{"name":"wp","href":"https:\/\/api.w.org\/{rel}","templated":true}]}}