{"id":33928,"date":"2023-03-29T16:03:08","date_gmt":"2023-03-29T21:03:08","guid":{"rendered":"https:\/\/esreviral.com\/?p=33928"},"modified":"2023-03-29T16:03:09","modified_gmt":"2023-03-29T21:03:09","slug":"tareck-el-aissami-estaria-con-casa-por-carcel-y-con-extrema-custodia-en-fuerte-tiuna","status":"publish","type":"post","link":"https:\/\/esreviral.com\/?p=33928","title":{"rendered":"Tareck el Aissami estar\u00eda con casa por c\u00e1rcel y con extrema custodia en Fuerte Tiuna"},"content":{"rendered":"\n<p>Rafael Isea, exgobernador chavista del estado Aragua, afirm\u00f3 que Tareck el Aissami podr\u00eda estar\u00a0<strong>cumpliendo detenci\u00f3n domiciliaria<\/strong>\u00a0en el complejo militar de Fuerte Tiuna, en Caracas. Pero esta informaci\u00f3n no la han confirmado las autoridades venezolanas, que tampoco han confirmado si el exministro de Petr\u00f3leo est\u00e1 involucrado en el reciente caso de corrupci\u00f3n descubierto en la estatal Pdvsa.<\/p>\n\n\n\n<p>Isea, desertor del gobierno de Nicol\u00e1s Maduro y actualmente en el exilio, dijo asimismo que el exfuncionario,\u00a0uno de los m\u00e1s altos jerarcas de la c\u00fapula socialista,\u00a0<strong>se encuentra fuertemente custodiado<\/strong>\u00a0por oficiales de cuerpos de seguridad del Estado.<\/p>\n\n\n\n<p>\u201c\u00a1Extraoficial! Tareck el Aissami estar\u00eda bajo detenci\u00f3n domiciliaria bajo extrema custodia de cuerpos de seguridad en Fuerte Tiuna\u201d, se\u00f1al\u00f3 el exgobernador en su cuenta de\u00a0<a href=\"https:\/\/twitter.com\/Isea_enContacto\/status\/1641097958186790912\">Twitter.<\/a><\/p>\n\n\n\n<p>Lea tambi\u00e9n: <\/p>\n\n\n\n<p class=\"has-text-align-right\">El <strong><em>Nacional<\/em><\/strong>.-<\/p>\n\n\n\n<figure class=\"wp-block-image size-large\"><img decoding=\"async\" src=\"https:\/\/cdn.bitlysdowssl-aws.com\/wp-content\/uploads\/2023\/03\/RAFAEL-isea-detencion-tareck-el-aissami.png\" alt=\"\"\/><\/figure>\n","protected":false},"excerpt":{"rendered":"<p>Rafael Isea, exgobernador chavista del estado Aragua, afirm\u00f3 que Tareck el Aissami podr\u00eda estar\u00a0cumpliendo detenci\u00f3n domiciliaria\u00a0en el complejo militar de Fuerte Tiuna, en Caracas. Pero esta informaci\u00f3n no la han confirmado las autoridades venezolanas, que tampoco han confirmado si el exministro de Petr\u00f3leo est\u00e1 involucrado en el reciente caso de corrupci\u00f3n descubierto en la estatal [&hellip;]<\/p>\n","protected":false},"author":2,"featured_media":33931,"comment_status":"open","ping_status":"closed","sticky":false,"template":"","format":"standard","meta":{"jnews-multi-image_gallery":[],"jnews_single_post":{"subtitle":"","format":"standard","video":"","gallery":"","source_name":"","source_url":"","via_name":"","via_url":"","override_template":"0","override":[{"template":"4","single_blog_custom":"","parallax":"1","fullscreen":"1","layout":"right-sidebar","sidebar":"default-sidebar","second_sidebar":"default-sidebar","sticky_sidebar":"1","share_position":"top","share_float_style":"share-monocrhome","show_share_counter":"1","show_view_counter":"1","show_featured":"1","show_post_meta":"1","show_post_author":"1","show_post_author_image":"1","show_post_date":"1","post_date_format":"default","post_date_format_custom":"Y\/m\/d","show_post_category":"1","show_post_reading_time":"1","post_reading_time_wpm":"300","show_zoom_button":"1","zoom_button_out_step":"2","zoom_button_in_step":"3","show_post_tag":"1","show_prev_next_post":"1","show_popup_post":"1","number_popup_post":"1","show_author_box":"1","show_post_related":"1","show_inline_post_related":"0"}],"override_image_size":"0","image_override":[{"single_post_thumbnail_size":"crop-500","single_post_gallery_size":"crop-500"}],"trending_post":"0","trending_post_position":"meta","trending_post_label":"Trending","sponsored_post":"0","sponsored_post_label":"Sponsored by","sponsored_post_name":"","sponsored_post_url":"","sponsored_post_logo_enable":"0","sponsored_post_logo":"","sponsored_post_desc":"","disable_ad":"0"},"jnews_primary_category":{"id":"","hide":""},"jnews_social_meta":{"fb_title":"","fb_description":"","fb_image":"","twitter_title":"","twitter_description":"","twitter_image":""},"jnews_review":[],"enable_review":"0","type":"percentage","name":"","summary":"","brand":"","sku":"","good":[{"good_text":""}],"bad":[{"bad_text":""}],"score_override":"","override_value":"","rating":[{"rating_text":"","rating_number":"10"}],"price":[{"shop":"","price":"","link":"","icon":""}],"jnews_override_counter":{"override_view_counter":"0","view_counter_number":"0","override_share_counter":"0","share_counter_number":"0","override_like_counter":"0","like_counter_number":"0","override_dislike_counter":"0","dislike_counter_number":"0"},"jnews_post_split":{"enable_post_split":"0","post_split":[{"template":"1","tag":"h2","numbering":"asc","mode":"normal","first":"0","enable_toc":"0","toc_type":"normal"}]},"footnotes":""},"categories":[66],"tags":[45,2386,8072,56],"class_list":["post-33928","post","type-post","status-publish","format-standard","has-post-thumbnail","hentry","category-venezuela","tag-noticias","tag-pdvsa","tag-tarek-el-aissami","tag-venezuela"],"amp_enabled":true,"_links":{"self":[{"href":"https:\/\/esreviral.com\/index.php?rest_route=\/wp\/v2\/posts\/33928"}],"collection":[{"href":"https:\/\/esreviral.com\/index.php?rest_route=\/wp\/v2\/posts"}],"about":[{"href":"https:\/\/esreviral.com\/index.php?rest_route=\/wp\/v2\/types\/post"}],"author":[{"embeddable":true,"href":"https:\/\/esreviral.com\/index.php?rest_route=\/wp\/v2\/users\/2"}],"replies":[{"embeddable":true,"href":"https:\/\/esreviral.com\/index.php?rest_route=%2Fwp%2Fv2%2Fcomments&post=33928"}],"version-history":[{"count":0,"href":"https:\/\/esreviral.com\/index.php?rest_route=\/wp\/v2\/posts\/33928\/revisions"}],"wp:featuredmedia":[{"embeddable":true,"href":"https:\/\/esreviral.com\/index.php?rest_route=\/wp\/v2\/media\/33931"}],"wp:attachment":[{"href":"https:\/\/esreviral.com\/index.php?rest_route=%2Fwp%2Fv2%2Fmedia&parent=33928"}],"wp:term":[{"taxonomy":"category","embeddable":true,"href":"https:\/\/esreviral.com\/index.php?rest_route=%2Fwp%2Fv2%2Fcategories&post=33928"},{"taxonomy":"post_tag","embeddable":true,"href":"https:\/\/esreviral.com\/index.php?rest_route=%2Fwp%2Fv2%2Ftags&post=33928"}],"curies":[{"name":"wp","href":"https:\/\/api.w.org\/{rel}","templated":true}]}}