{"id":33925,"date":"2023-03-29T15:54:58","date_gmt":"2023-03-29T20:54:58","guid":{"rendered":"https:\/\/esreviral.com\/?p=33925"},"modified":"2023-03-29T15:54:59","modified_gmt":"2023-03-29T20:54:59","slug":"el-papa-francisco-permanecera-hospitalizado-por-una-infeccion-respiratoria","status":"publish","type":"post","link":"https:\/\/esreviral.com\/?p=33925","title":{"rendered":"El papa Francisco permanecer\u00e1 hospitalizado por una infecci\u00f3n respiratoria"},"content":{"rendered":"\n<p>El papa Francisco sufre una infecci\u00f3n respiratoria \u00abque requerir\u00e1 unos d\u00edas de tratamiento m\u00e9dico hospitalario adecuado\u00bb, comunic\u00f3 la oficina de prensa del Vaticano despu\u00e9s de que en la tarde de este mi\u00e9rcoles fuese ingresado en el hospital Agostino Gemelli de Roma.<\/p>\n\n\n\n<p>\u00abEn los \u00faltimos d\u00edas, el papa Francisco se hab\u00eda visto aquejado de algunas dificultades respiratorias y esta tarde acudi\u00f3 al Policl\u00ednico A. Gemelli para realizarse unos controles m\u00e9dicos\u00bb, agreg\u00f3 la nota.<\/p>\n\n\n\n<p>El papa Francisco, de 86 a\u00f1os de edad, que se encuentra desde la tarde del mi\u00e9rcoles ingresado en el hospital\u00a0<strong>Agostino Gemelli de Roma,\u00a0<\/strong>ha sido sometido a una TAC en el t\u00f3rax y a otras pruebas m\u00e9dicas, y su estado de salud no preocupa tras los resultados.<\/p>\n\n\n\n<p>El resultado de tomograf\u00eda de t\u00f3rax a la que se someti\u00f3 ha dado negativo respecto a alg\u00fan presunto problema card\u00edaco y este elemento fue \u00ab<strong>valorado con alivio general<\/strong>\u00bb por las personas cercanas al papa, as\u00ed como tambi\u00e9n se le habr\u00edan hecho pruebas respiratorias que no dieron motivos de preocupaci\u00f3n, seg\u00fan inform\u00f3 la agencia italiana ANSA.<\/p>\n\n\n\n<p>El Vaticano s\u00f3lo ha comunicado que el pont\u00edfice argentino se encuentra en el hospital \u00abpara controles programados anteriormente\u00bb pero no mencion\u00f3 ning\u00fan motivo.<\/p>\n\n\n\n<p class=\"has-text-align-right\"><strong><em>unionradio.net.-<\/em><\/strong><\/p>\n","protected":false},"excerpt":{"rendered":"<p>En los \u00faltimos d\u00edas el papa Francisco se hab\u00eda quejado de algunas dificultades respiratorias. Permanecer\u00e1 internado \u00abvarios d\u00edas\u00bb en el hospital Gemelli de Roma.<\/p>\n","protected":false},"author":3,"featured_media":33926,"comment_status":"open","ping_status":"closed","sticky":false,"template":"","format":"standard","meta":{"jnews-multi-image_gallery":[],"jnews_single_post":{"subtitle":"","format":"standard","video":"","gallery":"","source_name":"","source_url":"","via_name":"","via_url":"","override_template":"0","override":[{"template":"4","single_blog_custom":"","parallax":"1","fullscreen":"1","layout":"right-sidebar","sidebar":"default-sidebar","second_sidebar":"default-sidebar","sticky_sidebar":"1","share_position":"top","share_float_style":"share-monocrhome","show_share_counter":"1","show_view_counter":"1","show_featured":"1","show_post_meta":"1","show_post_author":"1","show_post_author_image":"1","show_post_date":"1","post_date_format":"default","post_date_format_custom":"Y\/m\/d","show_post_category":"1","show_post_reading_time":"1","post_reading_time_wpm":"300","show_zoom_button":"1","zoom_button_out_step":"2","zoom_button_in_step":"3","show_post_tag":"1","show_prev_next_post":"1","show_popup_post":"1","number_popup_post":"1","show_author_box":"1","show_post_related":"1","show_inline_post_related":"0"}],"override_image_size":"0","image_override":[{"single_post_thumbnail_size":"crop-500","single_post_gallery_size":"crop-500"}],"trending_post":"0","trending_post_position":"meta","trending_post_label":"Trending","sponsored_post":"0","sponsored_post_label":"Sponsored by","sponsored_post_name":"","sponsored_post_url":"","sponsored_post_logo_enable":"0","sponsored_post_logo":"","sponsored_post_desc":"","disable_ad":"0"},"jnews_primary_category":{"id":"","hide":""},"jnews_social_meta":{"fb_title":"","fb_description":"","fb_image":"","twitter_title":"","twitter_description":"","twitter_image":""},"jnews_review":[],"enable_review":"0","type":"percentage","name":"","summary":"","brand":"","sku":"","good":[{"good_text":""}],"bad":[{"bad_text":""}],"score_override":"","override_value":"","rating":[{"rating_text":"","rating_number":"10"}],"price":[{"shop":"","price":"","link":"","icon":""}],"jnews_override_counter":{"override_view_counter":"0","view_counter_number":"0","override_share_counter":"0","share_counter_number":"0","override_like_counter":"0","like_counter_number":"0","override_dislike_counter":"0","dislike_counter_number":"0"},"jnews_post_split":{"enable_post_split":"0","post_split":[{"template":"1","tag":"h2","numbering":"asc","mode":"normal","first":"0","enable_toc":"0","toc_type":"normal"}]},"footnotes":""},"categories":[88],"tags":[1214,8376,45,128,8377,8378,85],"class_list":["post-33925","post","type-post","status-publish","format-standard","has-post-thumbnail","hentry","category-internacionales","tag-hospital","tag-infeccion-respiratoria","tag-noticias","tag-papa-francisco","tag-prensa-del-vaticano","tag-roma","tag-salud"],"amp_enabled":true,"_links":{"self":[{"href":"https:\/\/esreviral.com\/index.php?rest_route=\/wp\/v2\/posts\/33925"}],"collection":[{"href":"https:\/\/esreviral.com\/index.php?rest_route=\/wp\/v2\/posts"}],"about":[{"href":"https:\/\/esreviral.com\/index.php?rest_route=\/wp\/v2\/types\/post"}],"author":[{"embeddable":true,"href":"https:\/\/esreviral.com\/index.php?rest_route=\/wp\/v2\/users\/3"}],"replies":[{"embeddable":true,"href":"https:\/\/esreviral.com\/index.php?rest_route=%2Fwp%2Fv2%2Fcomments&post=33925"}],"version-history":[{"count":0,"href":"https:\/\/esreviral.com\/index.php?rest_route=\/wp\/v2\/posts\/33925\/revisions"}],"wp:featuredmedia":[{"embeddable":true,"href":"https:\/\/esreviral.com\/index.php?rest_route=\/wp\/v2\/media\/33926"}],"wp:attachment":[{"href":"https:\/\/esreviral.com\/index.php?rest_route=%2Fwp%2Fv2%2Fmedia&parent=33925"}],"wp:term":[{"taxonomy":"category","embeddable":true,"href":"https:\/\/esreviral.com\/index.php?rest_route=%2Fwp%2Fv2%2Fcategories&post=33925"},{"taxonomy":"post_tag","embeddable":true,"href":"https:\/\/esreviral.com\/index.php?rest_route=%2Fwp%2Fv2%2Ftags&post=33925"}],"curies":[{"name":"wp","href":"https:\/\/api.w.org\/{rel}","templated":true}]}}