{"id":33891,"date":"2023-03-29T08:18:51","date_gmt":"2023-03-29T13:18:51","guid":{"rendered":"https:\/\/esreviral.com\/?p=33891"},"modified":"2023-03-29T08:18:52","modified_gmt":"2023-03-29T13:18:52","slug":"feriados-2023-cuando-es-el-proximo-fin-de-semana-largo-en-abril","status":"publish","type":"post","link":"https:\/\/esreviral.com\/?p=33891","title":{"rendered":"Feriados 2023: Cu\u00e1ndo es el pr\u00f3ximo fin de semana largo en abril"},"content":{"rendered":"\n<p>El\u00a0<strong>calendario de feriados 2023<\/strong>\u00a0arranca en un nuevo mes y tiene una pr\u00f3xima fecha: el<strong>\u00a02 de abril<\/strong>. Es el d\u00eda en que se conmemora el\u00a0<strong>D\u00eda del Veterano y de los Ca\u00eddos en la Guerra de Malvinas<\/strong>. Sin embargo, se trata de un feriado inamovible y, al caer domingo, no significar\u00e1 un fin de semana largo.<\/p>\n\n\n\n<p>El \u00faltimo feriado fue el&nbsp;<strong>24 de marzo<\/strong>, el D\u00eda Nacional por la Memoria, la Verdad y la Justicia, en el marco del 47 aniversario del comienzo de la dictadura militar de 1976 en Argentina. Como cay\u00f3 viernes, muchos pudieron disfrutar de un fin de semana largo, despu\u00e9s del Carnaval, que fue en febrero.<\/p>\n\n\n\n<p>Con el comienzo de abril, muchos se preguntan cu\u00e1ndo cae\u00a0<strong>Semana Santa,\u00a0<\/strong>la pr\u00f3xima fecha en la que tendr\u00e1 lugar un nuevo fin de semana extralargo, y cu\u00e1les ser\u00e1n los d\u00edas festivos que indica el calendario de feriados para poder organizar escapadas, salidas, reuniones con amigos y familia o actividades con los m\u00e1s peque\u00f1os de la casa.<\/p>\n\n\n\n<p><strong><mark style=\"background-color:rgba(0, 0, 0, 0)\" class=\"has-inline-color has-vivid-red-color\">\u00bfCu\u00e1ndo cae Semana Santa?<\/mark><\/strong><\/p>\n\n\n\n<p>El pr\u00f3ximo fin de semana largo ser\u00e1 el de<strong>\u00a0Semana Santa<\/strong>, ser\u00e1 del\u00a0<strong>jueves 6 al domingo 9 de abril<\/strong>. Se celebra<strong>\u00a0Jueves Santo, Viernes Santo, S\u00e1bado Santo y Domingo de Pascua.\u00a0<\/strong>En Argentina, el Jueves Santo es un d\u00eda no laborable, mientras que el viernes 7 es feriado.<\/p>\n\n\n\n<figure class=\"wp-block-image size-large\"><img fetchpriority=\"high\" decoding=\"async\" width=\"1024\" height=\"614\" src=\"https:\/\/esreviral.com\/wp-content\/uploads\/2023\/03\/AnyConv.com__641b1855cd8a3-1024x614.webp\" alt=\"\" class=\"wp-image-33892\" srcset=\"https:\/\/esreviral.com\/wp-content\/uploads\/2023\/03\/AnyConv.com__641b1855cd8a3-1024x614.webp 1024w, https:\/\/esreviral.com\/wp-content\/uploads\/2023\/03\/AnyConv.com__641b1855cd8a3-300x180.webp 300w, https:\/\/esreviral.com\/wp-content\/uploads\/2023\/03\/AnyConv.com__641b1855cd8a3-768x461.webp 768w, https:\/\/esreviral.com\/wp-content\/uploads\/2023\/03\/AnyConv.com__641b1855cd8a3-750x450.webp 750w, https:\/\/esreviral.com\/wp-content\/uploads\/2023\/03\/AnyConv.com__641b1855cd8a3-1140x684.webp 1140w, https:\/\/esreviral.com\/wp-content\/uploads\/2023\/03\/AnyConv.com__641b1855cd8a3.webp 1200w\" sizes=\"(max-width: 1024px) 100vw, 1024px\" \/><\/figure>\n\n\n\n<p><\/p>\n\n\n\n<p>\u00bfCu\u00e1l es la\u00a0<strong>diferencia entre un d\u00eda que es no laborable y un feriado<\/strong>? Seg\u00fan la cl\u00e1usula 166 de la Ley de Contrato de Trabajo, los feriados que se trabajen deben pagarse como un descanso dominical, es decir,<strong>\u00a0el doble<\/strong>. En tanto, en el caso del feriado no laborable, la cl\u00e1usula 167 sostiene que \u201cel trabajo ser\u00e1 optativo para el empleador, salvo en bancos, seguros y actividades afines, conforme lo determine la reglamentaci\u00f3n. En dichos d\u00edas, los trabajadores que presten servicio, percibir\u00e1n el salario simple\u201d.<\/p>\n\n\n\n<p><strong><mark style=\"background-color:rgba(0, 0, 0, 0)\" class=\"has-inline-color has-vivid-red-color\">\u00bfCu\u00e1l ser\u00e1 el pr\u00f3ximo feriado despu\u00e9s de Semana Santa?<\/mark><\/strong><\/p>\n\n\n\n<p>Despu\u00e9s de Semana Santa, abril no contar\u00e1 con m\u00e1s d\u00edas festivos. Sin embargo, mayo arranca con un feriado. El&nbsp;<strong>D\u00eda Internacional del Trabajador<\/strong>&nbsp;se celebra el&nbsp;<strong>1 de mayo<\/strong>, es feriado inamovible y cae lunes, por lo tanto, habr\u00e1 fin de semana largo de tres d\u00edas. M\u00e1s adelanto, en el aniversario de la Revoluci\u00f3n de Mayo que cae jueves, habr\u00e1 feriado puente el viernes 26 con fines tur\u00edsticos, y tendr\u00e1 lugar un&nbsp;<strong>fin de semana XXL<\/strong>.<\/p>\n\n\n\n<p><strong><mark style=\"background-color:rgba(0, 0, 0, 0)\" class=\"has-inline-color has-vivid-red-color\">Las fechas que siguen en el calendario de feriados 2023 despu\u00e9s de Semana Santa<\/mark><\/strong><\/p>\n\n\n\n<p>-1\u00b0 de mayo (<strong>D\u00eda del Trabajador<\/strong>)<\/p>\n\n\n\n<p>-25 de mayo (<strong>D\u00eda de la Revoluci\u00f3n de Mayo<\/strong>)<\/p>\n\n\n\n<p>-26 de mayo (<strong>puente<\/strong>&nbsp;con el feriado del jueves 25 de mayo, D\u00eda de la Revoluci\u00f3n de Mayo)<\/p>\n\n\n\n<p>-17 de junio (<strong>Paso a la Inmortalidad del General Don Mart\u00edn Miguel de G\u00fcemes<\/strong>)<\/p>\n\n\n\n<p>-19 de junio (<strong>puente<\/strong>&nbsp;con el feriado del martes 20 de junio, Paso a la Inmortalidad del General Manuel Belgrano)<\/p>\n\n\n\n<p>-20 de junio (<strong>Paso a la Inmortalidad del General Manuel Belgrano<\/strong>)<\/p>\n\n\n\n<p>-9 de julio (<strong>D\u00eda de la Independencia<\/strong>)<\/p>\n\n\n\n<p>&#8211; El 17 de agosto (<strong>Paso a la Inmortalidad del General Jos\u00e9 de San Mart\u00edn<\/strong>) se celebrar\u00e1 el lunes 21 de agosto<\/p>\n\n\n\n<p>&#8211; El 12 de octubre (<strong>D\u00eda del Respeto a la Diversidad Cultural<\/strong>) se celebrar\u00e1 el lunes 16 de octubre<\/p>\n\n\n\n<p>-13 de octubre (fin de semana largo, de cuatro d\u00edas, por traslado del jueves 12 al lunes 16 de octubre)<\/p>\n\n\n\n<p>-20 de noviembre (<strong>D\u00eda de la Soberan\u00eda Nacional<\/strong>)<\/p>\n\n\n\n<p>-8 de diciembre (<strong>D\u00eda de la Inmaculada Concepci\u00f3n de Mar\u00eda<\/strong>)<\/p>\n\n\n\n<p>-25 de diciembre (<strong>Navidad<\/strong>).<\/p>\n\n\n\n<figure class=\"wp-block-image size-full\"><img decoding=\"async\" width=\"768\" height=\"1024\" src=\"https:\/\/esreviral.com\/wp-content\/uploads\/2023\/03\/AnyConv.com__45YTSK2KNNHVDKF3PPM2UGVLMI.webp\" alt=\"\" class=\"wp-image-33893\" srcset=\"https:\/\/esreviral.com\/wp-content\/uploads\/2023\/03\/AnyConv.com__45YTSK2KNNHVDKF3PPM2UGVLMI.webp 768w, https:\/\/esreviral.com\/wp-content\/uploads\/2023\/03\/AnyConv.com__45YTSK2KNNHVDKF3PPM2UGVLMI-225x300.webp 225w, https:\/\/esreviral.com\/wp-content\/uploads\/2023\/03\/AnyConv.com__45YTSK2KNNHVDKF3PPM2UGVLMI-750x1000.webp 750w\" sizes=\"(max-width: 768px) 100vw, 768px\" \/><\/figure>\n\n\n\n<p class=\"has-text-align-right\"><strong><em>Infobae.-<\/em><\/strong><\/p>\n","protected":false},"excerpt":{"rendered":"<p>El D\u00eda del Veterano y de los ca\u00eddos en la Guerra de Malvinas y Semana Santa tienen lugar en el cuarto mes del a\u00f1o. \u00bfQu\u00e9 d\u00edas son?<\/p>\n","protected":false},"author":3,"featured_media":33894,"comment_status":"open","ping_status":"closed","sticky":false,"template":"","format":"standard","meta":{"jnews-multi-image_gallery":[],"jnews_single_post":{"subtitle":"","format":"standard","video":"","gallery":"","source_name":"","source_url":"","via_name":"","via_url":"","override_template":"0","override":[{"template":"4","single_blog_custom":"","parallax":"1","fullscreen":"1","layout":"right-sidebar","sidebar":"default-sidebar","second_sidebar":"default-sidebar","sticky_sidebar":"1","share_position":"top","share_float_style":"share-monocrhome","show_share_counter":"1","show_view_counter":"1","show_featured":"1","show_post_meta":"1","show_post_author":"1","show_post_author_image":"1","show_post_date":"1","post_date_format":"default","post_date_format_custom":"Y\/m\/d","show_post_category":"1","show_post_reading_time":"1","post_reading_time_wpm":"300","show_zoom_button":"1","zoom_button_out_step":"2","zoom_button_in_step":"3","show_post_tag":"1","show_prev_next_post":"1","show_popup_post":"1","number_popup_post":"1","show_author_box":"1","show_post_related":"1","show_inline_post_related":"0"}],"override_image_size":"0","image_override":[{"single_post_thumbnail_size":"crop-500","single_post_gallery_size":"crop-500"}],"trending_post":"0","trending_post_position":"meta","trending_post_label":"Trending","sponsored_post":"0","sponsored_post_label":"Sponsored by","sponsored_post_name":"","sponsored_post_url":"","sponsored_post_logo_enable":"0","sponsored_post_logo":"","sponsored_post_desc":"","disable_ad":"0"},"jnews_primary_category":{"id":"","hide":""},"jnews_social_meta":{"fb_title":"","fb_description":"","fb_image":"","twitter_title":"","twitter_description":"","twitter_image":""},"jnews_review":[],"enable_review":"0","type":"percentage","name":"","summary":"","brand":"","sku":"","good":[{"good_text":""}],"bad":[{"bad_text":""}],"score_override":"","override_value":"","rating":[{"rating_text":"","rating_number":"10"}],"price":[{"shop":"","price":"","link":"","icon":""}],"jnews_override_counter":{"override_view_counter":"0","view_counter_number":"0","override_share_counter":"0","share_counter_number":"0","override_like_counter":"0","like_counter_number":"0","override_dislike_counter":"0","dislike_counter_number":"0"},"jnews_post_split":{"enable_post_split":"0","post_split":[{"template":"1","tag":"h2","numbering":"asc","mode":"normal","first":"0","enable_toc":"0","toc_type":"normal"}]},"footnotes":""},"categories":[43,58],"tags":[44,8361,8362,4611,45,676],"class_list":["post-33891","post","type-post","status-publish","format-standard","has-post-thumbnail","hentry","category-actualidad","category-argentina","tag-argentina","tag-calendario-de-feriados-2023","tag-feriados-2023","tag-fin-de-semana-largo","tag-noticias","tag-semana-santa"],"amp_enabled":true,"_links":{"self":[{"href":"https:\/\/esreviral.com\/index.php?rest_route=\/wp\/v2\/posts\/33891"}],"collection":[{"href":"https:\/\/esreviral.com\/index.php?rest_route=\/wp\/v2\/posts"}],"about":[{"href":"https:\/\/esreviral.com\/index.php?rest_route=\/wp\/v2\/types\/post"}],"author":[{"embeddable":true,"href":"https:\/\/esreviral.com\/index.php?rest_route=\/wp\/v2\/users\/3"}],"replies":[{"embeddable":true,"href":"https:\/\/esreviral.com\/index.php?rest_route=%2Fwp%2Fv2%2Fcomments&post=33891"}],"version-history":[{"count":0,"href":"https:\/\/esreviral.com\/index.php?rest_route=\/wp\/v2\/posts\/33891\/revisions"}],"wp:featuredmedia":[{"embeddable":true,"href":"https:\/\/esreviral.com\/index.php?rest_route=\/wp\/v2\/media\/33894"}],"wp:attachment":[{"href":"https:\/\/esreviral.com\/index.php?rest_route=%2Fwp%2Fv2%2Fmedia&parent=33891"}],"wp:term":[{"taxonomy":"category","embeddable":true,"href":"https:\/\/esreviral.com\/index.php?rest_route=%2Fwp%2Fv2%2Fcategories&post=33891"},{"taxonomy":"post_tag","embeddable":true,"href":"https:\/\/esreviral.com\/index.php?rest_route=%2Fwp%2Fv2%2Ftags&post=33891"}],"curies":[{"name":"wp","href":"https:\/\/api.w.org\/{rel}","templated":true}]}}