{"id":33786,"date":"2023-03-27T16:41:27","date_gmt":"2023-03-27T21:41:27","guid":{"rendered":"https:\/\/esreviral.com\/?p=33786"},"modified":"2023-03-27T16:41:28","modified_gmt":"2023-03-27T21:41:28","slug":"atencion-aeropuertos-de-argentina-podrian-paralizar-sus-actividades-en-semana-santa","status":"publish","type":"post","link":"https:\/\/esreviral.com\/?p=33786","title":{"rendered":"ATENCI\u00d3N: Aeropuertos de Argentina podr\u00edan paralizar sus actividades en Semana Santa"},"content":{"rendered":"\n<p>Los representantes del sindicato ATE en la Administraci\u00f3n Nacional de Aviaci\u00f3n Civil (ANAC) convocaron a un posible<strong>\u00a0paro nacional para el pr\u00f3ximo 5 de abril<\/strong>, el mi\u00e9rcoles previo al fin de semana largo de Semana Santa.<\/p>\n\n\n\n<p>La medida de fuerza afectar\u00e1 al\u00a0<strong>control terrestre, la sanidad aeron\u00e1utica y a bomberos\u00a0<\/strong>e impactar\u00e1 en la actividad de los\u00a0<strong>54 aeropuertos del pa\u00eds.<\/strong>\u00a0Los trabajadores reclaman el incumplimiento de los plazos acordados en la \u00faltima mesa t\u00e9cnica paritaria.<\/p>\n\n\n\n<p><\/p>\n\n\n\n<p>A trav\u00e9s de un comunicado en las redes sociales, las autoridades sindicales expresaron: \u201cEn nombre y representaci\u00f3n de la Coordinaci\u00f3n Nacional ATE-ANAC informamos que\u00a0<strong>no se han cumplido los plazos acordados<\/strong>\u00a0en la \u00faltima mesa t\u00e9cnica paritaria, en donde se hab\u00eda acordado\u00a0<strong>convocar una nueva reuni\u00f3n<\/strong>\u00a0para la semana que hoy concluye\u201d.<\/p>\n\n\n\n<p class=\"has-text-align-right\"><em><strong>TN.-<\/strong><\/em><\/p>\n\n\n\n<figure class=\"wp-block-image size-large\"><img decoding=\"async\" src=\"https:\/\/tn.com.ar\/resizer\/vSXvjg8ALTBQqjVvYsJ_-CZsMlQ=\/1440x0\/smart\/filters:format(webp)\/cloudfront-us-east-1.images.arcpublishing.com\/artear\/EHDSGZGIF5HPNFF44OLBYEQOCM.jfif\" alt=\"\"\/><\/figure>\n","protected":false},"excerpt":{"rendered":"<p>Los representantes del sindicato ATE en la Administraci\u00f3n Nacional de Aviaci\u00f3n Civil (ANAC) convocaron a un posible\u00a0paro nacional para el pr\u00f3ximo 5 de abril, el mi\u00e9rcoles previo al fin de semana largo de Semana Santa. La medida de fuerza afectar\u00e1 al\u00a0control terrestre, la sanidad aeron\u00e1utica y a bomberos\u00a0e impactar\u00e1 en la actividad de los\u00a054 aeropuertos [&hellip;]<\/p>\n","protected":false},"author":2,"featured_media":33787,"comment_status":"open","ping_status":"closed","sticky":false,"template":"","format":"standard","meta":{"jnews-multi-image_gallery":[],"jnews_single_post":{"subtitle":"","format":"standard","video":"","gallery":"","source_name":"","source_url":"","via_name":"","via_url":"","override_template":"0","override":[{"template":"4","single_blog_custom":"","parallax":"1","fullscreen":"1","layout":"right-sidebar","sidebar":"default-sidebar","second_sidebar":"default-sidebar","sticky_sidebar":"1","share_position":"top","share_float_style":"share-monocrhome","show_share_counter":"1","show_view_counter":"1","show_featured":"1","show_post_meta":"1","show_post_author":"1","show_post_author_image":"1","show_post_date":"1","post_date_format":"default","post_date_format_custom":"Y\/m\/d","show_post_category":"1","show_post_reading_time":"1","post_reading_time_wpm":"300","show_zoom_button":"1","zoom_button_out_step":"2","zoom_button_in_step":"3","show_post_tag":"1","show_prev_next_post":"1","show_popup_post":"1","number_popup_post":"1","show_author_box":"1","show_post_related":"1","show_inline_post_related":"0"}],"override_image_size":"0","image_override":[{"single_post_thumbnail_size":"crop-500","single_post_gallery_size":"crop-500"}],"trending_post":"0","trending_post_position":"meta","trending_post_label":"Trending","sponsored_post":"0","sponsored_post_label":"Sponsored by","sponsored_post_name":"","sponsored_post_url":"","sponsored_post_logo_enable":"0","sponsored_post_logo":"","sponsored_post_desc":"","disable_ad":"0"},"jnews_primary_category":{"id":"","hide":""},"jnews_social_meta":{"fb_title":"","fb_description":"","fb_image":"","twitter_title":"","twitter_description":"","twitter_image":""},"jnews_review":[],"enable_review":"0","type":"percentage","name":"","summary":"","brand":"","sku":"","good":[{"good_text":""}],"bad":[{"bad_text":""}],"score_override":"","override_value":"","rating":[{"rating_text":"","rating_number":"10"}],"price":[{"shop":"","price":"","link":"","icon":""}],"jnews_override_counter":{"override_view_counter":"0","view_counter_number":"0","override_share_counter":"0","share_counter_number":"0","override_like_counter":"0","like_counter_number":"0","override_dislike_counter":"0","dislike_counter_number":"0"},"jnews_post_split":{"enable_post_split":"0","post_split":[{"template":"1","tag":"h2","numbering":"asc","mode":"normal","first":"0","enable_toc":"0","toc_type":"normal"}]},"footnotes":""},"categories":[58],"tags":[8314,44,475,45],"class_list":["post-33786","post","type-post","status-publish","format-standard","has-post-thumbnail","hentry","category-argentina","tag-aeropuertos","tag-argentina","tag-ezeiza","tag-noticias"],"amp_enabled":true,"_links":{"self":[{"href":"https:\/\/esreviral.com\/index.php?rest_route=\/wp\/v2\/posts\/33786"}],"collection":[{"href":"https:\/\/esreviral.com\/index.php?rest_route=\/wp\/v2\/posts"}],"about":[{"href":"https:\/\/esreviral.com\/index.php?rest_route=\/wp\/v2\/types\/post"}],"author":[{"embeddable":true,"href":"https:\/\/esreviral.com\/index.php?rest_route=\/wp\/v2\/users\/2"}],"replies":[{"embeddable":true,"href":"https:\/\/esreviral.com\/index.php?rest_route=%2Fwp%2Fv2%2Fcomments&post=33786"}],"version-history":[{"count":0,"href":"https:\/\/esreviral.com\/index.php?rest_route=\/wp\/v2\/posts\/33786\/revisions"}],"wp:featuredmedia":[{"embeddable":true,"href":"https:\/\/esreviral.com\/index.php?rest_route=\/wp\/v2\/media\/33787"}],"wp:attachment":[{"href":"https:\/\/esreviral.com\/index.php?rest_route=%2Fwp%2Fv2%2Fmedia&parent=33786"}],"wp:term":[{"taxonomy":"category","embeddable":true,"href":"https:\/\/esreviral.com\/index.php?rest_route=%2Fwp%2Fv2%2Fcategories&post=33786"},{"taxonomy":"post_tag","embeddable":true,"href":"https:\/\/esreviral.com\/index.php?rest_route=%2Fwp%2Fv2%2Ftags&post=33786"}],"curies":[{"name":"wp","href":"https:\/\/api.w.org\/{rel}","templated":true}]}}