{"id":33775,"date":"2023-03-27T16:23:54","date_gmt":"2023-03-27T21:23:54","guid":{"rendered":"https:\/\/esreviral.com\/?p=33775"},"modified":"2023-03-27T16:23:55","modified_gmt":"2023-03-27T21:23:55","slug":"un-sacerdote-venezolano-participara-en-masterchef","status":"publish","type":"post","link":"https:\/\/esreviral.com\/?p=33775","title":{"rendered":"Un sacerdote venezolano participar\u00e1 en MasterChef"},"content":{"rendered":"\n<p>Es de M\u00e9rida y su nombre es <strong>Marcos Julio Garc\u00eda S\u00e1nchez, quien no s\u00f3lo es sacerdote sino periodista y hasta locutor.<\/strong> Sin embargo, tiene otra faceta, una que lo colocar\u00e1 en un importante escenario internacional. <strong>El religioso buscar\u00e1 ser\u00e1 seleccionado en la edici\u00f3n 11 de\u00a0<em>MasterChef Espa\u00f1a<\/em>, la popular competici\u00f3n culinaria que se estrena este lunes 27 de marzo.<\/strong><\/p>\n\n\n\n<p>Garc\u00eda S\u00e1nchez \u2013un fraile dominico de la Orden de los Predicadores oriundo de Mucuch\u00edes, M\u00e9rida\u2013 fue seleccionado entre 70.000 aspirantes para formar parte del programa, en el que deber\u00e1 competir para que el jurado le otorgue el delantal blanco y as\u00ed continuar en el programa.<\/p>\n\n\n\n<p>En el casting el religioso cocin\u00f3, junto a otros 1.000 aspirantes, en el Palacio Real de Madrid, donde escogieron a las 60 personas que se disputar\u00e1n los 30 puestos del programa.<\/p>\n\n\n\n<figure class=\"wp-block-embed is-type-video is-provider-youtube wp-block-embed-youtube wp-embed-aspect-16-9 wp-has-aspect-ratio\"><div class=\"wp-block-embed__wrapper\">\n<div class=\"jeg_video_container jeg_video_content\"><iframe title=\"\u00a1\u00a1Comienza MasterChef 11!!\" width=\"500\" height=\"281\" src=\"https:\/\/www.youtube.com\/embed\/SDxPhSw4ceI?start=18&#038;feature=oembed\" frameborder=\"0\" allow=\"accelerometer; autoplay; clipboard-write; encrypted-media; gyroscope; picture-in-picture; web-share\" referrerpolicy=\"strict-origin-when-cross-origin\" allowfullscreen><\/iframe><\/div>\n<\/div><\/figure>\n\n\n\n<p>El sacerdote de 44 a\u00f1os de edad lleg\u00f3 a Espa\u00f1a en enero de 2020. Actualmente, reside en Madrid y es el p\u00e1rroco de la iglesia de San Pedro M\u00e1rtir.<\/p>\n\n\n\n<p>Desde muy joven Marcos Julio Garc\u00eda S\u00e1nchez quiso ser sacerdote. Mientras se form\u00f3 como comunicador social, profesi\u00f3n que le ha servido para cumplir su labor como representante de la Iglesia Cat\u00f3lica, al utilizar herramientas comunicacionales para predicar.<\/p>\n\n\n\n<p>Como periodista, Marcos Garc\u00eda trabaj\u00f3 en el canal de televisi\u00f3n regional OMC TV, de donde se retir\u00f3 para iniciar su b\u00fasqueda religiosa, traslad\u00e1ndose a Colombia, donde trabaj\u00f3 por varios a\u00f1os en NTN24, para luego continuar su misi\u00f3n de compartir la palabra.<\/p>\n\n\n\n<p class=\"has-text-align-right\"><strong><em>Agencia de Noticias.-<\/em><\/strong><\/p>\n","protected":false},"excerpt":{"rendered":"<p>Es de M\u00e9rida y su nombre es Marcos Julio Garc\u00eda S\u00e1nchez, quien no s\u00f3lo es sacerdote sino periodista y hasta locutor. Sin embargo, tiene otra faceta, una que lo colocar\u00e1 en un importante escenario internacional. El religioso buscar\u00e1 ser\u00e1 seleccionado en la edici\u00f3n 11 de\u00a0MasterChef Espa\u00f1a, la popular competici\u00f3n culinaria que se estrena este lunes [&hellip;]<\/p>\n","protected":false},"author":2,"featured_media":33781,"comment_status":"open","ping_status":"closed","sticky":false,"template":"","format":"standard","meta":{"jnews-multi-image_gallery":[],"jnews_single_post":{"subtitle":"","format":"standard","video":"","gallery":"","source_name":"","source_url":"","via_name":"","via_url":"","override_template":"0","override":[{"template":"4","single_blog_custom":"","parallax":"1","fullscreen":"1","layout":"right-sidebar","sidebar":"default-sidebar","second_sidebar":"default-sidebar","sticky_sidebar":"1","share_position":"top","share_float_style":"share-monocrhome","show_share_counter":"1","show_view_counter":"1","show_featured":"1","show_post_meta":"1","show_post_author":"1","show_post_author_image":"1","show_post_date":"1","post_date_format":"default","post_date_format_custom":"Y\/m\/d","show_post_category":"1","show_post_reading_time":"1","post_reading_time_wpm":"300","show_zoom_button":"1","zoom_button_out_step":"2","zoom_button_in_step":"3","show_post_tag":"1","show_prev_next_post":"1","show_popup_post":"1","number_popup_post":"1","show_author_box":"1","show_post_related":"1","show_inline_post_related":"0"}],"override_image_size":"0","image_override":[{"single_post_thumbnail_size":"crop-500","single_post_gallery_size":"crop-500"}],"trending_post":"0","trending_post_position":"meta","trending_post_label":"Trending","sponsored_post":"0","sponsored_post_label":"Sponsored by","sponsored_post_name":"","sponsored_post_url":"","sponsored_post_logo_enable":"0","sponsored_post_logo":"","sponsored_post_desc":"","disable_ad":"0"},"jnews_primary_category":{"id":"","hide":""},"jnews_social_meta":{"fb_title":"","fb_description":"","fb_image":"","twitter_title":"","twitter_description":"","twitter_image":""},"jnews_review":[],"enable_review":"0","type":"percentage","name":"","summary":"","brand":"","sku":"","good":[{"good_text":""}],"bad":[{"bad_text":""}],"score_override":"","override_value":"","rating":[{"rating_text":"","rating_number":"10"}],"price":[{"shop":"","price":"","link":"","icon":""}],"jnews_override_counter":{"override_view_counter":"0","view_counter_number":"0","override_share_counter":"0","share_counter_number":"0","override_like_counter":"0","like_counter_number":"0","override_dislike_counter":"0","dislike_counter_number":"0"},"jnews_post_split":{"enable_post_split":"0","post_split":[{"template":"1","tag":"h2","numbering":"asc","mode":"normal","first":"0","enable_toc":"0","toc_type":"normal"}]},"footnotes":""},"categories":[50,54],"tags":[148,6968,45,776],"class_list":["post-33775","post","type-post","status-publish","format-standard","has-post-thumbnail","hentry","category-entretenimiento","category-inmigracion","tag-espana","tag-masterchef","tag-noticias","tag-venezolanos-en-espana"],"amp_enabled":true,"_links":{"self":[{"href":"https:\/\/esreviral.com\/index.php?rest_route=\/wp\/v2\/posts\/33775"}],"collection":[{"href":"https:\/\/esreviral.com\/index.php?rest_route=\/wp\/v2\/posts"}],"about":[{"href":"https:\/\/esreviral.com\/index.php?rest_route=\/wp\/v2\/types\/post"}],"author":[{"embeddable":true,"href":"https:\/\/esreviral.com\/index.php?rest_route=\/wp\/v2\/users\/2"}],"replies":[{"embeddable":true,"href":"https:\/\/esreviral.com\/index.php?rest_route=%2Fwp%2Fv2%2Fcomments&post=33775"}],"version-history":[{"count":0,"href":"https:\/\/esreviral.com\/index.php?rest_route=\/wp\/v2\/posts\/33775\/revisions"}],"wp:featuredmedia":[{"embeddable":true,"href":"https:\/\/esreviral.com\/index.php?rest_route=\/wp\/v2\/media\/33781"}],"wp:attachment":[{"href":"https:\/\/esreviral.com\/index.php?rest_route=%2Fwp%2Fv2%2Fmedia&parent=33775"}],"wp:term":[{"taxonomy":"category","embeddable":true,"href":"https:\/\/esreviral.com\/index.php?rest_route=%2Fwp%2Fv2%2Fcategories&post=33775"},{"taxonomy":"post_tag","embeddable":true,"href":"https:\/\/esreviral.com\/index.php?rest_route=%2Fwp%2Fv2%2Ftags&post=33775"}],"curies":[{"name":"wp","href":"https:\/\/api.w.org\/{rel}","templated":true}]}}