{"id":33770,"date":"2023-03-27T16:09:32","date_gmt":"2023-03-27T21:09:32","guid":{"rendered":"https:\/\/esreviral.com\/?p=33770"},"modified":"2023-03-27T16:37:40","modified_gmt":"2023-03-27T21:37:40","slug":"mas-de-100-ninos-brillan-en-la-academia-venezolana-de-baile-que-cumplio-cuatro-anos","status":"publish","type":"post","link":"https:\/\/esreviral.com\/?p=33770","title":{"rendered":"M\u00e1s de 100 ni\u00f1os brillan en la academia venezolana de baile que cumpli\u00f3 cuatro a\u00f1os"},"content":{"rendered":"\n<p><strong><em>CIS.- <\/em><\/strong>Lo que comenz\u00f3 como un sue\u00f1o se ha convertido en un gran \u00e9xito y es que, cuatro a\u00f1os atr\u00e1s, Carlos Troconis inici\u00f3 a dar clases a cuatro ni\u00f1os en un peque\u00f1o sal\u00f3n de 2 metros por 2 metros, fue as\u00ed como naci\u00f3 Urbanice, una academia de baile liderada por un venezolano en Argentina, que hoy d\u00eda cuenta con 98 alumnos criollos y seis argentinos. <\/p>\n\n\n\n<p><strong>\u00abEl primer logro ha sido ofrecerle al ni\u00f1o y ni\u00f1a venezolano inmigrante un espacio donde hacer comunidad y desarrollarnos como escuela de baile\u00bb, <\/strong>cuenta con orgullo el profesor y director. <\/p>\n\n\n\n<p>El crecimiento ha sido al punto tal que ahora tienen listas de espera,  \u00ablos que nos hace plantearnos aperturas de nuevos grupos. Adem\u00e1s hemos podido presentar nuestra estructura organizacional; cuatro bailarines destacados pasan a ser becados bajo el titulo de <em>staff <\/em>y a formarse como core\u00f3grafos. 16 alumnos destacados pasan a ser el equipo \u00e9lite, quienes tendr\u00e1n contacto directo con proyectos comerciales, publicitarios y cantantes\u00bb. <\/p>\n\n\n\n<figure class=\"wp-block-image size-large\"><img fetchpriority=\"high\" decoding=\"async\" width=\"1024\" height=\"768\" src=\"https:\/\/esreviral.com\/wp-content\/uploads\/2023\/03\/atsapp-image-2023-03-27-at-11-35-50-1024x768.webp\" alt=\"\" class=\"wp-image-33773\" srcset=\"https:\/\/esreviral.com\/wp-content\/uploads\/2023\/03\/atsapp-image-2023-03-27-at-11-35-50-1024x768.webp 1024w, https:\/\/esreviral.com\/wp-content\/uploads\/2023\/03\/atsapp-image-2023-03-27-at-11-35-50-300x225.webp 300w, https:\/\/esreviral.com\/wp-content\/uploads\/2023\/03\/atsapp-image-2023-03-27-at-11-35-50-768x576.webp 768w, https:\/\/esreviral.com\/wp-content\/uploads\/2023\/03\/atsapp-image-2023-03-27-at-11-35-50-1536x1152.webp 1536w, https:\/\/esreviral.com\/wp-content\/uploads\/2023\/03\/atsapp-image-2023-03-27-at-11-35-50-750x563.webp 750w, https:\/\/esreviral.com\/wp-content\/uploads\/2023\/03\/atsapp-image-2023-03-27-at-11-35-50-1140x855.webp 1140w, https:\/\/esreviral.com\/wp-content\/uploads\/2023\/03\/atsapp-image-2023-03-27-at-11-35-50.webp 1600w\" sizes=\"(max-width: 1024px) 100vw, 1024px\" \/><\/figure>\n\n\n\n<p>Cuenta que ahora cada equipo de mini bailarines tiene su capit\u00e1n de clase, quienes ayudar\u00e1n a las labores de orden en cada encuentro, \u00abla idea es meternos m\u00e1s en el campo comercial y art\u00edstico. Ofrecer mas variedad de clases y caminar hacia una futura compa\u00f1\u00eda de espect\u00e1culos\u00bb.<\/p>\n\n\n\n<p>Carlos confiesa sentir una <strong>\u00absatisfacci\u00f3n incre\u00edble&#8230;Es inexplicable. <\/strong>Verlos amar con pasi\u00f3n su escuela de baile. Sentir y ganarme el respeto de todos. Tener la confianza de los representantes y la exigencia de tener listas de espera por cupos es algo que aumenta mi compromiso y pasi\u00f3n por ofrecerles mas. Y hacer de este proyecto una experiencia de vida para todos\u00bb<\/p>\n\n\n\n<p><strong>Este domingo realizaron un gran espect\u00e1culo en los bosques de Palermo, donde celebraron este cuarto aniversario<\/strong> y donde los padres y representantes, sorprendieron al profesor con la entrega de un reconocimiento que lo hizo romper en llanto de la emoci\u00f3n.<\/p>\n\n\n\n<figure class=\"wp-block-image size-large\"><img decoding=\"async\" width=\"575\" height=\"1024\" src=\"https:\/\/esreviral.com\/wp-content\/uploads\/2023\/03\/atsapp-image-2023-03-27-at-11-57-47-575x1024.webp\" alt=\"\" class=\"wp-image-33772\" srcset=\"https:\/\/esreviral.com\/wp-content\/uploads\/2023\/03\/atsapp-image-2023-03-27-at-11-57-47-575x1024.webp 575w, https:\/\/esreviral.com\/wp-content\/uploads\/2023\/03\/atsapp-image-2023-03-27-at-11-57-47-169x300.webp 169w, https:\/\/esreviral.com\/wp-content\/uploads\/2023\/03\/atsapp-image-2023-03-27-at-11-57-47-768x1367.webp 768w, https:\/\/esreviral.com\/wp-content\/uploads\/2023\/03\/atsapp-image-2023-03-27-at-11-57-47-863x1536.webp 863w, https:\/\/esreviral.com\/wp-content\/uploads\/2023\/03\/atsapp-image-2023-03-27-at-11-57-47-750x1335.webp 750w, https:\/\/esreviral.com\/wp-content\/uploads\/2023\/03\/atsapp-image-2023-03-27-at-11-57-47.webp 899w\" sizes=\"(max-width: 575px) 100vw, 575px\" \/><figcaption class=\"wp-element-caption\">El profesor Carlos Troconis fue sorprendido con un reconocimiento<\/figcaption><\/figure>\n\n\n\n<p><\/p>\n","protected":false},"excerpt":{"rendered":"<p>CIS.- Lo que comenz\u00f3 como un sue\u00f1o se ha convertido en un gran \u00e9xito y es que, cuatro a\u00f1os atr\u00e1s, Carlos Troconis inici\u00f3 a dar clases a cuatro ni\u00f1os en un peque\u00f1o sal\u00f3n de 2 metros por 2 metros, fue as\u00ed como naci\u00f3 Urbanice, una academia de baile liderada por un venezolano en Argentina, que [&hellip;]<\/p>\n","protected":false},"author":2,"featured_media":33771,"comment_status":"open","ping_status":"closed","sticky":false,"template":"","format":"standard","meta":{"jnews-multi-image_gallery":[],"jnews_single_post":{"subtitle":"","format":"standard","video":"","gallery":"","source_name":"","source_url":"","via_name":"","via_url":"","override_template":"0","override":[{"template":"4","single_blog_custom":"","parallax":"1","fullscreen":"1","layout":"right-sidebar","sidebar":"default-sidebar","second_sidebar":"default-sidebar","sticky_sidebar":"1","share_position":"top","share_float_style":"share-monocrhome","show_share_counter":"1","show_view_counter":"1","show_featured":"1","show_post_meta":"1","show_post_author":"1","show_post_author_image":"1","show_post_date":"1","post_date_format":"default","post_date_format_custom":"Y\/m\/d","show_post_category":"1","show_post_reading_time":"1","post_reading_time_wpm":"300","show_zoom_button":"1","zoom_button_out_step":"2","zoom_button_in_step":"3","show_post_tag":"1","show_prev_next_post":"1","show_popup_post":"1","number_popup_post":"1","show_author_box":"1","show_post_related":"1","show_inline_post_related":"0"}],"override_image_size":"0","image_override":[{"single_post_thumbnail_size":"crop-500","single_post_gallery_size":"crop-500"}],"trending_post":"0","trending_post_position":"meta","trending_post_label":"Trending","sponsored_post":"0","sponsored_post_label":"Sponsored by","sponsored_post_name":"","sponsored_post_url":"","sponsored_post_logo_enable":"0","sponsored_post_logo":"","sponsored_post_desc":"","disable_ad":"0"},"jnews_primary_category":{"id":"","hide":""},"jnews_social_meta":{"fb_title":"","fb_description":"","fb_image":"","twitter_title":"","twitter_description":"","twitter_image":""},"jnews_review":[],"enable_review":"0","type":"percentage","name":"","summary":"","brand":"","sku":"","good":[{"good_text":""}],"bad":[{"bad_text":""}],"score_override":"","override_value":"","rating":[{"rating_text":"","rating_number":"10"}],"price":[{"shop":"","price":"","link":"","icon":""}],"jnews_override_counter":{"override_view_counter":"0","view_counter_number":"0","override_share_counter":"0","share_counter_number":"0","override_like_counter":"0","like_counter_number":"0","override_dislike_counter":"0","dislike_counter_number":"0"},"jnews_post_split":{"enable_post_split":"0","post_split":[{"template":"1","tag":"h2","numbering":"asc","mode":"normal","first":"0","enable_toc":"0","toc_type":"normal"}]},"footnotes":""},"categories":[50,5892],"tags":[6494,215,45,8309,67],"class_list":["post-33770","post","type-post","status-publish","format-standard","has-post-thumbnail","hentry","category-entretenimiento","category-venezolanos-en-argentina","tag-baile","tag-danza","tag-noticias","tag-urbanice","tag-venezolanos-en-argentina"],"amp_enabled":true,"_links":{"self":[{"href":"https:\/\/esreviral.com\/index.php?rest_route=\/wp\/v2\/posts\/33770"}],"collection":[{"href":"https:\/\/esreviral.com\/index.php?rest_route=\/wp\/v2\/posts"}],"about":[{"href":"https:\/\/esreviral.com\/index.php?rest_route=\/wp\/v2\/types\/post"}],"author":[{"embeddable":true,"href":"https:\/\/esreviral.com\/index.php?rest_route=\/wp\/v2\/users\/2"}],"replies":[{"embeddable":true,"href":"https:\/\/esreviral.com\/index.php?rest_route=%2Fwp%2Fv2%2Fcomments&post=33770"}],"version-history":[{"count":0,"href":"https:\/\/esreviral.com\/index.php?rest_route=\/wp\/v2\/posts\/33770\/revisions"}],"wp:featuredmedia":[{"embeddable":true,"href":"https:\/\/esreviral.com\/index.php?rest_route=\/wp\/v2\/media\/33771"}],"wp:attachment":[{"href":"https:\/\/esreviral.com\/index.php?rest_route=%2Fwp%2Fv2%2Fmedia&parent=33770"}],"wp:term":[{"taxonomy":"category","embeddable":true,"href":"https:\/\/esreviral.com\/index.php?rest_route=%2Fwp%2Fv2%2Fcategories&post=33770"},{"taxonomy":"post_tag","embeddable":true,"href":"https:\/\/esreviral.com\/index.php?rest_route=%2Fwp%2Fv2%2Ftags&post=33770"}],"curies":[{"name":"wp","href":"https:\/\/api.w.org\/{rel}","templated":true}]}}