{"id":33760,"date":"2023-03-27T11:30:38","date_gmt":"2023-03-27T16:30:38","guid":{"rendered":"https:\/\/esreviral.com\/?p=33760"},"modified":"2023-03-27T11:30:39","modified_gmt":"2023-03-27T16:30:39","slug":"benjamin-rausseo-ganar-la-primaria-es-tener-una-pata-en-miraflores","status":"publish","type":"post","link":"https:\/\/esreviral.com\/?p=33760","title":{"rendered":"Benjam\u00edn Rausseo: \u00abGanar la primaria es tener una pata en Miraflores\u00bb"},"content":{"rendered":"\n<p>El empresario y comediante Benjam\u00edn Rausseo mejor conocido como \u00abEl Conde del Gu\u00e1charo\u00bb, recorri\u00f3 la ciudad de Valencia, estado Carabobo Venezuela este fin de semana y en un acto dijo que si gana La Primaria, tiene una \u00abpata\u00bb en Miraflores.<\/p>\n\n\n\n<blockquote class=\"wp-block-quote is-layout-flow wp-block-quote-is-layout-flow\">\n<p>\u00abDebemos todos unidos ganar La Primaria, ganar La Primaria es tener una pata en Miraflores\u00bb, expres\u00f3 seg\u00fan video de Polianal\u00edtica.<\/p>\n<\/blockquote>\n\n\n\n<p>\u00abVenezuela es una gran madre y los venezolanos todos somos hermanos. Es momento de reencontrarnos, no tengo mucha experiencia en pol\u00edtica pero voy a aprender, ni experiencia haciendo mitin pero voy a aprender. No tengo experiencia gobernando pero estoy dispuesto a buscar los m\u00e1s preparados por curr\u00edculum y no por compa\u00f1erismo. Venezuela debe ser gerenciada porque es una gran empresa y no hay accionistas de primera ni de segunda, todos somos necesarios. Esta patria que cometi\u00f3 muchos erores porque ilusionados votaron por personas que les quedaron mal\u00bb.<\/p>\n\n\n\n<p>Seg\u00fan el Pol\u00edtico, Rausseo oficializar\u00e1 su candidatura el pr\u00f3ximo 10 de abril en un acto en Caracas.<\/p>\n\n\n\n<p>\u00abBenjamin Rausseo revel\u00f3 que el lanzamiento de su candidatura a las primarias de la Plataforma Unitaria ser\u00e1 en Caracas el 10 de abril. Que no responder\u00e1 a la \u201cguerra sucia\u00bb desatada, sino que se concentrar\u00e1 en el empe\u00f1o de reunificar a todos los venezolanos y reconstruir el pa\u00eds\u00bb, suscribe el tuit del medio especializado en pol\u00edtica.<\/p>\n\n\n\n<figure class=\"wp-block-embed is-type-rich is-provider-twitter wp-block-embed-twitter\"><div class=\"wp-block-embed__wrapper\">\n<blockquote class=\"twitter-tweet\" data-width=\"500\" data-dnt=\"true\"><p lang=\"es\" dir=\"ltr\">\u2712\ufe0f | POL\u00cdTICA | <a href=\"https:\/\/twitter.com\/hashtag\/EnVideo?src=hash&amp;ref_src=twsrc%5Etfw\">#EnVideo<\/a>\ud83d\udcf9 &quot;Ganar La Primaria es tener una pata en Miraflores&quot;, dijo Benjam\u00edn Rausseo, precandidato a La Primaria durante acto en el estado Carabobo. V\u00eda <a href=\"https:\/\/twitter.com\/polianalitica?ref_src=twsrc%5Etfw\">@polianalitica<\/a> <a href=\"https:\/\/t.co\/OqwHsWRUw4\">pic.twitter.com\/OqwHsWRUw4<\/a><\/p>&mdash; Noticiero Digital (@NDtitulares) <a href=\"https:\/\/twitter.com\/NDtitulares\/status\/1640135689353277442?ref_src=twsrc%5Etfw\">March 26, 2023<\/a><\/blockquote><script async src=\"https:\/\/platform.twitter.com\/widgets.js\" charset=\"utf-8\"><\/script>\n<\/div><\/figure>\n\n\n\n<p><\/p>\n\n\n\n<p><\/p>\n\n\n\n<figure class=\"wp-block-embed is-type-rich is-provider-twitter wp-block-embed-twitter\"><div class=\"wp-block-embed__wrapper\">\n<blockquote class=\"twitter-tweet\" data-width=\"500\" data-dnt=\"true\"><p lang=\"es\" dir=\"ltr\">Benjamin Rausseo revel\u00f3 que el lanzamiento de su candidatura a las primarias de la Plataforma Unitaria ser\u00e1 en Caracas el 10 de abril.<br><br>Que no responder\u00e1 a la \u201cguerra sucia&quot; desatada, sino que se concentrar\u00e1 en el empe\u00f1o de reunificar a todos los venezolanos y reconstruir el pa\u00eds <a href=\"https:\/\/t.co\/woFLjebjpU\">pic.twitter.com\/woFLjebjpU<\/a><\/p>&mdash; El Pol\u00edtico (@elpoliticove) <a href=\"https:\/\/twitter.com\/elpoliticove\/status\/1638656975641649152?ref_src=twsrc%5Etfw\">March 22, 2023<\/a><\/blockquote><script async src=\"https:\/\/platform.twitter.com\/widgets.js\" charset=\"utf-8\"><\/script>\n<\/div><\/figure>\n\n\n\n<p class=\"has-text-align-right\"><strong><em>noticierodigital.com.-<\/em><\/strong><\/p>\n","protected":false},"excerpt":{"rendered":"<p>El empresario y comediante Benjam\u00edn Rausseo mejor conocido como \u00abEl Conde del Gu\u00e1charo\u00bb, recorri\u00f3 la ciudad de Valencia, estado Carabobo Venezuela este fin de semana y en un acto dijo que si gana La Primaria, tiene una \u00abpata\u00bb en Miraflores. \u00abDebemos todos unidos ganar La Primaria, ganar La Primaria es tener una pata en Miraflores\u00bb, [&hellip;]<\/p>\n","protected":false},"author":3,"featured_media":33761,"comment_status":"open","ping_status":"closed","sticky":false,"template":"","format":"standard","meta":{"jnews-multi-image_gallery":[],"jnews_single_post":{"subtitle":"","format":"standard","video":"","gallery":"","source_name":"","source_url":"","via_name":"","via_url":"","override_template":"0","override":[{"template":"4","single_blog_custom":"","parallax":"1","fullscreen":"1","layout":"right-sidebar","sidebar":"default-sidebar","second_sidebar":"default-sidebar","sticky_sidebar":"1","share_position":"top","share_float_style":"share-monocrhome","show_share_counter":"1","show_view_counter":"1","show_featured":"1","show_post_meta":"1","show_post_author":"1","show_post_author_image":"1","show_post_date":"1","post_date_format":"default","post_date_format_custom":"Y\/m\/d","show_post_category":"1","show_post_reading_time":"1","post_reading_time_wpm":"300","show_zoom_button":"1","zoom_button_out_step":"2","zoom_button_in_step":"3","show_post_tag":"1","show_prev_next_post":"1","show_popup_post":"1","number_popup_post":"1","show_author_box":"1","show_post_related":"1","show_inline_post_related":"0"}],"override_image_size":"0","image_override":[{"single_post_thumbnail_size":"crop-500","single_post_gallery_size":"crop-500"}],"trending_post":"0","trending_post_position":"meta","trending_post_label":"Trending","sponsored_post":"0","sponsored_post_label":"Sponsored by","sponsored_post_name":"","sponsored_post_url":"","sponsored_post_logo_enable":"0","sponsored_post_logo":"","sponsored_post_desc":"","disable_ad":"0"},"jnews_primary_category":{"id":"","hide":""},"jnews_social_meta":{"fb_title":"","fb_description":"","fb_image":"","twitter_title":"","twitter_description":"","twitter_image":""},"jnews_review":[],"enable_review":"0","type":"percentage","name":"","summary":"","brand":"","sku":"","good":[{"good_text":""}],"bad":[{"bad_text":""}],"score_override":"","override_value":"","rating":[{"rating_text":"","rating_number":"10"}],"price":[{"shop":"","price":"","link":"","icon":""}],"jnews_override_counter":{"override_view_counter":"0","view_counter_number":"0","override_share_counter":"0","share_counter_number":"0","override_like_counter":"0","like_counter_number":"0","override_dislike_counter":"0","dislike_counter_number":"0"},"jnews_post_split":{"enable_post_split":"0","post_split":[{"template":"1","tag":"h2","numbering":"asc","mode":"normal","first":"0","enable_toc":"0","toc_type":"normal"}]},"footnotes":""},"categories":[59,66],"tags":[2322,5486,8303,4258,110,2333,45,8304,2247,634,56],"class_list":["post-33760","post","type-post","status-publish","format-standard","has-post-thumbnail","hentry","category-politica","category-venezuela","tag-benjamin-rausseo","tag-candidatura","tag-candidatura-a-las-elecciones-presidenciales","tag-carabobo","tag-elecciones","tag-elecciones-presidenciales","tag-noticias","tag-presidenciales","tag-primarias","tag-valencia","tag-venezuela"],"amp_enabled":true,"_links":{"self":[{"href":"https:\/\/esreviral.com\/index.php?rest_route=\/wp\/v2\/posts\/33760"}],"collection":[{"href":"https:\/\/esreviral.com\/index.php?rest_route=\/wp\/v2\/posts"}],"about":[{"href":"https:\/\/esreviral.com\/index.php?rest_route=\/wp\/v2\/types\/post"}],"author":[{"embeddable":true,"href":"https:\/\/esreviral.com\/index.php?rest_route=\/wp\/v2\/users\/3"}],"replies":[{"embeddable":true,"href":"https:\/\/esreviral.com\/index.php?rest_route=%2Fwp%2Fv2%2Fcomments&post=33760"}],"version-history":[{"count":0,"href":"https:\/\/esreviral.com\/index.php?rest_route=\/wp\/v2\/posts\/33760\/revisions"}],"wp:featuredmedia":[{"embeddable":true,"href":"https:\/\/esreviral.com\/index.php?rest_route=\/wp\/v2\/media\/33761"}],"wp:attachment":[{"href":"https:\/\/esreviral.com\/index.php?rest_route=%2Fwp%2Fv2%2Fmedia&parent=33760"}],"wp:term":[{"taxonomy":"category","embeddable":true,"href":"https:\/\/esreviral.com\/index.php?rest_route=%2Fwp%2Fv2%2Fcategories&post=33760"},{"taxonomy":"post_tag","embeddable":true,"href":"https:\/\/esreviral.com\/index.php?rest_route=%2Fwp%2Fv2%2Ftags&post=33760"}],"curies":[{"name":"wp","href":"https:\/\/api.w.org\/{rel}","templated":true}]}}