{"id":33750,"date":"2023-03-27T09:06:41","date_gmt":"2023-03-27T14:06:41","guid":{"rendered":"https:\/\/esreviral.com\/?p=33750"},"modified":"2023-03-27T09:06:41","modified_gmt":"2023-03-27T14:06:41","slug":"larreta-prometio-que-si-llega-a-la-presidencia-extendera-la-seguridad-en-todo-el-pais","status":"publish","type":"post","link":"https:\/\/esreviral.com\/?p=33750","title":{"rendered":"Larreta prometi\u00f3 que si llega a la presidencia, extender\u00e1 la seguridad en todo el pa\u00eds"},"content":{"rendered":"\n<p>El jefe de Gobierno de la ciudad de Buenos Aires, Horacio Rodr\u00edguez Larreta, <strong>present\u00f3 al nuevo jefe de la polic\u00eda municipal, Eugenio Burzaco, y remarc\u00f3 que si lo votaban como Presidente de Argentina, extender\u00eda los planes de seguridad en todo el pa\u00eds.<\/strong> \u00a0\u201cQueremos que vos vivas tranquilo, que puedas entrar y salir de tu casa sin miedo, que sepas que tus hijos vuelven siempre y que pod\u00e9s caminar sin tener que mirar sobre el hombro\u201d, asegur\u00f3.<\/p>\n\n\n\n<p>En 2022, la Ciudad registr\u00f3 la tasa de homicidios m\u00e1s baja de los \u00faltimos 28 a\u00f1os, con 2,86 casos cada cien mil habitantes. Disminuyeron 14% respecto a 2019 -a\u00f1o tomado como referencia debido a la pandemia- y 40% en comparaci\u00f3n con 2016. Esto hace que Buenos Aires sea la capital m\u00e1s segura de Am\u00e9rica Latina y la segunda del continente, despu\u00e9s de la ciudad canadiense de Ottawa.<\/p>\n\n\n\n<p>Sobre las medidas que incluir\u00e1 ese Plan Nacional de Seguridad, detall\u00f3: \u201cVamos a enviar, para blindar las fronteras, a nuestras Fuerzas Armadas. Con eso, liberamos 10.000 gendarmes para destinarlos a las zonas calientes de la droga y el delito, y as\u00ed recuperar el territorio y que nuestros hijos puedan caminar sin miedo\u201d.<\/p>\n\n\n\n<p>Adem\u00e1s, adelant\u00f3 que se crear\u00e1 \u201cel GEAN, Grupo de Elite Antinarcotr\u00e1fico, que va a reunir a los mejores agentes de las fuerzas federales para que trabajen juntos en la pelea contra el narco, que se lleva vidas, sue\u00f1os y esperanzas\u201d.<\/p>\n\n\n\n<p>El Jefe de Gobierno explic\u00f3 adem\u00e1s que garantizar\u00e1 \u201cque no haya ning\u00fan miembro de ninguna fuerza de seguridad en todo el pa\u00eds que sienta que est\u00e1 arriesgando su vida y que no hay nadie cuid\u00e1ndolo a \u00e9l\u201d.<\/p>\n\n\n\n<p>Destac\u00f3 <strong>la decisi\u00f3n tomada por el expresidente Mauricio Macri,<\/strong> quien anunci\u00f3 que no ser\u00e1 candidato en las pr\u00f3ximas elecciones: \u201cAyer mostr\u00f3 una vez m\u00e1s su visi\u00f3n, su claridad y su valent\u00eda para llevar adelante un liderazgo generoso, colectivo y sincero, con el que claramente me identifico. A m\u00ed me da mucho orgullo transitar este camino con \u00e9l desde hace m\u00e1s de 20 a\u00f1os y saber que va a seguir acompa\u00f1ando este cambio que queremos construir con todos los argentinos\u201d.<\/p>\n\n\n\n<figure class=\"wp-block-image size-large\"><img decoding=\"async\" src=\"https:\/\/ci3.googleusercontent.com\/proxy\/boyeOugccKmPbhBf01BJJxC_S8URItnOmzVkq-_UFAhGgtDcNt-PU19mSkXy2kojmxkngPgKBWldyDsrWLFShXbQNE9U03u49_zcPv78YUZohN-kA42Ahi2Mc5YSwuG_AU8zxIN3kEjlU2lUBWBnLdoqe39T83d2LJt8orJb8k0MlBMuKEvuwcLP0lrnP-f0=s0-d-e1-ft#https:\/\/app2.dopplerfiles.com\/Users\/160762\/Campaigns\/12666766\/Rodr%C3%ADguez_Larreta_present%C3%B3_a_Eugenio_Burzaco_27-3-23_(2).jpeg\" alt=\"\"\/><figcaption class=\"wp-element-caption\">Eugenio Burzaco es el nuevo jefe de la polic\u00eda de la ciudad<\/figcaption><\/figure>\n\n\n\n<p>Rodr\u00edguez Larreta aclar\u00f3 que \u201cno existen soluciones m\u00e1gicas ni r\u00e1pidas para problemas complejos\u201d. Y agreg\u00f3: \u201cTomamos una decisi\u00f3n pol\u00edtica: dise\u00f1amos un plan, lo sostuvimos en el tiempo, trabajando un d\u00eda tras otro y nos ocupamos de que cada polic\u00eda estuviera entrenado, equipado y con la \u00faltima tecnolog\u00eda disponible para cuidarnos\u201d.<\/p>\n\n\n\n<p>En ese sentido, valor\u00f3 el trabajo \u201cprofesional, valiente y comprometido\u201d realizado por el antecesor de Burzaco, Marcelo D\u2019Alessandro. \u201cLa operaci\u00f3n de inteligencia ilegal que est\u00e1 teniendo que soportar lo llev\u00f3 a tomarse licencia hace unos meses. La semana pasada, decidi\u00f3 dar un paso al costado de su funci\u00f3n, porque el tiempo y la energ\u00eda que le consum\u00edan su defensa eran incompatibles con la dedicaci\u00f3n que requiere la funci\u00f3n p\u00fablica\u201d, explic\u00f3.<\/p>\n","protected":false},"excerpt":{"rendered":"<p>El jefe de Gobierno de la ciudad de Buenos Aires, Horacio Rodr\u00edguez Larreta, present\u00f3 al nuevo jefe de la polic\u00eda municipal, Eugenio Burzaco, y remarc\u00f3 que si lo votaban como Presidente de Argentina, extender\u00eda los planes de seguridad en todo el pa\u00eds. \u00a0\u201cQueremos que vos vivas tranquilo, que puedas entrar y salir de tu casa [&hellip;]<\/p>\n","protected":false},"author":2,"featured_media":33751,"comment_status":"open","ping_status":"closed","sticky":false,"template":"","format":"standard","meta":{"jnews-multi-image_gallery":[],"jnews_single_post":{"subtitle":"","format":"standard","video":"","gallery":"","source_name":"","source_url":"","via_name":"","via_url":"","override_template":"0","override":[{"template":"4","single_blog_custom":"","parallax":"1","fullscreen":"1","layout":"right-sidebar","sidebar":"default-sidebar","second_sidebar":"default-sidebar","sticky_sidebar":"1","share_position":"top","share_float_style":"share-monocrhome","show_share_counter":"1","show_view_counter":"1","show_featured":"1","show_post_meta":"1","show_post_author":"1","show_post_author_image":"1","show_post_date":"1","post_date_format":"default","post_date_format_custom":"Y\/m\/d","show_post_category":"1","show_post_reading_time":"1","post_reading_time_wpm":"300","show_zoom_button":"1","zoom_button_out_step":"2","zoom_button_in_step":"3","show_post_tag":"1","show_prev_next_post":"1","show_popup_post":"1","number_popup_post":"1","show_author_box":"1","show_post_related":"1","show_inline_post_related":"0"}],"override_image_size":"0","image_override":[{"single_post_thumbnail_size":"crop-500","single_post_gallery_size":"crop-500"}],"trending_post":"0","trending_post_position":"meta","trending_post_label":"Trending","sponsored_post":"0","sponsored_post_label":"Sponsored by","sponsored_post_name":"","sponsored_post_url":"","sponsored_post_logo_enable":"0","sponsored_post_logo":"","sponsored_post_desc":"","disable_ad":"0"},"jnews_primary_category":{"id":"","hide":""},"jnews_social_meta":{"fb_title":"","fb_description":"","fb_image":"","twitter_title":"","twitter_description":"","twitter_image":""},"jnews_review":[],"enable_review":"0","type":"percentage","name":"","summary":"","brand":"","sku":"","good":[{"good_text":""}],"bad":[{"bad_text":""}],"score_override":"","override_value":"","rating":[{"rating_text":"","rating_number":"10"}],"price":[{"shop":"","price":"","link":"","icon":""}],"jnews_override_counter":{"override_view_counter":"0","view_counter_number":"0","override_share_counter":"0","share_counter_number":"0","override_like_counter":"0","like_counter_number":"0","override_dislike_counter":"0","dislike_counter_number":"0"},"jnews_post_split":{"enable_post_split":"0","post_split":[{"template":"1","tag":"h2","numbering":"asc","mode":"normal","first":"0","enable_toc":"0","toc_type":"normal"}]},"footnotes":""},"categories":[58,59],"tags":[44,478,940,45,1469],"class_list":["post-33750","post","type-post","status-publish","format-standard","has-post-thumbnail","hentry","category-argentina","category-politica","tag-argentina","tag-horacio-rodriguez-larreta","tag-inseguridad","tag-noticias","tag-policia-de-la-ciudad"],"amp_enabled":true,"_links":{"self":[{"href":"https:\/\/esreviral.com\/index.php?rest_route=\/wp\/v2\/posts\/33750"}],"collection":[{"href":"https:\/\/esreviral.com\/index.php?rest_route=\/wp\/v2\/posts"}],"about":[{"href":"https:\/\/esreviral.com\/index.php?rest_route=\/wp\/v2\/types\/post"}],"author":[{"embeddable":true,"href":"https:\/\/esreviral.com\/index.php?rest_route=\/wp\/v2\/users\/2"}],"replies":[{"embeddable":true,"href":"https:\/\/esreviral.com\/index.php?rest_route=%2Fwp%2Fv2%2Fcomments&post=33750"}],"version-history":[{"count":0,"href":"https:\/\/esreviral.com\/index.php?rest_route=\/wp\/v2\/posts\/33750\/revisions"}],"wp:featuredmedia":[{"embeddable":true,"href":"https:\/\/esreviral.com\/index.php?rest_route=\/wp\/v2\/media\/33751"}],"wp:attachment":[{"href":"https:\/\/esreviral.com\/index.php?rest_route=%2Fwp%2Fv2%2Fmedia&parent=33750"}],"wp:term":[{"taxonomy":"category","embeddable":true,"href":"https:\/\/esreviral.com\/index.php?rest_route=%2Fwp%2Fv2%2Fcategories&post=33750"},{"taxonomy":"post_tag","embeddable":true,"href":"https:\/\/esreviral.com\/index.php?rest_route=%2Fwp%2Fv2%2Ftags&post=33750"}],"curies":[{"name":"wp","href":"https:\/\/api.w.org\/{rel}","templated":true}]}}