{"id":33668,"date":"2023-03-24T12:05:43","date_gmt":"2023-03-24T17:05:43","guid":{"rendered":"https:\/\/esreviral.com\/?p=33668"},"modified":"2023-03-24T12:05:44","modified_gmt":"2023-03-24T17:05:44","slug":"como-funcionaran-los-servicios-publicos-de-la-ciudad-este-viernes-24-de-marzo","status":"publish","type":"post","link":"https:\/\/esreviral.com\/?p=33668","title":{"rendered":"C\u00f3mo funcionar\u00e1n los Servicios P\u00fablicos de la Ciudad este viernes 24 de marzo"},"content":{"rendered":"\n<p class=\"has-text-align-right\"><em><strong>\u00a0<\/strong><\/em><\/p>\n\n\n\n<p>El Gobierno de la Ciudad Aut\u00f3noma de Buenos Aires informa el cronograma de servicios p\u00fablicos para este viernes 24 de marzo, feriado por el D\u00eda Nacional de la Memoria por la Verdad y la Justicia.<\/p>\n\n\n\n<p>*&nbsp;<strong>Hospitales<\/strong>: funcionar\u00e1n las guardias, el SAME y las Unidades Febriles de Urgencia. A su vez, los vacunatorios COVID-19 (Club San Lorenzo, Centro Isl\u00e1mico, Arist\u00f3bulo del Valle y Museo de Arte Espa\u00f1ol Enrique Larreta) permanecer\u00e1n abiertos.<\/p>\n\n\n\n<p>*&nbsp;<strong>Escuelas<\/strong>: cerradas.<\/p>\n\n\n\n<p>*\u00a0<strong>Cementerios<\/strong>: las inhumaciones en los Cementerios de Chacarita, Flores, Recoleta y el ingreso de los fallecidos al Crematorio de la Ciudad Aut\u00f3noma de Buenos Aires se realizar\u00e1n en el horario de 7.30 a 14 horas a destino, recepcion\u00e1ndose el \u00faltimo tr\u00e1mite a las 13 e inici\u00e1ndose la \u00faltima inhumaci\u00f3n a las 13.30.<\/p>\n\n\n\n<p>*&nbsp;<strong>Administraci\u00f3n Gubernamental de Ingresos P\u00fablicos y Direcci\u00f3n General de Rentas:<\/strong>&nbsp;cerradas.<\/p>\n\n\n\n<p>*&nbsp;<strong>Sedes Comunales<\/strong>: cerradas.<\/p>\n\n\n\n<p>*&nbsp;<strong>Registro Civil<\/strong>: permanecer\u00e1 cerrado. Funcionar\u00e1 s\u00f3lo la guardia de defunciones de 8 a 12.30.<\/p>\n\n\n\n<p>*&nbsp;<strong>Recolecci\u00f3n de residuos<\/strong>: el servicio funcionar\u00e1 de manera habitual.<\/p>\n\n\n\n<p>*&nbsp;<strong>Estacionamiento<\/strong>: estar\u00e1 permitido estacionar sobre las avenidas y calles donde est\u00e1 prohibido estacionar los d\u00edas h\u00e1biles de 7 a 21 horas. No estar\u00e1 permitido estacionar sobre avenidas o calles donde est\u00e1 prohibido estacionar las 24 horas.<\/p>\n\n\n\n<p>El estacionamiento medido no tendr\u00e1 vigencia.<\/p>\n\n\n\n<p>En las rampas, veredas, ochavas, cocheras, paradas de colectivo, calles de convivencia, espacios reservados para personas con discapacidad, espacios reservados para cl\u00ednicas y hospitales y cajones de carga y descarga, sigue rigiendo la prohibici\u00f3n durante las 24 horas. Adem\u00e1s no habr\u00e1 restricci\u00f3n de ingreso a Centro y Tribunales peatonal.<\/p>\n\n\n\n<p>M\u00e1s informaci\u00f3n:&nbsp;<a href=\"http:\/\/estacionamiento.gob.ar\/\" target=\"_blank\" rel=\"noreferrer noopener\">http:\/\/estacionamiento.gob.ar\/<\/a><\/p>\n\n\n\n<p>*<strong>Subtes y premetro<\/strong>: el servicio funcionar\u00e1 de 7 a 22 horas seg\u00fan corresponda el horario del \u00faltimo tren de cada l\u00ednea. Consultar horario ac\u00e1.<\/p>\n\n\n\n<p>*&nbsp;<strong>Ecobici<\/strong>: los usuarios de Ecobici tendr\u00e1n las siguientes opciones:<\/p>\n\n\n\n<p><strong><mark style=\"background-color:rgba(0, 0, 0, 0)\" class=\"has-inline-color has-vivid-red-color\">1. \u00a0 \u00a0RECREATIVO<\/mark><\/strong>:<\/p>\n\n\n\n<p>\/ Viaje \u00fanico: $180 &#8211; 1 viaje de hasta 30 minutos los s\u00e1bados, domingos y feriados.<\/p>\n\n\n\n<p>\/ Diario: $390 &#8211; 6 viajes diarios de hasta 60 minutos.<\/p>\n\n\n\n<p><strong><mark style=\"background-color:rgba(0, 0, 0, 0)\" class=\"has-inline-color has-vivid-red-color\">2. \u00a0 \u00a0 \u00a0INTENSIVO:<\/mark><\/strong><\/p>\n\n\n\n<p>\/ &nbsp;Diario: $390 &#8211; hasta 6 viajes diarios de hasta 60 minutos.<\/p>\n\n\n\n<p>\/ Mensual: $1.785 &#8211; hasta 6 viajes de 60 minutos al d\u00eda durante un mes.<\/p>\n\n\n\n<p>\/ Anual: $15.285 &#8211; &nbsp;hasta 6 viajes de 60 minutos al d\u00eda durante un a\u00f1o.<\/p>\n\n\n\n<p><strong><mark style=\"background-color:rgba(0, 0, 0, 0)\" class=\"has-inline-color has-vivid-red-color\">3. \u00a0 \u00a0 \u00a0TUR\u00cdSTICO: (s\u00f3lo para turistas extranjeros)<\/mark><\/strong><\/p>\n\n\n\n<p>\/Diario: $2.250 &#8211; hasta 6 viajes diarios de hasta 60 minutos.<\/p>\n\n\n\n<p>\/ 3 d\u00edas: $4.900 &#8211; viajes ilimitados de hasta 120 minutos, durante 72 horas<\/p>\n\n\n\n<p>\/ 7 d\u00edas: $5.900 &#8211; viajes ilimitados de hasta 120 minutos, durante 7 d\u00edas.<\/p>\n\n\n\n<p>\/ Viaje \u00fanico: $700 &#8211; 1 viaje de hasta 30 minutos.<\/p>\n\n\n\n<p>*&nbsp;<strong>Peajes<\/strong>: los peajes funcionar\u00e1n con normalidad, tomando como hora pico el horario de fin de semana, es decir, de 11 a 15 horas sentido Provincia, y de 17 a 21 horas sentido Centro.<\/p>\n\n\n\n<p>*&nbsp;<strong>Registro de licencias para conducir, sede Roca<\/strong>: cerrada.<\/p>\n\n\n\n<p>*&nbsp;<strong>Pista de aprendizaje<\/strong>: estar\u00e1 abierta y funcionar\u00e1 normalmente. Para poder utilizar el espacio de forma segura y responsable los vecinos y vecinas deber\u00e1n sacar turno con anticipaci\u00f3n en&nbsp;<a href=\"https:\/\/www.buenosaires.gob.ar\/licenciasdeconducir\/practicas-de-manejo\" target=\"_blank\" rel=\"noreferrer noopener\">https:\/\/www.buenosaires.gob.ar\/licenciasdeconducir\/practicas-de-manejo<\/a>.<\/p>\n\n\n\n<p>*&nbsp;<strong>Verificaci\u00f3n T\u00e9cnica Vehicular<\/strong>: las siete plantas permanecer\u00e1n cerradas.<\/p>\n\n\n\n<p>*<strong>Direcci\u00f3n General de Infracciones<\/strong>: cerrada.<\/p>\n\n\n\n<p>*&nbsp;<strong>Polic\u00eda y Bomberos de la Ciudad + Emergencias L\u00ednea 911; Log\u00edstica, Defensa Civil, Guardia de Auxilio y Emergencias + L\u00ednea 103:<\/strong>&nbsp;guardias activas las 24 horas.<\/p>\n\n\n\n<p>*&nbsp;<strong>Parques<\/strong>:<\/p>\n\n\n\n<p>Jard\u00edn Bot\u00e1nico Carlos Thays: abierto de 9.30 a 19 horas.<\/p>\n\n\n\n<p>Ecoparque: abierto de 11 a 18 horas.<\/p>\n\n\n\n<p>Reserva Ecol\u00f3gica Costanera Sur: abierta &nbsp;de 8 a 19 horas.<\/p>\n\n\n\n<p>Lago Lugano: abierto de 10 a 18 horas.<\/p>\n\n\n\n<p>Reserva Ecol\u00f3gica Ciudad Universitaria Costanera Norte: cerrada por obras hasta el 31 de marzo.<\/p>\n\n\n\n<p>*&nbsp;<strong>Museos<\/strong>: abiertos de 11 a 20 horas.<\/p>\n\n\n\n<p>Para m\u00e1s informaci\u00f3n:&nbsp;<a href=\"http:\/\/www.buenosaires.gob.ar\/museos\" target=\"_blank\" rel=\"noreferrer noopener\">http:\/\/www.buenosaires.gob.ar\/museos<\/a>.<\/p>\n\n\n\n<p>*&nbsp;<strong>Bibliotecas p\u00fablicas<\/strong>: cerradas (a excepci\u00f3n de Casa de la Lectura y Parque de la Estaci\u00f3n, abiertas de 10 a 20 horas).<\/p>\n\n\n\n<p><strong>* Teatros dependientes del GCBA:<\/strong><\/p>\n\n\n\n<p>Complejo Teatral de Buenos Aires: cerrado.<\/p>\n\n\n\n<p>Centro Cultural San Mart\u00edn: cerrado.<\/p>\n\n\n\n<p>Centro Cultural 25 de Mayo: abierto.<\/p>\n\n\n\n<p>Centro Cultural Recoleta: abierto de 11.15 a 22 horas.<\/p>\n\n\n\n<p>Teatro Col\u00f3n: visitas guiadas de 9 a 16.45.<\/p>\n\n\n\n<p>Col\u00f3n F\u00e1brica: abierto de 12 a 18 horas.<\/p>\n\n\n\n<p>Usina del Arte: abierta de 11 a 20 horas.<\/p>\n\n\n\n<p><\/p>\n\n\n\n<p class=\"has-text-align-right\"><em><strong>Prensa GCBA.-<\/strong><\/em><\/p>\n","protected":false},"excerpt":{"rendered":"<p>Desde hospitales, sedes comunales y hasta Registro de licencias para conducir, conoc\u00e9 los horarios de funcionamiento del viernes 24 de marzo.<\/p>\n","protected":false},"author":3,"featured_media":33669,"comment_status":"open","ping_status":"closed","sticky":false,"template":"","format":"standard","meta":{"jnews-multi-image_gallery":[],"jnews_single_post":{"subtitle":"","format":"standard","video":"","gallery":"","source_name":"","source_url":"","via_name":"","via_url":"","override_template":"0","override":[{"template":"4","single_blog_custom":"","parallax":"1","fullscreen":"1","layout":"right-sidebar","sidebar":"default-sidebar","second_sidebar":"default-sidebar","sticky_sidebar":"1","share_position":"top","share_float_style":"share-monocrhome","show_share_counter":"1","show_view_counter":"1","show_featured":"1","show_post_meta":"1","show_post_author":"1","show_post_author_image":"1","show_post_date":"1","post_date_format":"default","post_date_format_custom":"Y\/m\/d","show_post_category":"1","show_post_reading_time":"1","post_reading_time_wpm":"300","show_zoom_button":"1","zoom_button_out_step":"2","zoom_button_in_step":"3","show_post_tag":"1","show_prev_next_post":"1","show_popup_post":"1","number_popup_post":"1","show_author_box":"1","show_post_related":"1","show_inline_post_related":"0"}],"override_image_size":"0","image_override":[{"single_post_thumbnail_size":"crop-500","single_post_gallery_size":"crop-500"}],"trending_post":"0","trending_post_position":"meta","trending_post_label":"Trending","sponsored_post":"0","sponsored_post_label":"Sponsored by","sponsored_post_name":"","sponsored_post_url":"","sponsored_post_logo_enable":"0","sponsored_post_logo":"","sponsored_post_desc":"","disable_ad":"0"},"jnews_primary_category":{"id":"","hide":""},"jnews_social_meta":{"fb_title":"","fb_description":"","fb_image":"","twitter_title":"","twitter_description":"","twitter_image":""},"jnews_review":[],"enable_review":"0","type":"percentage","name":"","summary":"","brand":"","sku":"","good":[{"good_text":""}],"bad":[{"bad_text":""}],"score_override":"","override_value":"","rating":[{"rating_text":"","rating_number":"10"}],"price":[{"shop":"","price":"","link":"","icon":""}],"jnews_override_counter":{"override_view_counter":"0","view_counter_number":"0","override_share_counter":"0","share_counter_number":"0","override_like_counter":"0","like_counter_number":"0","override_dislike_counter":"0","dislike_counter_number":"0"},"jnews_post_split":{"enable_post_split":"0","post_split":[{"template":"1","tag":"h2","numbering":"asc","mode":"normal","first":"0","enable_toc":"0","toc_type":"normal"}]},"footnotes":""},"categories":[58],"tags":[44,3423,8252,8213,45,2695],"class_list":["post-33668","post","type-post","status-publish","format-standard","has-post-thumbnail","hentry","category-argentina","tag-argentina","tag-ciudad-autonoma-de-buenos-aires-2","tag-dia-nacional-de-la-memoria","tag-dia-nacional-de-la-memoria-por-la-verdad-y-la-justicia","tag-noticias","tag-servicios-publicos"],"amp_enabled":true,"_links":{"self":[{"href":"https:\/\/esreviral.com\/index.php?rest_route=\/wp\/v2\/posts\/33668"}],"collection":[{"href":"https:\/\/esreviral.com\/index.php?rest_route=\/wp\/v2\/posts"}],"about":[{"href":"https:\/\/esreviral.com\/index.php?rest_route=\/wp\/v2\/types\/post"}],"author":[{"embeddable":true,"href":"https:\/\/esreviral.com\/index.php?rest_route=\/wp\/v2\/users\/3"}],"replies":[{"embeddable":true,"href":"https:\/\/esreviral.com\/index.php?rest_route=%2Fwp%2Fv2%2Fcomments&post=33668"}],"version-history":[{"count":0,"href":"https:\/\/esreviral.com\/index.php?rest_route=\/wp\/v2\/posts\/33668\/revisions"}],"wp:featuredmedia":[{"embeddable":true,"href":"https:\/\/esreviral.com\/index.php?rest_route=\/wp\/v2\/media\/33669"}],"wp:attachment":[{"href":"https:\/\/esreviral.com\/index.php?rest_route=%2Fwp%2Fv2%2Fmedia&parent=33668"}],"wp:term":[{"taxonomy":"category","embeddable":true,"href":"https:\/\/esreviral.com\/index.php?rest_route=%2Fwp%2Fv2%2Fcategories&post=33668"},{"taxonomy":"post_tag","embeddable":true,"href":"https:\/\/esreviral.com\/index.php?rest_route=%2Fwp%2Fv2%2Ftags&post=33668"}],"curies":[{"name":"wp","href":"https:\/\/api.w.org\/{rel}","templated":true}]}}