{"id":33663,"date":"2023-03-24T11:45:38","date_gmt":"2023-03-24T16:45:38","guid":{"rendered":"https:\/\/esreviral.com\/?p=33663"},"modified":"2023-03-24T11:48:55","modified_gmt":"2023-03-24T16:48:55","slug":"ernes-presenta-su-nuevo-sencillo-madrid","status":"publish","type":"post","link":"https:\/\/esreviral.com\/?p=33663","title":{"rendered":"Ernes presenta su nuevo sencillo: Madrid"},"content":{"rendered":"\n<p>Un \u201cpaso\u201d m\u00e1s en su crecimiento art\u00edstico y profesional. As\u00ed se puede<br>definir el estreno de&nbsp;Madrid, el nuevo sencillo del m\u00fasico y cantautor<br>venezolano&nbsp;Ernes, en colaboraci\u00f3n con el tambi\u00e9n cantante&nbsp;John<br>Mel\u00e9ndez.<\/p>\n\n\n\n<p>\u201cMadrid\u201d&nbsp;es un single que re\u00fane los elementos que forman parte del<br>sello caracter\u00edstico del cantautor residente en&nbsp;Buenos Aires. El mismo<br>ya se encuentra disponible en las plataformas digitales.<\/p>\n\n\n\n<p>La canci\u00f3n se distingue por fusionar elementos propios del reggaet\u00f3n y<br>del pop rom\u00e1ntico. Ambos g\u00e9neros son la marca registrada del artista, y<br>con los cuales ha conquistado a sus fans desde que comenz\u00f3 su<br>camino.&nbsp;<\/p>\n\n\n\n<figure class=\"wp-block-image size-large\"><img fetchpriority=\"high\" decoding=\"async\" width=\"1024\" height=\"1024\" src=\"https:\/\/esreviral.com\/wp-content\/uploads\/2023\/03\/atsapp-image-2023-01-15-at-18-11-57-1024x1024.webp\" alt=\"\" class=\"wp-image-33665\" srcset=\"https:\/\/esreviral.com\/wp-content\/uploads\/2023\/03\/atsapp-image-2023-01-15-at-18-11-57-1024x1024.webp 1024w, https:\/\/esreviral.com\/wp-content\/uploads\/2023\/03\/atsapp-image-2023-01-15-at-18-11-57-300x300.webp 300w, https:\/\/esreviral.com\/wp-content\/uploads\/2023\/03\/atsapp-image-2023-01-15-at-18-11-57-150x150.webp 150w, https:\/\/esreviral.com\/wp-content\/uploads\/2023\/03\/atsapp-image-2023-01-15-at-18-11-57-768x768.webp 768w, https:\/\/esreviral.com\/wp-content\/uploads\/2023\/03\/atsapp-image-2023-01-15-at-18-11-57-75x75.webp 75w, https:\/\/esreviral.com\/wp-content\/uploads\/2023\/03\/atsapp-image-2023-01-15-at-18-11-57-350x350.webp 350w, https:\/\/esreviral.com\/wp-content\/uploads\/2023\/03\/atsapp-image-2023-01-15-at-18-11-57-750x750.webp 750w, https:\/\/esreviral.com\/wp-content\/uploads\/2023\/03\/atsapp-image-2023-01-15-at-18-11-57-1140x1140.webp 1140w, https:\/\/esreviral.com\/wp-content\/uploads\/2023\/03\/atsapp-image-2023-01-15-at-18-11-57.webp 1280w\" sizes=\"(max-width: 1024px) 100vw, 1024px\" \/><\/figure>\n\n\n\n<p>M\u00e1s que una canci\u00f3n es el sentimiento y la idea conceptual de lo que<br>Ernes busca transmitir. Es la experiencia de un coraz\u00f3n roto.<\/p>\n\n\n\n<p>Tal como se mencion\u00f3, \u201cMadrid\u201d es un single que relata la experiencia<br>que se vive ante un v\u00ednculo amoroso que no resulta. Sin embargo, la<br>canci\u00f3n apunta a transmitir un mensaje de aliento ante este tipo de<br>situaciones, tan adversas para el coraz\u00f3n.<\/p>\n\n\n\n<p>Ernes detalla que Madrid fue el trabajo de composici\u00f3n del sencillo. La<br>canci\u00f3n tiene aproximadamente un a\u00f1o de haberse escrito, para la<br>realizaci\u00f3n del mismo, John Mel\u00e9ndez, quien colabor\u00f3 en el single,<br>grab\u00f3 sus partes de la canci\u00f3n en el estudio. Posteriormente, \u00e9l junto a<\/p>\n\n\n\n<p>Ernes y el productor ultimaron los detalles. Dos meses despu\u00e9s, se<br>grab\u00f3 el videoclip.<\/p>\n\n\n\n<p>Ernes es el nombre art\u00edstico de&nbsp;Ernesto Ad\u00e1n Rodr\u00edguez D\u00e1vila,<br>nacido en&nbsp;Venezuela&nbsp;en 1996. Su v\u00ednculo con la m\u00fasica comenz\u00f3<br>durante su ni\u00f1ez y a lo largo de su vida busc\u00f3 perfeccionarse en su<br>pasi\u00f3n.&nbsp;<br>En 2012, el joven comenz\u00f3 sus estudios en el&nbsp;Conservatorio de M\u00fasica<br>\u201cEcheverr\u00eda Lozano\u201d&nbsp;y&nbsp;el&nbsp;Conservatorio de M\u00fasica del estado<br>Carabobo, ambos en su pa\u00eds de origen.<\/p>\n\n\n\n<p>A los 18 a\u00f1os grab\u00f3 su primer disco titulado&nbsp;Consagraci\u00f3n, donde<br>cont\u00f3 con la participaci\u00f3n de diferentes artistas. En 2016, inici\u00f3 su<br>primera gira la cual lo llev\u00f3 a presentarse en escenarios emblem\u00e1ticos<br>de Venezuela.<\/p>\n\n\n\n<p>En la actualidad, se encuentra residiendo en la&nbsp;Argentina, sus pr\u00f3ximos<br>proyectos tras el estreno del single, es la postulaci\u00f3n para los&nbsp;Premios<br>Gardel.<\/p>\n\n\n\n<p class=\"has-text-align-right\"><strong><em>Prensa Ernes.-<\/em><\/strong><\/p>\n\n\n\n<figure class=\"wp-block-embed is-type-video is-provider-youtube wp-block-embed-youtube wp-embed-aspect-16-9 wp-has-aspect-ratio\"><div class=\"wp-block-embed__wrapper\">\n<div class=\"jeg_video_container jeg_video_content\"><iframe title=\"Madrid, Ernes ft John Melendez (Oficial Video)\" width=\"500\" height=\"281\" src=\"https:\/\/www.youtube.com\/embed\/5H4g4X8jGw8?start=5&#038;feature=oembed\" frameborder=\"0\" allow=\"accelerometer; autoplay; clipboard-write; encrypted-media; gyroscope; picture-in-picture; web-share\" referrerpolicy=\"strict-origin-when-cross-origin\" allowfullscreen><\/iframe><\/div>\n<\/div><\/figure>\n","protected":false},"excerpt":{"rendered":"<p>Un \u201cpaso\u201d m\u00e1s en su crecimiento art\u00edstico y profesional. As\u00ed se puededefinir el estreno de&nbsp;Madrid, el nuevo sencillo del m\u00fasico y cantautorvenezolano&nbsp;Ernes, en colaboraci\u00f3n con el tambi\u00e9n cantante&nbsp;JohnMel\u00e9ndez. \u201cMadrid\u201d&nbsp;es un single que re\u00fane los elementos que forman parte delsello caracter\u00edstico del cantautor residente en&nbsp;Buenos Aires. El mismoya se encuentra disponible en las plataformas digitales. La [&hellip;]<\/p>\n","protected":false},"author":2,"featured_media":33664,"comment_status":"open","ping_status":"closed","sticky":false,"template":"","format":"standard","meta":{"jnews-multi-image_gallery":[],"jnews_single_post":{"subtitle":"","format":"standard","video":"","gallery":"","source_name":"","source_url":"","via_name":"","via_url":"","override_template":"0","override":[{"template":"4","single_blog_custom":"","parallax":"1","fullscreen":"1","layout":"right-sidebar","sidebar":"default-sidebar","second_sidebar":"default-sidebar","sticky_sidebar":"1","share_position":"top","share_float_style":"share-monocrhome","show_share_counter":"1","show_view_counter":"1","show_featured":"1","show_post_meta":"1","show_post_author":"1","show_post_author_image":"1","show_post_date":"1","post_date_format":"default","post_date_format_custom":"Y\/m\/d","show_post_category":"1","show_post_reading_time":"1","post_reading_time_wpm":"300","show_zoom_button":"1","zoom_button_out_step":"2","zoom_button_in_step":"3","show_post_tag":"1","show_prev_next_post":"1","show_popup_post":"1","number_popup_post":"1","show_author_box":"1","show_post_related":"1","show_inline_post_related":"0"}],"override_image_size":"0","image_override":[{"single_post_thumbnail_size":"crop-500","single_post_gallery_size":"crop-500"}],"trending_post":"0","trending_post_position":"meta","trending_post_label":"Trending","sponsored_post":"0","sponsored_post_label":"Sponsored by","sponsored_post_name":"","sponsored_post_url":"","sponsored_post_logo_enable":"0","sponsored_post_logo":"","sponsored_post_desc":"","disable_ad":"0"},"jnews_primary_category":{"id":"","hide":""},"jnews_social_meta":{"fb_title":"","fb_description":"","fb_image":"","twitter_title":"","twitter_description":"","twitter_image":""},"jnews_review":[],"enable_review":"0","type":"percentage","name":"","summary":"","brand":"","sku":"","good":[{"good_text":""}],"bad":[{"bad_text":""}],"score_override":"","override_value":"","rating":[{"rating_text":"","rating_number":"10"}],"price":[{"shop":"","price":"","link":"","icon":""}],"jnews_override_counter":{"override_view_counter":"0","view_counter_number":"0","override_share_counter":"0","share_counter_number":"0","override_like_counter":"0","like_counter_number":"0","override_dislike_counter":"0","dislike_counter_number":"0"},"jnews_post_split":{"enable_post_split":"0","post_split":[{"template":"1","tag":"h2","numbering":"asc","mode":"normal","first":"0","enable_toc":"0","toc_type":"normal"}]},"footnotes":""},"categories":[1142],"tags":[44,1318,45,67],"class_list":["post-33663","post","type-post","status-publish","format-standard","has-post-thumbnail","hentry","category-musica","tag-argentina","tag-ernes","tag-noticias","tag-venezolanos-en-argentina"],"amp_enabled":true,"_links":{"self":[{"href":"https:\/\/esreviral.com\/index.php?rest_route=\/wp\/v2\/posts\/33663"}],"collection":[{"href":"https:\/\/esreviral.com\/index.php?rest_route=\/wp\/v2\/posts"}],"about":[{"href":"https:\/\/esreviral.com\/index.php?rest_route=\/wp\/v2\/types\/post"}],"author":[{"embeddable":true,"href":"https:\/\/esreviral.com\/index.php?rest_route=\/wp\/v2\/users\/2"}],"replies":[{"embeddable":true,"href":"https:\/\/esreviral.com\/index.php?rest_route=%2Fwp%2Fv2%2Fcomments&post=33663"}],"version-history":[{"count":0,"href":"https:\/\/esreviral.com\/index.php?rest_route=\/wp\/v2\/posts\/33663\/revisions"}],"wp:featuredmedia":[{"embeddable":true,"href":"https:\/\/esreviral.com\/index.php?rest_route=\/wp\/v2\/media\/33664"}],"wp:attachment":[{"href":"https:\/\/esreviral.com\/index.php?rest_route=%2Fwp%2Fv2%2Fmedia&parent=33663"}],"wp:term":[{"taxonomy":"category","embeddable":true,"href":"https:\/\/esreviral.com\/index.php?rest_route=%2Fwp%2Fv2%2Fcategories&post=33663"},{"taxonomy":"post_tag","embeddable":true,"href":"https:\/\/esreviral.com\/index.php?rest_route=%2Fwp%2Fv2%2Ftags&post=33663"}],"curies":[{"name":"wp","href":"https:\/\/api.w.org\/{rel}","templated":true}]}}