{"id":33660,"date":"2023-03-24T09:33:53","date_gmt":"2023-03-24T14:33:53","guid":{"rendered":"https:\/\/esreviral.com\/?p=33660"},"modified":"2023-03-24T09:33:54","modified_gmt":"2023-03-24T14:33:54","slug":"el-gobierno-de-venezuela-vendera-monomeros-a-colombia","status":"publish","type":"post","link":"https:\/\/esreviral.com\/?p=33660","title":{"rendered":"El Gobierno de Venezuela vender\u00e1 Mon\u00f3meros a Colombia"},"content":{"rendered":"\n<p>El gobierno de Nicol\u00e1s Maduro finalmente vender\u00e1 la compa\u00f1\u00eda\u00a0Mon\u00f3meros, filial de la venezolana Pequiven ubicada en Barranquilla, a la compa\u00f1\u00eda colombiana Ecopetrol por un monto de\u00a0<strong>300 millones de d\u00f3lares.<\/strong><\/p>\n\n\n\n<p><strong>Armando Benedetti<\/strong>, embajador del gobierno de Gustavo Petro en Caracas, dio a conocer la noticia durante la Macrorrueda de Negocios, rese\u00f1\u00f3 el medio digital<em>\u00a0W Radio<\/em>. El evento tuvo lugar en esa ciudad el jueves y asistieron invitados de Venezuela.<\/p>\n\n\n\n<p>El funcionario no ampli\u00f3 detalles sobre este negocio. Pero asegur\u00f3 que el proceso tendr\u00e1 mayor celeridad luego de la salida de\u00a0<strong>Felipe Bay\u00f3n<\/strong>\u00a0de la direcci\u00f3n de Ecopetrol.<\/p>\n\n\n\n<figure class=\"wp-block-embed is-type-rich is-provider-twitter wp-block-embed-twitter\"><div class=\"wp-block-embed__wrapper\">\n<blockquote class=\"twitter-tweet\" data-width=\"500\" data-dnt=\"true\"><p lang=\"es\" dir=\"ltr\">A la Macrorrueda de Negocios <a href=\"https:\/\/twitter.com\/PROCOLOMBIACO?ref_src=twsrc%5Etfw\">@PROCOLOMBIACO<\/a> con Venezuela como pa\u00eds invitado, han asistido m\u00e1s de 4 mil personas, lo que demuestra una econom\u00eda activa y movi\u00e9ndose. Empresarios que quieren invertir en Colombia, as\u00ed me lo dijeron. Venezuela debe ser el pa\u00eds a donde m\u00e1s se exporte. <a href=\"https:\/\/t.co\/nEoTgAfL8R\">pic.twitter.com\/nEoTgAfL8R<\/a><\/p>&mdash; Armando Benedetti (@AABenedetti) <a href=\"https:\/\/twitter.com\/AABenedetti\/status\/1638880311403528193?ref_src=twsrc%5Etfw\">March 23, 2023<\/a><\/blockquote><script async src=\"https:\/\/platform.twitter.com\/widgets.js\" charset=\"utf-8\"><\/script>\n<\/div><\/figure>\n\n\n\n<p><\/p>\n\n\n\n<p>Benedetti record\u00f3 asimismo que\u00a0<strong>Petro ya hab\u00eda expresado su inter\u00e9s<\/strong>\u00a0en adquirir la compa\u00f1\u00eda venezolana.<\/p>\n\n\n\n<p><strong><mark style=\"background-color:rgba(0, 0, 0, 0)\" class=\"has-inline-color has-vivid-red-color\">Reuni\u00f3n Petro-Maduro<\/mark><\/strong><\/p>\n\n\n\n<p>Esta informaci\u00f3n se conoci\u00f3 el mismo d\u00eda en que&nbsp;<strong>el mandatario colombiano viaj\u00f3 por tercera vez a Caracas<\/strong>&nbsp;para reunirse con Maduro. En la antigua residencia presidencial La Casona, tuvieron un encuentro en el que tambi\u00e9n estuvieron el canciller de ese pa\u00eds, \u00c1lvaro Leyva, la primera dama Cilia Flores y Jorge Rodr\u00edguez, presidente de la Asamblea Nacional electa en 2020.<\/p>\n\n\n\n<p>El canal chavista Venezolana de Televisi\u00f3n asegur\u00f3 que la reuni\u00f3n se realiz\u00f3 con el objetivo de&nbsp;<strong>profundizar la cooperaci\u00f3n estrat\u00e9gica entre ambos pa\u00edses.<\/strong>&nbsp;No se mencion\u00f3, sin embargo, alguna alguna decisi\u00f3n relacionada con Mon\u00f3meros ni se revelaron otros aspectos socioecon\u00f3micos y pol\u00edticos que se pudieron haber discutido.<\/p>\n\n\n\n<p>Las autoridades de Venezuela no han confirmado hasta el momento la venta de la filial de Pequiven a Colombia.<\/p>\n\n\n\n<p class=\"has-text-align-right\"><strong><em>ElNacional.-<\/em><\/strong><\/p>\n","protected":false},"excerpt":{"rendered":"<p>Armando Benedetti, embajador del gobierno de Gustavo Petro en Caracas, dio a conocer la noticia durante la Macrorrueda de Negocios, que tuvo lugar en Barranquilla el jueves y a la que asistieron invitados de Venezuela<\/p>\n","protected":false},"author":3,"featured_media":33661,"comment_status":"open","ping_status":"closed","sticky":false,"template":"","format":"standard","meta":{"jnews-multi-image_gallery":[],"jnews_single_post":{"subtitle":"","format":"standard","video":"","gallery":"","source_name":"","source_url":"","via_name":"","via_url":"","override_template":"0","override":[{"template":"4","single_blog_custom":"","parallax":"1","fullscreen":"1","layout":"right-sidebar","sidebar":"default-sidebar","second_sidebar":"default-sidebar","sticky_sidebar":"1","share_position":"top","share_float_style":"share-monocrhome","show_share_counter":"1","show_view_counter":"1","show_featured":"1","show_post_meta":"1","show_post_author":"1","show_post_author_image":"1","show_post_date":"1","post_date_format":"default","post_date_format_custom":"Y\/m\/d","show_post_category":"1","show_post_reading_time":"1","post_reading_time_wpm":"300","show_zoom_button":"1","zoom_button_out_step":"2","zoom_button_in_step":"3","show_post_tag":"1","show_prev_next_post":"1","show_popup_post":"1","number_popup_post":"1","show_author_box":"1","show_post_related":"1","show_inline_post_related":"0"}],"override_image_size":"0","image_override":[{"single_post_thumbnail_size":"crop-500","single_post_gallery_size":"crop-500"}],"trending_post":"0","trending_post_position":"meta","trending_post_label":"Trending","sponsored_post":"0","sponsored_post_label":"Sponsored by","sponsored_post_name":"","sponsored_post_url":"","sponsored_post_logo_enable":"0","sponsored_post_logo":"","sponsored_post_desc":"","disable_ad":"0"},"jnews_primary_category":{"id":"","hide":""},"jnews_social_meta":{"fb_title":"","fb_description":"","fb_image":"","twitter_title":"","twitter_description":"","twitter_image":""},"jnews_review":[],"enable_review":"0","type":"percentage","name":"","summary":"","brand":"","sku":"","good":[{"good_text":""}],"bad":[{"bad_text":""}],"score_override":"","override_value":"","rating":[{"rating_text":"","rating_number":"10"}],"price":[{"shop":"","price":"","link":"","icon":""}],"jnews_override_counter":{"override_view_counter":"0","view_counter_number":"0","override_share_counter":"0","share_counter_number":"0","override_like_counter":"0","like_counter_number":"0","override_dislike_counter":"0","dislike_counter_number":"0"},"jnews_post_split":{"enable_post_split":"0","post_split":[{"template":"1","tag":"h2","numbering":"asc","mode":"normal","first":"0","enable_toc":"0","toc_type":"normal"}]},"footnotes":""},"categories":[61,66],"tags":[283,8219,1549,3258,1068,45,2725,2880,56],"class_list":["post-33660","post","type-post","status-publish","format-standard","has-post-thumbnail","hentry","category-economia","category-venezuela","tag-colombia","tag-gobierno-de-nicolas-maduro","tag-gustavo-petro","tag-monomeros","tag-nicolas-maduro","tag-noticias","tag-petro","tag-petro-y-maduro","tag-venezuela"],"amp_enabled":true,"_links":{"self":[{"href":"https:\/\/esreviral.com\/index.php?rest_route=\/wp\/v2\/posts\/33660"}],"collection":[{"href":"https:\/\/esreviral.com\/index.php?rest_route=\/wp\/v2\/posts"}],"about":[{"href":"https:\/\/esreviral.com\/index.php?rest_route=\/wp\/v2\/types\/post"}],"author":[{"embeddable":true,"href":"https:\/\/esreviral.com\/index.php?rest_route=\/wp\/v2\/users\/3"}],"replies":[{"embeddable":true,"href":"https:\/\/esreviral.com\/index.php?rest_route=%2Fwp%2Fv2%2Fcomments&post=33660"}],"version-history":[{"count":0,"href":"https:\/\/esreviral.com\/index.php?rest_route=\/wp\/v2\/posts\/33660\/revisions"}],"wp:featuredmedia":[{"embeddable":true,"href":"https:\/\/esreviral.com\/index.php?rest_route=\/wp\/v2\/media\/33661"}],"wp:attachment":[{"href":"https:\/\/esreviral.com\/index.php?rest_route=%2Fwp%2Fv2%2Fmedia&parent=33660"}],"wp:term":[{"taxonomy":"category","embeddable":true,"href":"https:\/\/esreviral.com\/index.php?rest_route=%2Fwp%2Fv2%2Fcategories&post=33660"},{"taxonomy":"post_tag","embeddable":true,"href":"https:\/\/esreviral.com\/index.php?rest_route=%2Fwp%2Fv2%2Ftags&post=33660"}],"curies":[{"name":"wp","href":"https:\/\/api.w.org\/{rel}","templated":true}]}}