{"id":33654,"date":"2023-03-24T08:45:51","date_gmt":"2023-03-24T13:45:51","guid":{"rendered":"https:\/\/esreviral.com\/?p=33654"},"modified":"2023-03-24T08:45:52","modified_gmt":"2023-03-24T13:45:52","slug":"laura-pausini-se-caso-con-su-guitarrista-y-juntos-cantaron-en-su-boda","status":"publish","type":"post","link":"https:\/\/esreviral.com\/?p=33654","title":{"rendered":"Laura Pausini se cas\u00f3 con su guitarrista y juntos cantaron en su boda"},"content":{"rendered":"\n<p>La cantante italiana\u00a0<strong>Laura Pausini se cas\u00f3<\/strong>\u00a0con su pareja, el guitarrista Paolo Carta, en una ceremonia en la que sorprendieron a los invitados por la sorpresiva ceremonia con<strong>\u00a0show incluido:<\/strong>\u00a0<strong>cantaron juntos sus votos matrimoniales<\/strong>.<\/p>\n\n\n\n<p>Sobre un improvisado escenario, vestidos para la ocasi\u00f3n y acompa\u00f1ados por&nbsp;<strong>los acordes de una guitarra ac\u00fastica<\/strong>, los m\u00fasicos dieron el \u201cs\u00ed\u201d con<strong>&nbsp;Paola, la hija de ambos, como dama de hono<\/strong>r.<\/p>\n\n\n\n<p>La ni\u00f1a, de 10 a\u00f1os cumplidos en febrero, lleva\u00a0<strong>ese nombre<\/strong>\u00a0porque es la conjunci\u00f3n del de sus padres.<strong>\u00a0Paolo y Laura<\/strong>, explicaron ellos mismos tiempo atr\u00e1s.<\/p>\n\n\n\n<figure class=\"wp-block-image size-full\"><img fetchpriority=\"high\" decoding=\"async\" width=\"720\" height=\"656\" src=\"https:\/\/esreviral.com\/wp-content\/uploads\/2023\/03\/AnyConv.com__AnyConv.com__Cr2tnmnr8_720x0__1.webp\" alt=\"\" class=\"wp-image-33655\" srcset=\"https:\/\/esreviral.com\/wp-content\/uploads\/2023\/03\/AnyConv.com__AnyConv.com__Cr2tnmnr8_720x0__1.webp 720w, https:\/\/esreviral.com\/wp-content\/uploads\/2023\/03\/AnyConv.com__AnyConv.com__Cr2tnmnr8_720x0__1-300x273.webp 300w\" sizes=\"(max-width: 720px) 100vw, 720px\" \/><\/figure>\n\n\n\n<p><\/p>\n\n\n\n<p>\u00abHemos dicho &#8216;S\u00ed'\u00bb, escribi\u00f3 la cantante italiana&nbsp;<strong>en su Instagram<\/strong>, con un mensaje junto a una foto en la que se la puede ver de blanco y tomando de la mano al que desde 2005 es su pareja.<\/p>\n\n\n\n<p>Pausini aparece sonriente con un&nbsp;<strong>vestido de raso blanco hasta los pies y una chaqueta americana<\/strong>&nbsp;del mismo color, con un velo de gasa y con un ramo de flores en la mano izquierda mientras con la otra sostiene la de su ya marido, completamente de negro.<\/p>\n\n\n\n<p>La boda, cuya celebraci\u00f3n se rumoreaba en los \u00faltimos tiempos, fue<strong>&nbsp;en privado en la casa de sus padres<\/strong>&nbsp;en la localidad de&nbsp;<strong>Solarolo<\/strong>, en el norte de Italia, y asistieron sus familiares y amigos m\u00e1s \u00edntimos.<\/p>\n\n\n\n<p>De hecho, los invitados ni siquiera esperaban presenciar una boda, sino que hab\u00edan sido\u00a0<strong>invitados a la casa de la cantante para una cena<\/strong>\u00a0en la que, en teor\u00eda, iban a celebrar sus<strong>\u00a030 a\u00f1os de m\u00fasica<\/strong>, seg\u00fan cuentan medios locales.<\/p>\n\n\n\n<figure class=\"wp-block-image size-full\"><img decoding=\"async\" width=\"720\" height=\"446\" src=\"https:\/\/esreviral.com\/wp-content\/uploads\/2023\/03\/AnyConv.com__AnyConv.com__xUZqNTQI8_720x0__1.webp\" alt=\"\" class=\"wp-image-33656\" srcset=\"https:\/\/esreviral.com\/wp-content\/uploads\/2023\/03\/AnyConv.com__AnyConv.com__xUZqNTQI8_720x0__1.webp 720w, https:\/\/esreviral.com\/wp-content\/uploads\/2023\/03\/AnyConv.com__AnyConv.com__xUZqNTQI8_720x0__1-300x186.webp 300w\" sizes=\"(max-width: 720px) 100vw, 720px\" \/><\/figure>\n\n\n\n<p><\/p>\n\n\n\n<p>En otras im\u00e1genes de Instagram, Pausini public\u00f3 una foto de las alianzas y otra con un cartel de hotel en el que se lee&nbsp;<strong>\u00abNo molestar\u00bb<\/strong>.<\/p>\n\n\n\n<p>Este es un a\u00f1o muy especial para la cantante, ya que celebra sus treinta a\u00f1os de carrera desde que en febrero de 1993,<strong>&nbsp;con 19 a\u00f1os, ganara el Festival de San Remo<\/strong>&nbsp;con \u00abLa Solitudine\u00bb, saltando inmediatamente a la fama internacional.<\/p>\n\n\n\n<p>Desde entonces se convirti\u00f3 en la artista italiana m\u00e1s famosa fuera de las fronteras de su pa\u00eds, especialmente<strong>&nbsp;querida en Espa\u00f1a y en Latinoam\u00e9rica<\/strong>, con m\u00e1s de 70 millones de discos vendidos en estas tres d\u00e9cadas de trayectoria.<\/p>\n\n\n\n<p>En 2021 obtuvo un Globo de Oro a la mejor canci\u00f3n por su tema \u00abIo si\u00bb, para la pel\u00edcula \u00abLa vita davanti a s\u00e9\u00bb, y una candidatura a los \u00d3scar.<\/p>\n\n\n\n<p>Para celebrar el aniversario de su exitosa carrera, se present\u00f3\u00a0en Nueva York, Madrid y Mil\u00e1n\u00a0y se prepara para una gira mundial con una serie de conciertos que comenzar\u00e1n el 30 de junio en la plaza de San Marcos en Venecia, ciudad a la que seguir\u00e1 Sevilla el 21 de julio.<\/p>\n\n\n\n<p><strong><mark style=\"background-color:rgba(0, 0, 0, 0)\" class=\"has-inline-color has-vivid-red-color\">Su luna de miel: c\u00f3mo ser\u00e1 la gira mundial de Laura Pausini<\/mark><\/strong><\/p>\n\n\n\n<p>La cantante italiana Laura Pausini anunci\u00f3 este mi\u00e9rcoles todas las fechas de<strong>&nbsp;su pr\u00f3xima gira mundial<\/strong>, que se suman a sus conciertos especiales en Venecia (Italia) y Sevilla (Espa\u00f1a) y que, tras su arranque el 8 de diciembre en Italia, contar\u00e1 con&nbsp;<strong>Am\u00e9rica entre sus paradas<\/strong>.<\/p>\n\n\n\n<p>\u00abNo realizo un tour desde 2019 -afirm\u00f3 Laura Pausini en sus redes sociales-. Es la cosa que me falt\u00f3 m\u00e1s y, cuando con Paolo, desde hoy mi marido, pensamos en nuestro viaje de bodas, nos miramos a los ojos y comprendimos ambos que\u00a0<strong>el mejor modo de festejar y ser feliz era volver a los escenarios<\/strong>. El nuevo tour mundial ser\u00e1 nuestro<strong>\u00a0largo viaje de bodas<\/strong>!\u00bb.<\/p>\n\n\n\n<figure class=\"wp-block-image size-full\"><img decoding=\"async\" width=\"720\" height=\"496\" src=\"https:\/\/esreviral.com\/wp-content\/uploads\/2023\/03\/AnyConv.com__AnyConv.com__3vQ52lpBh_720x0__1.webp\" alt=\"\" class=\"wp-image-33657\" srcset=\"https:\/\/esreviral.com\/wp-content\/uploads\/2023\/03\/AnyConv.com__AnyConv.com__3vQ52lpBh_720x0__1.webp 720w, https:\/\/esreviral.com\/wp-content\/uploads\/2023\/03\/AnyConv.com__AnyConv.com__3vQ52lpBh_720x0__1-300x207.webp 300w\" sizes=\"(max-width: 720px) 100vw, 720px\" \/><\/figure>\n\n\n\n<p><\/p>\n\n\n\n<p>Titulado sencillamente<strong>&nbsp;\u00abLaura Pausini World Tour\u00bb<\/strong>, la artista ofrecer\u00e1 desde su primera escala en el estadio de Rimini&nbsp;<strong>once espect\u00e1culos en su pa\u00eds&nbsp;<\/strong>en importantes escenarios como el Palazzo Dello Sport de Roma, el Pala Alpitour de Tur\u00edn o el Mediolanum Forum de Mil\u00e1n.<\/p>\n\n\n\n<p>A continuaci\u00f3n ir\u00e1 a&nbsp;<strong>Espa\u00f1a<\/strong>, uno de sus grandes mercados, para actuar en enero del pr\u00f3ximo a\u00f1o en Madrid y Barcelona.<\/p>\n\n\n\n<p>De all\u00ed viajar\u00e1 a otras grandes ciudades europeas, como Lisboa, Par\u00eds o Zurich (Suiza) hasta sumar siete conciertos en el viejo continente.<\/p>\n\n\n\n<p>Latinoam\u00e9rica recibir\u00e1 a continuaci\u00f3n su \u00abtour\u00bb&nbsp;<strong>el 28 de febrero en el Movistar Arena de Buenos Aires<\/strong>&nbsp;y a continuaci\u00f3n en Sao Paulo (Espacio Unimed, 2 de marzo), Lima (Explanada Unalm, 6 de marzo), Quito (Coliseo Ruminahui, 8 de marzo), Bogot\u00e1 (Movistar Arena, 10 de marzo), Ciudad de M\u00e9xico (Arena Ciudad de M\u00e9xico, 16 de marzo) y Monterrey (Arena Monterrey, 18 de marzo).<\/p>\n\n\n\n<p>Por \u00faltimo, Pausini recalar\u00e1 en seis ciudades de<strong>&nbsp;Estados Unidos<\/strong>: Houston (Centro Financiero Inteligente, 21 de marzo), Los \u00c1ngeles (Youtube Theatre, 23 de marzo), Orlando (Walt Disney Theater, 28 de marzo), Miami (FTX Arena, 30 de marzo), Chicago (Teatro Rosemont, 4 de abril) y Nueva York (Madison Square Garden, 6 de abril).<\/p>\n\n\n\n<p>En esta parte del mundo, se prev\u00e9 que la<strong>\u00a0venta de entradas<\/strong>\u00a0comenzar\u00e1 el 31 de marzo y la preventa para fans desde el 28.<\/p>\n\n\n\n<p class=\"has-text-align-right\"><strong><em>Clarin.-<\/em><\/strong><\/p>\n","protected":false},"excerpt":{"rendered":"<p>Sorprendieron a familiares y amigos que hab\u00edan sido invitados por los 30 a\u00f1os de la italiana en la m\u00fasica. Su luna de miel ser\u00e1 una gira mundial.<\/p>\n","protected":false},"author":3,"featured_media":33658,"comment_status":"open","ping_status":"closed","sticky":false,"template":"","format":"standard","meta":{"jnews-multi-image_gallery":[],"jnews_single_post":{"subtitle":"","format":"standard","video":"","gallery":"","source_name":"","source_url":"","via_name":"","via_url":"","override_template":"0","override":[{"template":"4","single_blog_custom":"","parallax":"1","fullscreen":"1","layout":"right-sidebar","sidebar":"default-sidebar","second_sidebar":"default-sidebar","sticky_sidebar":"1","share_position":"top","share_float_style":"share-monocrhome","show_share_counter":"1","show_view_counter":"1","show_featured":"1","show_post_meta":"1","show_post_author":"1","show_post_author_image":"1","show_post_date":"1","post_date_format":"default","post_date_format_custom":"Y\/m\/d","show_post_category":"1","show_post_reading_time":"1","post_reading_time_wpm":"300","show_zoom_button":"1","zoom_button_out_step":"2","zoom_button_in_step":"3","show_post_tag":"1","show_prev_next_post":"1","show_popup_post":"1","number_popup_post":"1","show_author_box":"1","show_post_related":"1","show_inline_post_related":"0"}],"override_image_size":"0","image_override":[{"single_post_thumbnail_size":"crop-500","single_post_gallery_size":"crop-500"}],"trending_post":"0","trending_post_position":"meta","trending_post_label":"Trending","sponsored_post":"0","sponsored_post_label":"Sponsored by","sponsored_post_name":"","sponsored_post_url":"","sponsored_post_logo_enable":"0","sponsored_post_logo":"","sponsored_post_desc":"","disable_ad":"0"},"jnews_primary_category":{"id":"","hide":""},"jnews_social_meta":{"fb_title":"","fb_description":"","fb_image":"","twitter_title":"","twitter_description":"","twitter_image":""},"jnews_review":[],"enable_review":"0","type":"percentage","name":"","summary":"","brand":"","sku":"","good":[{"good_text":""}],"bad":[{"bad_text":""}],"score_override":"","override_value":"","rating":[{"rating_text":"","rating_number":"10"}],"price":[{"shop":"","price":"","link":"","icon":""}],"jnews_override_counter":{"override_view_counter":"0","view_counter_number":"0","override_share_counter":"0","share_counter_number":"0","override_like_counter":"0","like_counter_number":"0","override_dislike_counter":"0","dislike_counter_number":"0"},"jnews_post_split":{"enable_post_split":"0","post_split":[{"template":"1","tag":"h2","numbering":"asc","mode":"normal","first":"0","enable_toc":"0","toc_type":"normal"}]},"footnotes":""},"categories":[50],"tags":[1168,8247,8249,8246,45,8248],"class_list":["post-33654","post","type-post","status-publish","format-standard","has-post-thumbnail","hentry","category-entretenimiento","tag-boda","tag-cantante-italiana","tag-guitarrista-paolo-carta","tag-laura-pausini","tag-noticias","tag-paolo-carta"],"amp_enabled":true,"_links":{"self":[{"href":"https:\/\/esreviral.com\/index.php?rest_route=\/wp\/v2\/posts\/33654"}],"collection":[{"href":"https:\/\/esreviral.com\/index.php?rest_route=\/wp\/v2\/posts"}],"about":[{"href":"https:\/\/esreviral.com\/index.php?rest_route=\/wp\/v2\/types\/post"}],"author":[{"embeddable":true,"href":"https:\/\/esreviral.com\/index.php?rest_route=\/wp\/v2\/users\/3"}],"replies":[{"embeddable":true,"href":"https:\/\/esreviral.com\/index.php?rest_route=%2Fwp%2Fv2%2Fcomments&post=33654"}],"version-history":[{"count":0,"href":"https:\/\/esreviral.com\/index.php?rest_route=\/wp\/v2\/posts\/33654\/revisions"}],"wp:featuredmedia":[{"embeddable":true,"href":"https:\/\/esreviral.com\/index.php?rest_route=\/wp\/v2\/media\/33658"}],"wp:attachment":[{"href":"https:\/\/esreviral.com\/index.php?rest_route=%2Fwp%2Fv2%2Fmedia&parent=33654"}],"wp:term":[{"taxonomy":"category","embeddable":true,"href":"https:\/\/esreviral.com\/index.php?rest_route=%2Fwp%2Fv2%2Fcategories&post=33654"},{"taxonomy":"post_tag","embeddable":true,"href":"https:\/\/esreviral.com\/index.php?rest_route=%2Fwp%2Fv2%2Ftags&post=33654"}],"curies":[{"name":"wp","href":"https:\/\/api.w.org\/{rel}","templated":true}]}}