{"id":33649,"date":"2023-03-24T08:29:28","date_gmt":"2023-03-24T13:29:28","guid":{"rendered":"https:\/\/esreviral.com\/?p=33649"},"modified":"2023-03-24T08:38:38","modified_gmt":"2023-03-24T13:38:38","slug":"como-estara-el-clima-el-fin-de-semana","status":"publish","type":"post","link":"https:\/\/esreviral.com\/?p=33649","title":{"rendered":"\u00bfC\u00f3mo estar\u00e1 el clima el fin de semana?"},"content":{"rendered":"\n<p>Con temperaturas propias del oto\u00f1o, la semana cierra con cielo parcialmente nublado y&nbsp;<strong>probabilidad de tormentas hacia la noche<\/strong>, seg\u00fan precis\u00f3 el Servicio Meteorol\u00f3gico Nacional (SMN).<\/p>\n\n\n\n<p>De acuerdo al organismo, este viernes se presenta en la Ciudad de Buenos Aires y el conurbano bonaerense con cielo ligeramente nublado durante la ma\u00f1ana, algunas neblinas, en el marco de una jornada en la que el cielo ir\u00e1 nubl\u00e1ndose.<\/p>\n\n\n\n<p>En cuanto al temperatura que se espera este viernes: se prev\u00e9 una<strong>&nbsp;m\u00ednima de 21 grados y una m\u00e1xima de 27.<\/strong><\/p>\n\n\n\n<p>El SMN&nbsp;detall\u00f3 que&nbsp;<strong>el viento provendr\u00e1 del sector este e ir\u00e1 de los siete a los 22 kil\u00f3metros por hora<\/strong>, en una d\u00eda que estar\u00e1 signado por las marchas y actos en ocasi\u00f3n del D\u00eda Nacional de la Memoria por la Verdad y la Justicia, al cumplirse 47 a\u00f1os del golpe de Estado que dio inicio a la \u00faltima dictadura militar.<\/p>\n\n\n\n<p>Para este s\u00e1bado, el organismo espera una jornada con cielo mayormente nublado,<strong>&nbsp;algunas tormentas por la madrugada y chaparrones&nbsp;<\/strong>durante la ma\u00f1ana, vientos del sector sudeste rotando al sur y una temperatura que se ubicar\u00e1 entre los 19 grados de m\u00ednima y 27 de m\u00e1xima.<\/p>\n\n\n\n<p>En tanto, el domingo est\u00e1 pronosticado cielo parcialmente nublado a algo nublado, vientos del sector sudeste y una temperatura&nbsp;<strong>m\u00ednima de 16 grados y una m\u00e1xima de 24.<\/strong><\/p>\n\n\n\n<p class=\"has-text-align-right\"><strong><em>Clarin.-<\/em><\/strong><\/p>\n","protected":false},"excerpt":{"rendered":"<p>Para este viernes se espera una temperatura m\u00ednima de 21 grados y una m\u00e1xima de 27.<\/p>\n","protected":false},"author":3,"featured_media":33650,"comment_status":"open","ping_status":"closed","sticky":false,"template":"","format":"standard","meta":{"jnews-multi-image_gallery":[],"jnews_single_post":{"subtitle":"","format":"standard","video":"","gallery":"","source_name":"","source_url":"","via_name":"","via_url":"","override_template":"0","override":[{"template":"4","single_blog_custom":"","parallax":"1","fullscreen":"1","layout":"right-sidebar","sidebar":"default-sidebar","second_sidebar":"default-sidebar","sticky_sidebar":"1","share_position":"top","share_float_style":"share-monocrhome","show_share_counter":"1","show_view_counter":"1","show_featured":"1","show_post_meta":"1","show_post_author":"1","show_post_author_image":"1","show_post_date":"1","post_date_format":"default","post_date_format_custom":"Y\/m\/d","show_post_category":"1","show_post_reading_time":"1","post_reading_time_wpm":"300","show_zoom_button":"1","zoom_button_out_step":"2","zoom_button_in_step":"3","show_post_tag":"1","show_prev_next_post":"1","show_popup_post":"1","number_popup_post":"1","show_author_box":"1","show_post_related":"1","show_inline_post_related":"0"}],"override_image_size":"0","image_override":[{"single_post_thumbnail_size":"crop-500","single_post_gallery_size":"crop-500"}],"trending_post":"0","trending_post_position":"meta","trending_post_label":"Trending","sponsored_post":"0","sponsored_post_label":"Sponsored by","sponsored_post_name":"","sponsored_post_url":"","sponsored_post_logo_enable":"0","sponsored_post_logo":"","sponsored_post_desc":"","disable_ad":"0"},"jnews_primary_category":{"id":"","hide":""},"jnews_social_meta":{"fb_title":"","fb_description":"","fb_image":"","twitter_title":"","twitter_description":"","twitter_image":""},"jnews_review":[],"enable_review":"0","type":"percentage","name":"","summary":"","brand":"","sku":"","good":[{"good_text":""}],"bad":[{"bad_text":""}],"score_override":"","override_value":"","rating":[{"rating_text":"","rating_number":"10"}],"price":[{"shop":"","price":"","link":"","icon":""}],"jnews_override_counter":{"override_view_counter":"0","view_counter_number":"0","override_share_counter":"0","share_counter_number":"0","override_like_counter":"0","like_counter_number":"0","override_dislike_counter":"0","dislike_counter_number":"0"},"jnews_post_split":{"enable_post_split":"0","post_split":[{"template":"1","tag":"h2","numbering":"asc","mode":"normal","first":"0","enable_toc":"0","toc_type":"normal"}]},"footnotes":""},"categories":[58],"tags":[44,894,1016,2512,45,8245,1850,2514,1884],"class_list":["post-33649","post","type-post","status-publish","format-standard","has-post-thumbnail","hentry","category-argentina","tag-argentina","tag-ciudad-de-buenos-aires","tag-clima","tag-conurbano-bonaerense","tag-noticias","tag-probabilidad-de-tormentas","tag-servicio-meteorologico-nacional","tag-smn","tag-tormentas"],"amp_enabled":true,"_links":{"self":[{"href":"https:\/\/esreviral.com\/index.php?rest_route=\/wp\/v2\/posts\/33649"}],"collection":[{"href":"https:\/\/esreviral.com\/index.php?rest_route=\/wp\/v2\/posts"}],"about":[{"href":"https:\/\/esreviral.com\/index.php?rest_route=\/wp\/v2\/types\/post"}],"author":[{"embeddable":true,"href":"https:\/\/esreviral.com\/index.php?rest_route=\/wp\/v2\/users\/3"}],"replies":[{"embeddable":true,"href":"https:\/\/esreviral.com\/index.php?rest_route=%2Fwp%2Fv2%2Fcomments&post=33649"}],"version-history":[{"count":0,"href":"https:\/\/esreviral.com\/index.php?rest_route=\/wp\/v2\/posts\/33649\/revisions"}],"wp:featuredmedia":[{"embeddable":true,"href":"https:\/\/esreviral.com\/index.php?rest_route=\/wp\/v2\/media\/33650"}],"wp:attachment":[{"href":"https:\/\/esreviral.com\/index.php?rest_route=%2Fwp%2Fv2%2Fmedia&parent=33649"}],"wp:term":[{"taxonomy":"category","embeddable":true,"href":"https:\/\/esreviral.com\/index.php?rest_route=%2Fwp%2Fv2%2Fcategories&post=33649"},{"taxonomy":"post_tag","embeddable":true,"href":"https:\/\/esreviral.com\/index.php?rest_route=%2Fwp%2Fv2%2Ftags&post=33649"}],"curies":[{"name":"wp","href":"https:\/\/api.w.org\/{rel}","templated":true}]}}