{"id":33626,"date":"2023-03-24T06:49:19","date_gmt":"2023-03-24T11:49:19","guid":{"rendered":"https:\/\/esreviral.com\/?p=33626"},"modified":"2023-03-24T06:49:20","modified_gmt":"2023-03-24T11:49:20","slug":"lionel-messi-llego-a-los-800-goles-de-su-carrera-y-sigue-haciendo-historia","status":"publish","type":"post","link":"https:\/\/esreviral.com\/?p=33626","title":{"rendered":"Lionel Messi lleg\u00f3 a los 800 goles de su carrera y sigue haciendo historia"},"content":{"rendered":"\n<p>El argentino Lionel Messi se convirti\u00f3 en el segundo futbolista de la historia en marcar 800 goles en su carrera, con su club y con su selecci\u00f3n, en la victoria por 2-0 de la Albiceleste en un amistoso contra Panam\u00e1 este jueves por la noche.<\/p>\n\n\n\n<p>En su primer partido desde que se proclam\u00f3 campeona del mundo en diciembre, la selecci\u00f3n masculina fue recibida con una sonora ovaci\u00f3n por parte de los m\u00e1s de 80.000 aficionados presentes en el emblem\u00e1tico estadio El Monumental de River Plate, en Buenos Aires.<\/p>\n\n\n\n<p>Thiago Almada, del Atlanta United, abri\u00f3 el marcador para Argentina en el minuto 78, aprovechando un lanzamiento de falta de Messi que golpe\u00f3 en la parte superior del poste izquierdo.<\/p>\n\n\n\n<p>Poco m\u00e1s de 10 minutos despu\u00e9s, el capit\u00e1n de Argentina marc\u00f3 el gol n\u00famero 800 de su carrera, al transformar un lanzamiento de falta en el minuto 89, doblando as\u00ed la ventaja de la Albiceleste. Los compa\u00f1eros de Messi celebraron que el jugador de 35 a\u00f1os alcanzara otro hito en su ilustre carrera.<\/p>\n\n\n\n<figure class=\"wp-block-image size-large\"><img fetchpriority=\"high\" decoding=\"async\" width=\"909\" height=\"1024\" src=\"https:\/\/esreviral.com\/wp-content\/uploads\/2023\/03\/AnyConv.com__Fr8s1YNXwAA51ab-909x1024.webp\" alt=\"\" class=\"wp-image-33627\" srcset=\"https:\/\/esreviral.com\/wp-content\/uploads\/2023\/03\/AnyConv.com__Fr8s1YNXwAA51ab-909x1024.webp 909w, https:\/\/esreviral.com\/wp-content\/uploads\/2023\/03\/AnyConv.com__Fr8s1YNXwAA51ab-266x300.webp 266w, https:\/\/esreviral.com\/wp-content\/uploads\/2023\/03\/AnyConv.com__Fr8s1YNXwAA51ab-768x865.webp 768w, https:\/\/esreviral.com\/wp-content\/uploads\/2023\/03\/AnyConv.com__Fr8s1YNXwAA51ab-1364x1536.webp 1364w, https:\/\/esreviral.com\/wp-content\/uploads\/2023\/03\/AnyConv.com__Fr8s1YNXwAA51ab-750x845.webp 750w, https:\/\/esreviral.com\/wp-content\/uploads\/2023\/03\/AnyConv.com__Fr8s1YNXwAA51ab-1140x1284.webp 1140w, https:\/\/esreviral.com\/wp-content\/uploads\/2023\/03\/AnyConv.com__Fr8s1YNXwAA51ab.webp 1818w\" sizes=\"(max-width: 909px) 100vw, 909px\" \/><\/figure>\n\n\n\n<p><\/p>\n\n\n\n<p><\/p>\n\n\n\n<p>Seg\u00fan la\u00a0Federaci\u00f3n Internacional de Historia y Estad\u00edstica del F\u00fatbol, el capit\u00e1n argentino es el segundo hombre que alcanza los 800 goles en su carrera, despu\u00e9s del portugu\u00e9s Cristiano Ronaldo.<\/p>\n\n\n\n<p>El siete veces campe\u00f3n del Bal\u00f3n de Oro marc\u00f3 672 goles con el Barcelona entre 2004 y 21, antes de fichar por el PSG en el verano de 2021, donde ha anotado 30 goles con el club franc\u00e9s. En su carrera internacional, Messi ha marcado 98 goles con la selecci\u00f3n argentina.<\/p>\n\n\n\n<p>Tras la victoria, Messi, acompa\u00f1ado por su esposa Antonela y sus tres hijos, entreg\u00f3 el trofeo de la Copa del Mundo al resto de la selecci\u00f3n argentina y juntos levantaron el trofeo ante el p\u00fablico que abarrot\u00f3 el estadio.<\/p>\n\n\n\n<p>\u00abSiempre so\u00f1\u00e9 con este momento, poder celebrar este momento con todos ustedes, poder venir a mi pa\u00eds, Argentina, y levantar la Copa Am\u00e9rica, La Final\u00edsima como la llamamos nosotros, y la m\u00e1s grande, que es la Copa del Mundo\u00bb, dijo Messi tras el partido.<\/p>\n\n\n\n<p>En la final del Mundial, Messi marc\u00f3 dos goles en el emocionante empate a 3-3 entre Argentina y Francia en la pr\u00f3rroga, antes de que Argentina se impusiera en la tanda de penaltis.<\/p>\n\n\n\n<p>La pr\u00f3xima cita de la selecci\u00f3n masculina de Argentina ser\u00e1 el martes, cuando reciba a Curazao en un amistoso.<\/p>\n\n\n\n<p class=\"has-text-align-right\"><strong><em>cnnespanol.cnn.com.-<\/em><\/strong><\/p>\n","protected":false},"excerpt":{"rendered":"<p>Logr\u00f3 la conquista durante el amistoso ante Panam\u00e1 en el Monumental que sirvi\u00f3 para el 2 a 0 definitivo y como festejo de la obtenci\u00f3n de la Copa del Mundo.<\/p>\n","protected":false},"author":3,"featured_media":33628,"comment_status":"open","ping_status":"closed","sticky":false,"template":"","format":"standard","meta":{"jnews-multi-image_gallery":[],"jnews_single_post":{"subtitle":"","format":"standard","video":"","gallery":"","source_name":"","source_url":"","via_name":"","via_url":"","override_template":"0","override":[{"template":"4","single_blog_custom":"","parallax":"1","fullscreen":"1","layout":"right-sidebar","sidebar":"default-sidebar","second_sidebar":"default-sidebar","sticky_sidebar":"1","share_position":"top","share_float_style":"share-monocrhome","show_share_counter":"1","show_view_counter":"1","show_featured":"1","show_post_meta":"1","show_post_author":"1","show_post_author_image":"1","show_post_date":"1","post_date_format":"default","post_date_format_custom":"Y\/m\/d","show_post_category":"1","show_post_reading_time":"1","post_reading_time_wpm":"300","show_zoom_button":"1","zoom_button_out_step":"2","zoom_button_in_step":"3","show_post_tag":"1","show_prev_next_post":"1","show_popup_post":"1","number_popup_post":"1","show_author_box":"1","show_post_related":"1","show_inline_post_related":"0"}],"override_image_size":"0","image_override":[{"single_post_thumbnail_size":"crop-500","single_post_gallery_size":"crop-500"}],"trending_post":"0","trending_post_position":"meta","trending_post_label":"Trending","sponsored_post":"0","sponsored_post_label":"Sponsored by","sponsored_post_name":"","sponsored_post_url":"","sponsored_post_logo_enable":"0","sponsored_post_logo":"","sponsored_post_desc":"","disable_ad":"0"},"jnews_primary_category":{"id":"","hide":""},"jnews_social_meta":{"fb_title":"","fb_description":"","fb_image":"","twitter_title":"","twitter_description":"","twitter_image":""},"jnews_review":[],"enable_review":"0","type":"percentage","name":"","summary":"","brand":"","sku":"","good":[{"good_text":""}],"bad":[{"bad_text":""}],"score_override":"","override_value":"","rating":[{"rating_text":"","rating_number":"10"}],"price":[{"shop":"","price":"","link":"","icon":""}],"jnews_override_counter":{"override_view_counter":"0","view_counter_number":"0","override_share_counter":"0","share_counter_number":"0","override_like_counter":"0","like_counter_number":"0","override_dislike_counter":"0","dislike_counter_number":"0"},"jnews_post_split":{"enable_post_split":"0","post_split":[{"template":"1","tag":"h2","numbering":"asc","mode":"normal","first":"0","enable_toc":"0","toc_type":"normal"}]},"footnotes":""},"categories":[48],"tags":[44,8226,8228,8197,8229,8227,1129,57,45,1147],"class_list":["post-33626","post","type-post","status-publish","format-standard","has-post-thumbnail","hentry","category-deportes","tag-argentina","tag-capitan-de-la-seleccion-argentina","tag-competencias-y-deportes","tag-estadio-river-plate","tag-federacion-internacional-de-historia-y-estadistica-del-futbol","tag-futbol-de-argentina","tag-lionel-messi","tag-messi","tag-noticias","tag-seleccion-argentina"],"amp_enabled":true,"_links":{"self":[{"href":"https:\/\/esreviral.com\/index.php?rest_route=\/wp\/v2\/posts\/33626"}],"collection":[{"href":"https:\/\/esreviral.com\/index.php?rest_route=\/wp\/v2\/posts"}],"about":[{"href":"https:\/\/esreviral.com\/index.php?rest_route=\/wp\/v2\/types\/post"}],"author":[{"embeddable":true,"href":"https:\/\/esreviral.com\/index.php?rest_route=\/wp\/v2\/users\/3"}],"replies":[{"embeddable":true,"href":"https:\/\/esreviral.com\/index.php?rest_route=%2Fwp%2Fv2%2Fcomments&post=33626"}],"version-history":[{"count":0,"href":"https:\/\/esreviral.com\/index.php?rest_route=\/wp\/v2\/posts\/33626\/revisions"}],"wp:featuredmedia":[{"embeddable":true,"href":"https:\/\/esreviral.com\/index.php?rest_route=\/wp\/v2\/media\/33628"}],"wp:attachment":[{"href":"https:\/\/esreviral.com\/index.php?rest_route=%2Fwp%2Fv2%2Fmedia&parent=33626"}],"wp:term":[{"taxonomy":"category","embeddable":true,"href":"https:\/\/esreviral.com\/index.php?rest_route=%2Fwp%2Fv2%2Fcategories&post=33626"},{"taxonomy":"post_tag","embeddable":true,"href":"https:\/\/esreviral.com\/index.php?rest_route=%2Fwp%2Fv2%2Ftags&post=33626"}],"curies":[{"name":"wp","href":"https:\/\/api.w.org\/{rel}","templated":true}]}}