{"id":33604,"date":"2023-03-23T13:58:46","date_gmt":"2023-03-23T18:58:46","guid":{"rendered":"https:\/\/esreviral.com\/?p=33604"},"modified":"2023-03-23T13:58:47","modified_gmt":"2023-03-23T18:58:47","slug":"tsj-declara-procedente-juicio-contra-hugbel-roa-por-corrupcion","status":"publish","type":"post","link":"https:\/\/esreviral.com\/?p=33604","title":{"rendered":"TSJ declara procedente juicio contra Hugbel Roa por corrupci\u00f3n"},"content":{"rendered":"\n<p>El Tribunal Supremo de Justicia declar\u00f3 este jueves<strong>\u00a0procedente el enjuiciamiento del pol\u00edtico Hugbel Roa,<\/strong>\u00a0luego de que la Asamblea Nacional electa en 2020 lo despoj\u00f3 de su inmunidad parlamentaria por estar involucrado en\u00a0<strong>hechos de corrupci\u00f3n <\/strong>en la industria petrolera venezolana.<\/p>\n\n\n\n<p>La Sala Plena del m\u00e1ximo tribunal del pa\u00eds, controlado por el gobierno de Nicol\u00e1s Maduro, recibi\u00f3 una solicitud del Ministerio P\u00fablico en la que<strong>&nbsp;se evidencian elementos de convicci\u00f3n<\/strong>&nbsp;que comprometen la responsabilidad del exfuncionario por la presunta comisi\u00f3n de delitos tipificados en la legislaci\u00f3n venezolana.<\/p>\n\n\n\n<p>En una\u00a0nota publicada por el TSJ\u00a0se explic\u00f3 que debido a que se trata de una \u201ccomisi\u00f3n flagrante de delitos comunes\u201d\u00a0<strong>no proceder\u00e1 el antejuicio de m\u00e9rito contra Roa,<\/strong>\u00a0por lo que su enjuiciamiento corresponde a los tribunales ordinarios competentes.<\/p>\n\n\n\n<p>\u201cSe ordena remitir las presentes actuaciones al fiscal general de la Rep\u00fablica, Tarek William Saab, para que&nbsp;<strong>se contin\u00fae con la investigaci\u00f3n y enjuiciamiento<\/strong>&nbsp;correspondiente, conforme al debido proceso y a las dem\u00e1s garant\u00edas constitucionales correspondientes\u201d, se\u00f1al\u00f3 la instituci\u00f3n judicial.<\/p>\n\n\n\n<p>Roa se ha desempe\u00f1ado en el gobierno venezolano como vicepresidente sectorial del Partido Socialista Unido de Venezuela en Nueva Esparta, primer<strong>\u00a0vicepresidente de la comisi\u00f3n para investigar los supuestos delitos<\/strong>\u00a0cometidos por la Asamblea Nacional electa en 2015 y ministro de Educaci\u00f3n Universitaria, Ciencia y Tecnolog\u00eda.<\/p>\n\n\n\n<p>Otro alto funcionario salpicado en las investigaciones es Joselit Ram\u00edrez, exsuperintendente nacional de Criptoactivos. El esc\u00e1ndalo de corrupci\u00f3n, que comenz\u00f3 a destaparse desde el pasado fin de semana, provoc\u00f3 que<strong>\u00a0Tareck el Aissami<\/strong>\u00a0renunciara como ministro de Petr\u00f3leo para, seg\u00fan dijo, facilitar y colaborar en las investigaciones.<\/p>\n\n\n\n<p><strong><em><mark style=\"background-color:rgba(0, 0, 0, 0)\" class=\"has-inline-color has-vivid-red-color\">Lea Tambi\u00e9n:<\/mark><\/em><\/strong><\/p>\n\n\n\n<figure class=\"wp-block-embed is-type-rich is-provider-twitter wp-block-embed-twitter\"><div class=\"wp-block-embed__wrapper\">\n<blockquote class=\"twitter-tweet\" data-width=\"500\" data-dnt=\"true\"><p lang=\"es\" dir=\"ltr\">TSJ declara procedente el enjuiciamiento del<br>ciudadano Hugbel Rafael Roa Caruci por hechos de corrupci\u00f3n <a href=\"https:\/\/t.co\/oPVAdXFl6y\">https:\/\/t.co\/oPVAdXFl6y<\/a><a href=\"https:\/\/twitter.com\/hashtag\/23Mar?src=hash&amp;ref_src=twsrc%5Etfw\">#23Mar<\/a><a href=\"https:\/\/twitter.com\/hashtag\/TSJAvanza?src=hash&amp;ref_src=twsrc%5Etfw\">#TSJAvanza<\/a> <a href=\"https:\/\/t.co\/Z2G1esYuw8\">pic.twitter.com\/Z2G1esYuw8<\/a><\/p>&mdash; TSJ Venezuela (@TSJ_Venezuela) <a href=\"https:\/\/twitter.com\/TSJ_Venezuela\/status\/1638935510243573760?ref_src=twsrc%5Etfw\">March 23, 2023<\/a><\/blockquote><script async src=\"https:\/\/platform.twitter.com\/widgets.js\" charset=\"utf-8\"><\/script>\n<\/div><\/figure>\n\n\n\n<p class=\"has-text-align-right\"><strong><em>ElNacional.-<\/em><\/strong><\/p>\n","protected":false},"excerpt":{"rendered":"<p>La Sala Plena del m\u00e1ximo tribunal del pa\u00eds recibi\u00f3 una solicitud del Ministerio P\u00fablico en la que se evidencian elementos de convicci\u00f3n que comprometen la responsabilidad del exfuncionario por la presunta comisi\u00f3n de delitos tipificados en la legislaci\u00f3n venezolana<\/p>\n","protected":false},"author":3,"featured_media":33605,"comment_status":"open","ping_status":"closed","sticky":false,"template":"","format":"standard","meta":{"jnews-multi-image_gallery":[],"jnews_single_post":{"subtitle":"","format":"standard","video":"","gallery":"","source_name":"","source_url":"","via_name":"","via_url":"","override_template":"0","override":[{"template":"4","single_blog_custom":"","parallax":"1","fullscreen":"1","layout":"right-sidebar","sidebar":"default-sidebar","second_sidebar":"default-sidebar","sticky_sidebar":"1","share_position":"top","share_float_style":"share-monocrhome","show_share_counter":"1","show_view_counter":"1","show_featured":"1","show_post_meta":"1","show_post_author":"1","show_post_author_image":"1","show_post_date":"1","post_date_format":"default","post_date_format_custom":"Y\/m\/d","show_post_category":"1","show_post_reading_time":"1","post_reading_time_wpm":"300","show_zoom_button":"1","zoom_button_out_step":"2","zoom_button_in_step":"3","show_post_tag":"1","show_prev_next_post":"1","show_popup_post":"1","number_popup_post":"1","show_author_box":"1","show_post_related":"1","show_inline_post_related":"0"}],"override_image_size":"0","image_override":[{"single_post_thumbnail_size":"crop-500","single_post_gallery_size":"crop-500"}],"trending_post":"0","trending_post_position":"meta","trending_post_label":"Trending","sponsored_post":"0","sponsored_post_label":"Sponsored by","sponsored_post_name":"","sponsored_post_url":"","sponsored_post_logo_enable":"0","sponsored_post_logo":"","sponsored_post_desc":"","disable_ad":"0"},"jnews_primary_category":{"id":"","hide":""},"jnews_social_meta":{"fb_title":"","fb_description":"","fb_image":"","twitter_title":"","twitter_description":"","twitter_image":""},"jnews_review":[],"enable_review":"0","type":"percentage","name":"","summary":"","brand":"","sku":"","good":[{"good_text":""}],"bad":[{"bad_text":""}],"score_override":"","override_value":"","rating":[{"rating_text":"","rating_number":"10"}],"price":[{"shop":"","price":"","link":"","icon":""}],"jnews_override_counter":{"override_view_counter":"0","view_counter_number":"0","override_share_counter":"0","share_counter_number":"0","override_like_counter":"0","like_counter_number":"0","override_dislike_counter":"0","dislike_counter_number":"0"},"jnews_post_split":{"enable_post_split":"0","post_split":[{"template":"1","tag":"h2","numbering":"asc","mode":"normal","first":"0","enable_toc":"0","toc_type":"normal"}]},"footnotes":""},"categories":[59,66],"tags":[318,1487,8219,8145,8010,8218,1887,45,8217,1146,56],"class_list":["post-33604","post","type-post","status-publish","format-standard","has-post-thumbnail","hentry","category-politica","category-venezuela","tag-asamblea-nacional","tag-corrupcion","tag-gobierno-de-nicolas-maduro","tag-hechos-de-corrupcion","tag-hugbel-roa","tag-inmunidad-parlamentaria","tag-juicio","tag-noticias","tag-tribunal-supremo-de-justicia","tag-tsj","tag-venezuela"],"_links":{"self":[{"href":"https:\/\/esreviral.com\/index.php?rest_route=\/wp\/v2\/posts\/33604","targetHints":{"allow":["GET"]}}],"collection":[{"href":"https:\/\/esreviral.com\/index.php?rest_route=\/wp\/v2\/posts"}],"about":[{"href":"https:\/\/esreviral.com\/index.php?rest_route=\/wp\/v2\/types\/post"}],"author":[{"embeddable":true,"href":"https:\/\/esreviral.com\/index.php?rest_route=\/wp\/v2\/users\/3"}],"replies":[{"embeddable":true,"href":"https:\/\/esreviral.com\/index.php?rest_route=%2Fwp%2Fv2%2Fcomments&post=33604"}],"version-history":[{"count":0,"href":"https:\/\/esreviral.com\/index.php?rest_route=\/wp\/v2\/posts\/33604\/revisions"}],"wp:featuredmedia":[{"embeddable":true,"href":"https:\/\/esreviral.com\/index.php?rest_route=\/wp\/v2\/media\/33605"}],"wp:attachment":[{"href":"https:\/\/esreviral.com\/index.php?rest_route=%2Fwp%2Fv2%2Fmedia&parent=33604"}],"wp:term":[{"taxonomy":"category","embeddable":true,"href":"https:\/\/esreviral.com\/index.php?rest_route=%2Fwp%2Fv2%2Fcategories&post=33604"},{"taxonomy":"post_tag","embeddable":true,"href":"https:\/\/esreviral.com\/index.php?rest_route=%2Fwp%2Fv2%2Ftags&post=33604"}],"curies":[{"name":"wp","href":"https:\/\/api.w.org\/{rel}","templated":true}]}}