{"id":3357,"date":"2021-01-12T15:36:47","date_gmt":"2021-01-12T15:36:47","guid":{"rendered":"http:\/\/esreviral.com\/?p=3357"},"modified":"2021-01-12T15:36:47","modified_gmt":"2021-01-12T15:36:47","slug":"extiende-el-congelamiento-de-precios-cuidados-hasta-abril","status":"publish","type":"post","link":"https:\/\/esreviral.com\/?p=3357","title":{"rendered":"Extiende el congelamiento de Precios Cuidados hasta abril"},"content":{"rendered":"\n<p>La&nbsp;<strong>secretaria de Comercio Interior, Paula Espa\u00f1ol,<\/strong>&nbsp;destac\u00f3 hoy que el valor de los productos de la nueva canasta de Precios Cuidados \u201cse congela por tres meses\u201d, y subray\u00f3 que \u201cser\u00e1 el mismo desde ahora hasta abril en una misma regi\u00f3n\u201d del pa\u00eds.<\/p>\n\n\n\n<p>Espa\u00f1ol afirm\u00f3 que \u201chay empresas que aumentaron hasta 300% sus ventas por estar en el Precios Cuidados\u201d, y remarc\u00f3 que \u201cesto es muy bueno\u201d para las compa\u00f1\u00edas \u201csobre todo para las pymes\u201d.<\/p>\n\n\n\n<blockquote class=\"wp-block-quote td_quote_box td_box_center is-layout-flow wp-block-quote-is-layout-flow\"><p>\u201cHay empresas que aumentaron hasta 300% sus ventas por estar en el Precios Cuidados\u201d<\/p><\/blockquote>\n\n\n\n<p>La funcionaria asegur\u00f3 que el cumplimiento del programa \u201ces muy elevado a pesar de las dificultades generadas por la pandemia\u201d de coronavirus, y remarc\u00f3 que \u201cel abastecimiento estuvo en el 85% aun cuando muchas empresas tuvieron complicaciones\u201d.<\/p>\n\n\n\n<p>Asimismo, puntualiz\u00f3 que&nbsp;<strong>\u201cen ning\u00fan momento se dijo que Precios M\u00e1ximos termina el 31 de enero pr\u00f3ximo\u201d<\/strong>, cuando vence la \u00faltima extensi\u00f3n del mismo, y subray\u00f3 que \u201ces preciso entender cu\u00e1nto va a durar la pandemia y qu\u00e9 se necesita para cuidar el salario de los trabajadores y las trabajadoras\u201d.<\/p>\n\n\n\n<p>Espa\u00f1ol present\u00f3 la renovaci\u00f3n de Precios Cuidados en una conferencia de prensa en Casa de Gobierno.<\/p>\n\n\n\n<figure class=\"wp-block-image size-large\"><img decoding=\"async\" src=\"https:\/\/www.telam.com.ar\/advf\/imagenes\/2021\/01\/5ffdab15b4d31_1004x565.jpg\" alt=\"\"\/><\/figure>\n\n\n\n<p><strong><span style=\"background-color:#9a1b22\" class=\"td_text_highlight_marker\">Los detalles del programa<\/span><\/strong><br>\u2022 La nueva canasta de art\u00edculos\u00a0<strong>entr\u00f3 hoy en vigencia y alcanza a 660 productos<\/strong>, el doble de los que ten\u00eda en enero del a\u00f1o pasado, cuando se lanz\u00f3 la primera etapa, con la incorporaci\u00f3n de carnes y m\u00e1s art\u00edculos para cel\u00edacos e higiene femenina.<\/p>\n\n\n\n<p>\u2022 En lo que respecta a los precios, el aumento promedio para el trimestre ser\u00e1 de 5,6%.<\/p>\n\n\n\n<p>\u2022 A la nueva oferta se incorporaron m\u00e1s de 260 productos representativos del consumo de los argentinos.<\/p>\n\n\n\n<p>\u2022 Esta mayor cantidad de productos se da con dos objetivos: generar referencias de precios en g\u00f3ndolas que no ten\u00edan presencia dentro del programa y robustecer las referencias actuales, sobre todo en aquellas categor\u00edas donde se verifica una diferenciaci\u00f3n significativa en cuanto a variedad -fragancias, sabores- y presentaciones -tama\u00f1o, empaque-.<\/p>\n\n\n\n<p>\u2022 Precios Cuidados 2021 tiene como principal objetivo la incorporaci\u00f3n de nuevos productos de primeras y segundas marcas que act\u00faan como referencia para las y los consumidores, as\u00ed como una mayor diversidad de productos elaborados por peque\u00f1as y medianas empresas.<\/p>\n\n\n\n<p class=\"has-text-align-right\"><strong><em>Telam.-<\/em><\/strong><\/p>\n","protected":false},"excerpt":{"rendered":"<p>La secretaria de Comercio Interior, Paula Espa\u00f1ol, destac\u00f3 hoy que el valor de los productos de la nueva canasta de ese programa \u201cse congela por tres meses\u201d. Y agreg\u00f3 que \u201chay empresas que aumentaron hasta 300% sus ventas gracias a Precios Cuidados\u201d<\/p>\n","protected":false},"author":2,"featured_media":3355,"comment_status":"open","ping_status":"open","sticky":false,"template":"","format":"standard","meta":{"jnews-multi-image_gallery":[],"jnews_single_post":[],"jnews_primary_category":[],"jnews_social_meta":[],"jnews_review":[],"enable_review":"","type":"","name":"","summary":"","brand":"","sku":"","good":[],"bad":[],"score_override":"","override_value":"","rating":[],"price":[],"jnews_override_counter":[],"jnews_post_split":[],"footnotes":""},"categories":[61],"tags":[62,372,45],"class_list":["post-3357","post","type-post","status-publish","format-standard","has-post-thumbnail","hentry","category-economia","tag-economia","tag-embajada-de-venezuela-en-argentina","tag-noticias"],"amp_enabled":true,"_links":{"self":[{"href":"https:\/\/esreviral.com\/index.php?rest_route=\/wp\/v2\/posts\/3357"}],"collection":[{"href":"https:\/\/esreviral.com\/index.php?rest_route=\/wp\/v2\/posts"}],"about":[{"href":"https:\/\/esreviral.com\/index.php?rest_route=\/wp\/v2\/types\/post"}],"author":[{"embeddable":true,"href":"https:\/\/esreviral.com\/index.php?rest_route=\/wp\/v2\/users\/2"}],"replies":[{"embeddable":true,"href":"https:\/\/esreviral.com\/index.php?rest_route=%2Fwp%2Fv2%2Fcomments&post=3357"}],"version-history":[{"count":0,"href":"https:\/\/esreviral.com\/index.php?rest_route=\/wp\/v2\/posts\/3357\/revisions"}],"wp:featuredmedia":[{"embeddable":true,"href":"https:\/\/esreviral.com\/index.php?rest_route=\/"}],"wp:attachment":[{"href":"https:\/\/esreviral.com\/index.php?rest_route=%2Fwp%2Fv2%2Fmedia&parent=3357"}],"wp:term":[{"taxonomy":"category","embeddable":true,"href":"https:\/\/esreviral.com\/index.php?rest_route=%2Fwp%2Fv2%2Fcategories&post=3357"},{"taxonomy":"post_tag","embeddable":true,"href":"https:\/\/esreviral.com\/index.php?rest_route=%2Fwp%2Fv2%2Ftags&post=3357"}],"curies":[{"name":"wp","href":"https:\/\/api.w.org\/{rel}","templated":true}]}}