{"id":33541,"date":"2023-03-22T13:13:01","date_gmt":"2023-03-22T18:13:01","guid":{"rendered":"https:\/\/esreviral.com\/?p=33541"},"modified":"2023-03-22T13:13:02","modified_gmt":"2023-03-22T18:13:02","slug":"fin-de-semana-largo-la-linea-a-del-subte-funcionara-este-viernes","status":"publish","type":"post","link":"https:\/\/esreviral.com\/?p=33541","title":{"rendered":"Fin de semana largo: La l\u00ednea A del subte funcionar\u00e1 este viernes"},"content":{"rendered":"\n<p>Aunque el martes se anunci\u00f3 que la\u00a0<strong>l\u00ednea A del subte<\/strong>\u00a0cerrar\u00eda durante todo el fin de semana largo, este mi\u00e9rcoles se revirti\u00f3 la decisi\u00f3n y\u00a0<strong>el viernes prestar\u00e1 servicio.<\/strong>\u00a0Le objetivo es facilitar la movilidad de la gente que ese d\u00eda se trasladar\u00e1 a la zona de Plaza de Mayo por la marcha por el D\u00eda de la Memoria, en el marco del feriado del 24 de marzo.\u00a0<\/p>\n\n\n\n<p><strong><mark style=\"background-color:rgba(0, 0, 0, 0)\" class=\"has-inline-color has-vivid-red-color\">Lea Tambi\u00e9n:<\/mark><\/strong> <strong><em><\/em><\/strong><\/p>\n\n\n\n<p>Seg\u00fan anunci\u00f3 la empresa SBASE (<strong>Subterr\u00e1neos de Buenos Aires S.E.), la l\u00ednea A no brindar\u00e1 servicio durante\u00a0desde las 22hrs del viernes y hasta el domingo<\/strong>. \u00bfEl motivo? Se realizar\u00e1n pruebas del<strong>\u00a0nuevo sistema de se\u00f1ales<\/strong>\u00a0que est\u00e1 instalando.<\/p>\n\n\n\n<p>Tanto la A, como las otras cinco l\u00edneas y el Premetro, prestar\u00e1n servicio con cronograma de domingos. Es decir, los trenes entre las cabeceras\u00a0<strong>comenzar\u00e1n a correr desde las 7hrs.<\/strong><\/p>\n\n\n\n<p>Seg\u00fan explicaron desde la empresa en un comunicado, \u00aben la l\u00ednea que une Plaza de Mayo-Casa -Rosada con San Pedrito, se est\u00e1 modernizando el sistema de se\u00f1ales con la instalaci\u00f3n de un ATP&nbsp;<strong>(Automatic Train Protection),<\/strong>&nbsp;que permitir\u00e1 brindar un servicio m\u00e1s confiable, con mayor regularidad y mejorar la operaci\u00f3n\u00bb.<\/p>\n\n\n\n<p>Seg\u00fan detallaron, la l\u00ednea volver\u00e1 a estar activa con su cronograma habitual\u00a0a partir del\u00a0<strong>lunes 27 por la ma\u00f1ana,\u00a0desde las 5:30hrs.<\/strong><\/p>\n\n\n\n<p>Durante el cierre, personal especializado<strong>&nbsp;har\u00e1 correr las formaciones<\/strong>&nbsp;con el objetivo de chequear que funcionen correctamente todos los componentes del sistema. A la vez, buscar\u00e1n identificar eventuales fallas -como demoras o errores en la asignaci\u00f3n de itinerarios, c\u00f3digos de velocidad.- para ser corregidas de cara a la finalizaci\u00f3n de esta etapa de la obra, prevista para abril.<\/p>\n\n\n\n<p>\u00abEl\u00a0se\u00f1alamiento con sistemas de control y protecci\u00f3n de las formaciones, tiene como funci\u00f3n principal\u00a0que los trenes circulen de forma segura asignando rutas e informando la posici\u00f3n para evitar colisiones, es decir que est\u00e1n vinculados a la seguridad y a la frecuencia del servicio\u00bb, concluy\u00f3 el informe de la empresa.<\/p>\n\n\n\n<p class=\"has-text-align-right\"><strong><em>Clarin.-<\/em><\/strong><\/p>\n","protected":false},"excerpt":{"rendered":"<p>Se hab\u00eda anunciado que el servicio se suspender\u00eda el jueves por la noche.<\/p>\n","protected":false},"author":3,"featured_media":33542,"comment_status":"open","ping_status":"closed","sticky":false,"template":"","format":"standard","meta":{"jnews-multi-image_gallery":[],"jnews_single_post":{"subtitle":"","format":"standard","video":"","gallery":"","source_name":"","source_url":"","via_name":"","via_url":"","override_template":"0","override":[{"template":"4","single_blog_custom":"","parallax":"1","fullscreen":"1","layout":"right-sidebar","sidebar":"default-sidebar","second_sidebar":"default-sidebar","sticky_sidebar":"1","share_position":"top","share_float_style":"share-monocrhome","show_share_counter":"1","show_view_counter":"1","show_featured":"1","show_post_meta":"1","show_post_author":"1","show_post_author_image":"1","show_post_date":"1","post_date_format":"default","post_date_format_custom":"Y\/m\/d","show_post_category":"1","show_post_reading_time":"1","post_reading_time_wpm":"300","show_zoom_button":"1","zoom_button_out_step":"2","zoom_button_in_step":"3","show_post_tag":"1","show_prev_next_post":"1","show_popup_post":"1","number_popup_post":"1","show_author_box":"1","show_post_related":"1","show_inline_post_related":"0"}],"override_image_size":"0","image_override":[{"single_post_thumbnail_size":"crop-500","single_post_gallery_size":"crop-500"}],"trending_post":"0","trending_post_position":"meta","trending_post_label":"Trending","sponsored_post":"0","sponsored_post_label":"Sponsored by","sponsored_post_name":"","sponsored_post_url":"","sponsored_post_logo_enable":"0","sponsored_post_logo":"","sponsored_post_desc":"","disable_ad":"0"},"jnews_primary_category":{"id":"","hide":""},"jnews_social_meta":{"fb_title":"","fb_description":"","fb_image":"","twitter_title":"","twitter_description":"","twitter_image":""},"jnews_review":[],"enable_review":"0","type":"percentage","name":"","summary":"","brand":"","sku":"","good":[{"good_text":""}],"bad":[{"bad_text":""}],"score_override":"","override_value":"","rating":[{"rating_text":"","rating_number":"10"}],"price":[{"shop":"","price":"","link":"","icon":""}],"jnews_override_counter":{"override_view_counter":"0","view_counter_number":"0","override_share_counter":"0","share_counter_number":"0","override_like_counter":"0","like_counter_number":"0","override_dislike_counter":"0","dislike_counter_number":"0"},"jnews_post_split":{"enable_post_split":"0","post_split":[{"template":"1","tag":"h2","numbering":"asc","mode":"normal","first":"0","enable_toc":"0","toc_type":"normal"}]},"footnotes":""},"categories":[58],"tags":[44,5845,8122,45,8123,290,5535,274],"class_list":["post-33541","post","type-post","status-publish","format-standard","has-post-thumbnail","hentry","category-argentina","tag-argentina","tag-linea-a","tag-linea-a-del-subte","tag-noticias","tag-nuevo-sistema-de-senales","tag-subte","tag-subterraneos-de-buenos-aires","tag-transporte-publico"],"amp_enabled":true,"_links":{"self":[{"href":"https:\/\/esreviral.com\/index.php?rest_route=\/wp\/v2\/posts\/33541"}],"collection":[{"href":"https:\/\/esreviral.com\/index.php?rest_route=\/wp\/v2\/posts"}],"about":[{"href":"https:\/\/esreviral.com\/index.php?rest_route=\/wp\/v2\/types\/post"}],"author":[{"embeddable":true,"href":"https:\/\/esreviral.com\/index.php?rest_route=\/wp\/v2\/users\/3"}],"replies":[{"embeddable":true,"href":"https:\/\/esreviral.com\/index.php?rest_route=%2Fwp%2Fv2%2Fcomments&post=33541"}],"version-history":[{"count":0,"href":"https:\/\/esreviral.com\/index.php?rest_route=\/wp\/v2\/posts\/33541\/revisions"}],"wp:featuredmedia":[{"embeddable":true,"href":"https:\/\/esreviral.com\/index.php?rest_route=\/wp\/v2\/media\/33542"}],"wp:attachment":[{"href":"https:\/\/esreviral.com\/index.php?rest_route=%2Fwp%2Fv2%2Fmedia&parent=33541"}],"wp:term":[{"taxonomy":"category","embeddable":true,"href":"https:\/\/esreviral.com\/index.php?rest_route=%2Fwp%2Fv2%2Fcategories&post=33541"},{"taxonomy":"post_tag","embeddable":true,"href":"https:\/\/esreviral.com\/index.php?rest_route=%2Fwp%2Fv2%2Ftags&post=33541"}],"curies":[{"name":"wp","href":"https:\/\/api.w.org\/{rel}","templated":true}]}}