{"id":33461,"date":"2023-03-21T09:30:41","date_gmt":"2023-03-21T14:30:41","guid":{"rendered":"https:\/\/esreviral.com\/?p=33461"},"modified":"2023-03-21T09:30:42","modified_gmt":"2023-03-21T14:30:42","slug":"levantaron-el-paro-de-colectivos-previsto-para-este-jueves","status":"publish","type":"post","link":"https:\/\/esreviral.com\/?p=33461","title":{"rendered":"Levantaron el paro de colectivos previsto para este jueves"},"content":{"rendered":"\n<p>Luego de llegar a un acuerdo con las autoridades del Ministerio de Trabajo de la Naci\u00f3n, el sector opositor de la&nbsp;<strong>Uni\u00f3n Tranviarios Automotor (UTA)<\/strong>&nbsp;levant\u00f3&nbsp;<strong>el paro de colectivos previsto para este jueves 23 en m\u00e1s de 80 l\u00edneas de todo el \u00c1rea Metropolitana de Buenos Aires (AMBA)<\/strong>. La medida de fuerza hab\u00eda sido anunciada d\u00edas atr\u00e1s, en reclamo de mejoras salariales y la revisi\u00f3n de los resultados electorales de la agrupaci\u00f3n.<\/p>\n\n\n\n<p>Se trata de choferes que integran la&nbsp;<strong>Lista Azul<\/strong>, nucleados en la agrupaci\u00f3n&nbsp;<strong>Juan Manuel Palacios<\/strong>, que tiene como m\u00e1ximos referentes a&nbsp;<strong>Miguel Bustinduy y Osvaldo Agrafogo<\/strong>, quienes le disputan el poder al actual secretario general del gremio,&nbsp;<strong>Roberto Fern\u00e1ndez<\/strong>.<\/p>\n\n\n\n<p>Ayer, luego de una jornada de protesta y manifestaciones, los referentes de la rama disidente de la UTA fueron recibidos en la sede de la cartera laboral, conducida por&nbsp;<strong>Raquel \u2018Kelly\u2019 Olmos<\/strong>, donde se inici\u00f3 una mesa de di\u00e1logo y se lleg\u00f3 a un acuerdo, seg\u00fan indicaron fuentes oficiales a&nbsp;<strong>Infobae<\/strong>.<\/p>\n\n\n\n<p>\u201cEl acampe se levant\u00f3 y\u00a0<strong>el paro de 24 horas tambi\u00e9n<\/strong>\u201d, detallaron por su parte voceros de la agrupaci\u00f3n a este medio.<\/p>\n\n\n\n<p><strong><mark style=\"background-color:rgba(0, 0, 0, 0)\" class=\"has-inline-color has-vivid-red-color\"><em>Lea Tambi\u00e9n: <\/em><\/mark><em><\/em><\/strong><\/p>\n\n\n\n<p>Desde hace d\u00edas, el sector reclama por una \u201cparitaria \u00fanica para todo el pa\u00eds con un sueldo inicial de $350.000 y el fin de los acuerdos del 223 bis de la Ley de Contrato de Trabajo\u201d, una herramienta utilizada durante la pandemia que contempla suspensiones remuneradas. Adem\u00e1s, pide porla \u201cinmediata puesta en posesi\u00f3n\u201d de las cinco seccionales en las que afirman que ganaron las elecciones: Santa Fe, C\u00f3rdoba, Santiago del Estero, Jujuy y Mar del Plata.<\/p>\n\n\n\n<p>\u201cA partir de hoy no corre m\u00e1s el art\u00edculo 223 para los compa\u00f1eros de la provincia. Ese era uno de los 3 puntos de reclamo,\u00a0<strong>los otros 2 se va a continuar dialogando<\/strong>.\u00a0<strong>Se levanta la medida de fuerza convocada para este jueves pr\u00f3ximo.<\/strong>\u00a0La Lista Azul, m\u00e1s fuerte que nunca\u201d, explicaron fuentes de la agrupaci\u00f3n.<\/p>\n\n\n\n<figure class=\"wp-block-image size-large\"><img fetchpriority=\"high\" decoding=\"async\" width=\"593\" height=\"1024\" src=\"https:\/\/esreviral.com\/wp-content\/uploads\/2023\/03\/AnyConv.com__yljjx_msT_720x0__1-593x1024.webp\" alt=\"\" class=\"wp-image-33436\" srcset=\"https:\/\/esreviral.com\/wp-content\/uploads\/2023\/03\/AnyConv.com__yljjx_msT_720x0__1-593x1024.webp 593w, https:\/\/esreviral.com\/wp-content\/uploads\/2023\/03\/AnyConv.com__yljjx_msT_720x0__1-174x300.webp 174w, https:\/\/esreviral.com\/wp-content\/uploads\/2023\/03\/AnyConv.com__yljjx_msT_720x0__1.webp 720w\" sizes=\"(max-width: 593px) 100vw, 593px\" \/><\/figure>\n\n\n\n<p><\/p>\n\n\n\n<p><strong><mark style=\"background-color:rgba(0, 0, 0, 0)\" class=\"has-inline-color has-vivid-red-color\">\u00bfCu\u00e1les son las l\u00edneas que alcanzaba la medida de fuerza?<\/mark><\/strong><\/p>\n\n\n\n<p>El paro de 24 horas previsto para este jueves iba a impactar en las mismas l\u00edneas que fueron afectadas el pasado viernes, todas pertenecientes a la empresa&nbsp;<strong>DOTA<\/strong>:&nbsp;<strong>5, 6, 7, 8, 9, 10, 20, 21, 23, 24, 25, 28, 31, 44, 50, 51, 56, 57, 74, 76, 79, 84, 91, 99, 101, 106, 107, 108, 117, 130, 135, 146, 150, 161, 164, 168, 177, 188, 256, 263, 271, 299, 370, 384, 385, 388, 403, 405, 421, 429 y 435, 503 de San Vicente, 514 de Almirante Brown y 520 de Lan\u00fas<\/strong>.<\/p>\n\n\n\n<p>Tambi\u00e9n, iban a ser alcanzadas las que circulan \u00fanicamente por localidades bonaerenses:\u00a0<strong>256 &#8211; 263 &#8211; 271 &#8211; 299 &#8211; 370 &#8211; 384 &#8211; 385 &#8211; 388 &#8211; 403 &#8211; 405 &#8211; 421 &#8211; 429 y 435<\/strong>.<\/p>\n\n\n\n<p class=\"has-text-align-right\"><strong><em>Infobae.-<\/em><\/strong><\/p>\n","protected":false},"excerpt":{"rendered":"<p>Se conform\u00f3 una nueva mesa de di\u00e1logo con el Ministerio de Trabajo y habr\u00e1 servicios este 23 de marzo<\/p>\n","protected":false},"author":3,"featured_media":33435,"comment_status":"open","ping_status":"closed","sticky":false,"template":"","format":"standard","meta":{"jnews-multi-image_gallery":[],"jnews_single_post":{"subtitle":"","format":"standard","video":"","gallery":"","source_name":"","source_url":"","via_name":"","via_url":"","override_template":"0","override":[{"template":"4","single_blog_custom":"","parallax":"1","fullscreen":"1","layout":"right-sidebar","sidebar":"default-sidebar","second_sidebar":"default-sidebar","sticky_sidebar":"1","share_position":"top","share_float_style":"share-monocrhome","show_share_counter":"1","show_view_counter":"1","show_featured":"1","show_post_meta":"1","show_post_author":"1","show_post_author_image":"1","show_post_date":"1","post_date_format":"default","post_date_format_custom":"Y\/m\/d","show_post_category":"1","show_post_reading_time":"1","post_reading_time_wpm":"300","show_zoom_button":"1","zoom_button_out_step":"2","zoom_button_in_step":"3","show_post_tag":"1","show_prev_next_post":"1","show_popup_post":"1","number_popup_post":"1","show_author_box":"1","show_post_related":"1","show_inline_post_related":"0"}],"override_image_size":"0","image_override":[{"single_post_thumbnail_size":"crop-500","single_post_gallery_size":"crop-500"}],"trending_post":"0","trending_post_position":"meta","trending_post_label":"Trending","sponsored_post":"0","sponsored_post_label":"Sponsored by","sponsored_post_name":"","sponsored_post_url":"","sponsored_post_logo_enable":"0","sponsored_post_logo":"","sponsored_post_desc":"","disable_ad":"0"},"jnews_primary_category":{"id":"","hide":""},"jnews_social_meta":{"fb_title":"","fb_description":"","fb_image":"","twitter_title":"","twitter_description":"","twitter_image":""},"jnews_review":[],"enable_review":"0","type":"percentage","name":"","summary":"","brand":"","sku":"","good":[{"good_text":""}],"bad":[{"bad_text":""}],"score_override":"","override_value":"","rating":[{"rating_text":"","rating_number":"10"}],"price":[{"shop":"","price":"","link":"","icon":""}],"jnews_override_counter":{"override_view_counter":"0","view_counter_number":"0","override_share_counter":"0","share_counter_number":"0","override_like_counter":"0","like_counter_number":"0","override_dislike_counter":"0","dislike_counter_number":"0"},"jnews_post_split":{"enable_post_split":"0","post_split":[{"template":"1","tag":"h2","numbering":"asc","mode":"normal","first":"0","enable_toc":"0","toc_type":"normal"}]},"footnotes":""},"categories":[58],"tags":[204,2848,44,8117,3476,45,3343,3999],"class_list":["post-33461","post","type-post","status-publish","format-standard","has-post-thumbnail","hentry","category-argentina","tag-amba","tag-amba-area-metropolitana-de-buenos-aires","tag-argentina","tag-miguel-bustinduy","tag-ministerio-de-trabajo","tag-noticias","tag-paro-de-colectivos","tag-transporte-en-amba"],"amp_enabled":true,"_links":{"self":[{"href":"https:\/\/esreviral.com\/index.php?rest_route=\/wp\/v2\/posts\/33461"}],"collection":[{"href":"https:\/\/esreviral.com\/index.php?rest_route=\/wp\/v2\/posts"}],"about":[{"href":"https:\/\/esreviral.com\/index.php?rest_route=\/wp\/v2\/types\/post"}],"author":[{"embeddable":true,"href":"https:\/\/esreviral.com\/index.php?rest_route=\/wp\/v2\/users\/3"}],"replies":[{"embeddable":true,"href":"https:\/\/esreviral.com\/index.php?rest_route=%2Fwp%2Fv2%2Fcomments&post=33461"}],"version-history":[{"count":0,"href":"https:\/\/esreviral.com\/index.php?rest_route=\/wp\/v2\/posts\/33461\/revisions"}],"wp:featuredmedia":[{"embeddable":true,"href":"https:\/\/esreviral.com\/index.php?rest_route=\/wp\/v2\/media\/33435"}],"wp:attachment":[{"href":"https:\/\/esreviral.com\/index.php?rest_route=%2Fwp%2Fv2%2Fmedia&parent=33461"}],"wp:term":[{"taxonomy":"category","embeddable":true,"href":"https:\/\/esreviral.com\/index.php?rest_route=%2Fwp%2Fv2%2Fcategories&post=33461"},{"taxonomy":"post_tag","embeddable":true,"href":"https:\/\/esreviral.com\/index.php?rest_route=%2Fwp%2Fv2%2Ftags&post=33461"}],"curies":[{"name":"wp","href":"https:\/\/api.w.org\/{rel}","templated":true}]}}