{"id":33445,"date":"2023-03-21T08:19:25","date_gmt":"2023-03-21T13:19:25","guid":{"rendered":"https:\/\/esreviral.com\/?p=33445"},"modified":"2023-03-21T08:19:26","modified_gmt":"2023-03-21T13:19:26","slug":"bad-bunny-enfrenta-una-demanda-millonaria-de-su-exnovia","status":"publish","type":"post","link":"https:\/\/esreviral.com\/?p=33445","title":{"rendered":"Bad Bunny enfrenta una demanda millonaria de su exnovia"},"content":{"rendered":"\n<p>El cantante puertorrique\u00f1o\u00a0<strong>Bad Bunny<\/strong>\u00a0ha sido demandado en un tribunal de San Juan por su exnovia\u00a0<strong>Carliz de la Cruz<\/strong>, quien pide una compensaci\u00f3n de al menos\u00a0<strong>40 millones de d\u00f3lares<\/strong>\u00a0por derechos de imagen, derechos morales de autor y da\u00f1os y perjuicios.<\/p>\n\n\n\n<p>La demanda de De la Cruz, licenciada en derecho desde 2021,&nbsp;<strong>contra Benito Antonio Mart\u00ednez Ocasio,<\/strong>&nbsp;nombre real de Bad Bunny, se debe a que el artista ha utilizado el estribillo \u00ab<em>Bad Bunny baby\u00bb<\/em>&nbsp;en varios temas sin su autorizaci\u00f3n.<\/p>\n\n\n\n<p>De acuerdo con el documento legal, presentado el 1\u00b0 de marzo en el Tribunal de Primera Instancia de San Juan, pero dado a conocer este lunes, en 2015 De la Cruz y Mart\u00ednez Ocasio \u00abdecidieron que ser\u00eda una idea cautivadora\u00bb que \u00e9ste, despu\u00e9s de su nombre art\u00edstico, incluyera la palabra &#8216;baby'\u00bb.<\/p>\n\n\n\n<figure class=\"wp-block-image size-full\"><img fetchpriority=\"high\" decoding=\"async\" width=\"720\" height=\"550\" src=\"https:\/\/esreviral.com\/wp-content\/uploads\/2023\/03\/AnyConv.com__AnyConv.com__1T0fbNnId_720x0__1.webp\" alt=\"\" class=\"wp-image-33447\" srcset=\"https:\/\/esreviral.com\/wp-content\/uploads\/2023\/03\/AnyConv.com__AnyConv.com__1T0fbNnId_720x0__1.webp 720w, https:\/\/esreviral.com\/wp-content\/uploads\/2023\/03\/AnyConv.com__AnyConv.com__1T0fbNnId_720x0__1-300x229.webp 300w\" sizes=\"(max-width: 720px) 100vw, 720px\" \/><\/figure>\n\n\n\n<p><\/p>\n\n\n\n<p>\u00ab<strong>Con la intenci\u00f3n de que la frase &#8216;Bad Bunny baby&#8217; fuese m\u00e1s original todav\u00eda<\/strong>, ambos tuvieron la idea que lo mejor es que se grabara con la voz de Carliz, su novia\u00bb, con quien inici\u00f3 una relaci\u00f3n en 2011, antes de hacerse famoso, detalla la demanda.<\/p>\n\n\n\n<p>Ese mismo a\u00f1o, mientras De la Cruz se encontraba en su entonces hospedaje, junto a una amiga, recibi\u00f3 un pedido de parte del cantante para que se grabara diciendo \u00abBad Bunny baby\u00bb, algo que la joven hizo en su celular.<\/p>\n\n\n\n<figure class=\"wp-block-image size-full\"><img decoding=\"async\" width=\"720\" height=\"406\" src=\"https:\/\/esreviral.com\/wp-content\/uploads\/2023\/03\/AnyConv.com__AnyConv.com__j43qohlV6_720x0__1.webp\" alt=\"\" class=\"wp-image-33448\" srcset=\"https:\/\/esreviral.com\/wp-content\/uploads\/2023\/03\/AnyConv.com__AnyConv.com__j43qohlV6_720x0__1.webp 720w, https:\/\/esreviral.com\/wp-content\/uploads\/2023\/03\/AnyConv.com__AnyConv.com__j43qohlV6_720x0__1-300x169.webp 300w\" sizes=\"(max-width: 720px) 100vw, 720px\" \/><\/figure>\n\n\n\n<p><\/p>\n\n\n\n<p>Bad Bunny incluy\u00f3 ese estribillo en el tema\u00a0<strong><em>Pa&#8217; ti<\/em>\u00a0<\/strong>(2017), donde tambi\u00e9n cant\u00f3\u00a0<strong>Bryant Myers<\/strong>, y aparec\u00eda la voz de la joven \u00absin su consentimiento, ni autorizaci\u00f3n por escrito\u00bb, de acuerdo al documento judicial. Esta fue la primera canci\u00f3n que grab\u00f3 Bad Bunny para el sello discogr\u00e1fico de Rimas Entertainment, con el que firm\u00f3 en abril de 2016 y que tambi\u00e9n ha sido demandado por De la Cruz.<\/p>\n\n\n\n<p><strong><mark style=\"background-color:rgba(0, 0, 0, 0)\" class=\"has-inline-color has-vivid-red-color\">Qui\u00e9n es esta chica<\/mark><\/strong><\/p>\n\n\n\n<p>De\u00a0la Cruz es una joven puertorrique\u00f1a que curs\u00f3\u00a0estudios en Derecho en la universidad de su pa\u00eds\u00a0Adem\u00e1s, es Youtuber e influencer. Mantuvo una relaci\u00f3n con Bad Bunny desde 2011 hasta 2017, cuando el reguetonero no era tan conocido en la escena musical.<\/p>\n\n\n\n<figure class=\"wp-block-image size-full\"><img decoding=\"async\" width=\"720\" height=\"488\" src=\"https:\/\/esreviral.com\/wp-content\/uploads\/2023\/03\/AnyConv.com__AnyConv.com__t3kPiXmKI_720x0__1.webp\" alt=\"\" class=\"wp-image-33449\" srcset=\"https:\/\/esreviral.com\/wp-content\/uploads\/2023\/03\/AnyConv.com__AnyConv.com__t3kPiXmKI_720x0__1.webp 720w, https:\/\/esreviral.com\/wp-content\/uploads\/2023\/03\/AnyConv.com__AnyConv.com__t3kPiXmKI_720x0__1-300x203.webp 300w\" sizes=\"(max-width: 720px) 100vw, 720px\" \/><\/figure>\n\n\n\n<p><\/p>\n\n\n\n<p>La demandante alega que Bad Bunny se present\u00f3 en Puerto Rico, los Estados Unidos y Rep\u00fablica Dominicana, comenzando sus conciertos con la voz de ella repitiendo la frase\u00a0<em>\u00abBad Bunny baby\u00bb<\/em>, junto con un ritmo de fondo. Adem\u00e1s, Bad Bunny utiliz\u00f3 nuevamente el estribillo en la canci\u00f3n\u00a0<em>Dos mil 16<\/em>, que aparece en el \u00e1lbum<em>\u00a0<strong>Un verano sin ti\u00a0<\/strong><\/em>(2022).<\/p>\n\n\n\n<p>Un d\u00eda antes del lanzamiento de ese disco -el 5 de mayo de 2022-, la demandante alega que los representantes del artista intentaron llegar a un acuerdo con ella, que lo rechaz\u00f3 sin firmar ning\u00fan contrato. \u00abSin embargo, al otro d\u00eda se public\u00f3 y se vendi\u00f3 el disco que<strong>&nbsp;conten\u00eda la voz de la demandante<\/strong>&nbsp;sin importar si daba su consentimiento para el uso de su voz o no, es decir, su identidad\u00bb, explica la demanda.<\/p>\n\n\n\n<p>La voz de la abogada tambi\u00e9n se pudo escuchar en todos los espect\u00e1culos dados por Bad Bunny en su gira\u00a0<em>Un verano sin ti<\/em>, que se llevaron a cabo en Puerto Rico, los Estados Unidos y Am\u00e9rica latina a partir de julio de 2022. Adem\u00e1s de excluir su nombre de las obras art\u00edsticas creadas, los demandados utilizaron la voz distinguible de De la Cruz\u00a0<strong>sin su consentimiento<\/strong>\u00a0para canciones, discos, promociones, conciertos y plataformas sociales y musicales, televisi\u00f3n y radio.<\/p>\n\n\n\n<p class=\"has-text-align-right\"><strong><em>Clarin.-<\/em><\/strong><\/p>\n","protected":false},"excerpt":{"rendered":"<p>Carliz de la Cruz le pide 40 millones de d\u00f3lares. \u00bfPor qu\u00e9 es la demanda?<\/p>\n","protected":false},"author":3,"featured_media":28822,"comment_status":"open","ping_status":"closed","sticky":false,"template":"","format":"standard","meta":{"jnews-multi-image_gallery":[],"jnews_single_post":{"subtitle":"","format":"standard","video":"","gallery":"","source_name":"","source_url":"","via_name":"","via_url":"","override_template":"0","override":[{"template":"4","single_blog_custom":"","parallax":"1","fullscreen":"1","layout":"right-sidebar","sidebar":"default-sidebar","second_sidebar":"default-sidebar","sticky_sidebar":"1","share_position":"top","share_float_style":"share-monocrhome","show_share_counter":"1","show_view_counter":"1","show_featured":"1","show_post_meta":"1","show_post_author":"1","show_post_author_image":"1","show_post_date":"1","post_date_format":"default","post_date_format_custom":"Y\/m\/d","show_post_category":"1","show_post_reading_time":"1","post_reading_time_wpm":"300","show_zoom_button":"1","zoom_button_out_step":"2","zoom_button_in_step":"3","show_post_tag":"1","show_prev_next_post":"1","show_popup_post":"1","number_popup_post":"1","show_author_box":"1","show_post_related":"1","show_inline_post_related":"0"}],"override_image_size":"0","image_override":[{"single_post_thumbnail_size":"crop-500","single_post_gallery_size":"crop-500"}],"trending_post":"0","trending_post_position":"meta","trending_post_label":"Trending","sponsored_post":"0","sponsored_post_label":"Sponsored by","sponsored_post_name":"","sponsored_post_url":"","sponsored_post_logo_enable":"0","sponsored_post_logo":"","sponsored_post_desc":"","disable_ad":"0"},"jnews_primary_category":{"id":"","hide":""},"jnews_social_meta":{"fb_title":"","fb_description":"","fb_image":"","twitter_title":"","twitter_description":"","twitter_image":""},"jnews_review":[],"enable_review":"0","type":"percentage","name":"","summary":"","brand":"","sku":"","good":[{"good_text":""}],"bad":[{"bad_text":""}],"score_override":"","override_value":"","rating":[{"rating_text":"","rating_number":"10"}],"price":[{"shop":"","price":"","link":"","icon":""}],"jnews_override_counter":{"override_view_counter":"0","view_counter_number":"0","override_share_counter":"0","share_counter_number":"0","override_like_counter":"0","like_counter_number":"0","override_dislike_counter":"0","dislike_counter_number":"0"},"jnews_post_split":{"enable_post_split":"0","post_split":[{"template":"1","tag":"h2","numbering":"asc","mode":"normal","first":"0","enable_toc":"0","toc_type":"normal"}]},"footnotes":""},"categories":[50],"tags":[1183,7665,8105,45,8106],"class_list":["post-33445","post","type-post","status-publish","format-standard","has-post-thumbnail","hentry","category-entretenimiento","tag-bad-bunny","tag-cantante-puertorriqueno","tag-demanda-millonaria","tag-noticias","tag-un-verano-sin-ti"],"amp_enabled":true,"_links":{"self":[{"href":"https:\/\/esreviral.com\/index.php?rest_route=\/wp\/v2\/posts\/33445"}],"collection":[{"href":"https:\/\/esreviral.com\/index.php?rest_route=\/wp\/v2\/posts"}],"about":[{"href":"https:\/\/esreviral.com\/index.php?rest_route=\/wp\/v2\/types\/post"}],"author":[{"embeddable":true,"href":"https:\/\/esreviral.com\/index.php?rest_route=\/wp\/v2\/users\/3"}],"replies":[{"embeddable":true,"href":"https:\/\/esreviral.com\/index.php?rest_route=%2Fwp%2Fv2%2Fcomments&post=33445"}],"version-history":[{"count":0,"href":"https:\/\/esreviral.com\/index.php?rest_route=\/wp\/v2\/posts\/33445\/revisions"}],"wp:featuredmedia":[{"embeddable":true,"href":"https:\/\/esreviral.com\/index.php?rest_route=\/wp\/v2\/media\/28822"}],"wp:attachment":[{"href":"https:\/\/esreviral.com\/index.php?rest_route=%2Fwp%2Fv2%2Fmedia&parent=33445"}],"wp:term":[{"taxonomy":"category","embeddable":true,"href":"https:\/\/esreviral.com\/index.php?rest_route=%2Fwp%2Fv2%2Fcategories&post=33445"},{"taxonomy":"post_tag","embeddable":true,"href":"https:\/\/esreviral.com\/index.php?rest_route=%2Fwp%2Fv2%2Ftags&post=33445"}],"curies":[{"name":"wp","href":"https:\/\/api.w.org\/{rel}","templated":true}]}}