{"id":33404,"date":"2023-03-20T16:26:02","date_gmt":"2023-03-20T21:26:02","guid":{"rendered":"https:\/\/esreviral.com\/?p=33404"},"modified":"2023-03-20T16:43:51","modified_gmt":"2023-03-20T21:43:51","slug":"lo-que-maduro-descubrio-era-un-plan-para-disputarle-el-poder-afirmo-el-exministro-de-comunicacion-venezolano","status":"publish","type":"post","link":"https:\/\/esreviral.com\/?p=33404","title":{"rendered":"\u00abLo que maduro descubri\u00f3 era un plan para disputarle el poder\u00bb, afirm\u00f3 el exministro de comunicaci\u00f3n venezolano"},"content":{"rendered":"\n<p><strong><em>CIS.- <\/em>Los chavistas disidentes del madurismo y que est\u00e1n regados por distintas partes del mundo, han tomado el primer puesto<\/strong> para ver la pel\u00edcula que protagonizan los hermanos <a href=\"https:\/\/esreviral.com\/ola-de-detenciones-de-altos-funcionarios-de-nicolas-maduro\/\">Jorge y Delcy Rodr\u00edguez contra Tarek El Aissami,<\/a> algunos opinan en las redes sociales mientras que otros prefieren permanecer en silencio. <\/p>\n\n\n\n<p><strong>Andr\u00e9s Izarra, exministro de Comunicaci\u00f3n, de Turismo, expresidente de Telesur y hombre de confianza de Hugo Ch\u00e1vez<\/strong>, afirm\u00f3 en su cuenta de twitter que con la detenci\u00f3n de funcionarios del Gobierno y la renuncia de Tarek El Aissami, <strong>\u00ablo que maduro descubri\u00f3 era un plan para disputarle el poder\u00bb. <\/strong><\/p>\n\n\n\n<p>Lea tambi\u00e9n: <\/p>\n\n\n\n<p><\/p>\n\n\n\n<p>\u00abMaduro usa la corrupci\u00f3n para controlar las ambiciones de los grupos, pero el poder si se lo reserva para \u00e9l. La golpiza viene porque el plan para tomar el poder se devela\u00bb, contin\u00fao en su mensaje y advirti\u00f3 que \u00abesto apenas comienza\u00bb.<\/p>\n\n\n\n<p>Dijo que la candidatura para el 2024 del PSUV, podr\u00eda terminar \u00aba balazos\u00bb, por lo que se deja ver que Maduro, posiblemente tendr\u00eda contrincantes dentro del partido oficialista.<\/p>\n\n\n\n<p>\u00abLa candidatura de <a href=\"https:\/\/twitter.com\/jorgerpsuv\">@jorgerpsuv<\/a> se posiciona y crecer\u00e1 en este escenario\u00bb.<\/p>\n\n\n\n<p><\/p>\n\n\n\n<figure class=\"wp-block-embed is-type-rich is-provider-twitter wp-block-embed-twitter\"><div class=\"wp-block-embed__wrapper\">\n<blockquote class=\"twitter-tweet\" data-width=\"500\" data-dnt=\"true\"><p lang=\"es\" dir=\"ltr\">Lo que maduro descubri\u00f3 era un plan para disputarle el poder. <br><br>Maduro usa la corrupci\u00f3n para controlar las ambiciones de los grupos, pero el poder si se lo reserva para \u00e9l.  <br><br>La golpiza viene porque el plan para tomar el poder se devela. <br><br>Esto apenas comienza.<\/p>&mdash; Andr\u00e9s Izarra (@AgIzarra) <a href=\"https:\/\/twitter.com\/AgIzarra\/status\/1637898531871551489?ref_src=twsrc%5Etfw\">March 20, 2023<\/a><\/blockquote><script async src=\"https:\/\/platform.twitter.com\/widgets.js\" charset=\"utf-8\"><\/script>\n<\/div><\/figure>\n\n\n\n<p>Despu\u00e9s tambi\u00e9n se refiri\u00f3 a las declaraciones emitidas por el primer vicepresidente del PSUV, Diosdado Cabello. <\/p>\n\n\n\n<figure class=\"wp-block-embed is-type-rich is-provider-twitter wp-block-embed-twitter\"><div class=\"wp-block-embed__wrapper\">\n<blockquote class=\"twitter-tweet\" data-width=\"500\" data-dnt=\"true\"><p lang=\"es\" dir=\"ltr\">El chiste se cuenta solo <a href=\"https:\/\/t.co\/EkeY00tMMJ\">https:\/\/t.co\/EkeY00tMMJ<\/a><\/p>&mdash; Andr\u00e9s Izarra (@AgIzarra) <a href=\"https:\/\/twitter.com\/AgIzarra\/status\/1637919630164369410?ref_src=twsrc%5Etfw\">March 20, 2023<\/a><\/blockquote><script async src=\"https:\/\/platform.twitter.com\/widgets.js\" charset=\"utf-8\"><\/script>\n<\/div><\/figure>\n\n\n\n<p><\/p>\n","protected":false},"excerpt":{"rendered":"<p>CIS.- Los chavistas disidentes del madurismo y que est\u00e1n regados por distintas partes del mundo, han tomado el primer puesto para ver la pel\u00edcula que protagonizan los hermanos Jorge y Delcy Rodr\u00edguez contra Tarek El Aissami, algunos opinan en las redes sociales mientras que otros prefieren permanecer en silencio. Andr\u00e9s Izarra, exministro de Comunicaci\u00f3n, de [&hellip;]<\/p>\n","protected":false},"author":2,"featured_media":33410,"comment_status":"open","ping_status":"closed","sticky":false,"template":"","format":"standard","meta":{"jnews-multi-image_gallery":[],"jnews_single_post":{"subtitle":"","format":"standard","video":"","gallery":"","source_name":"","source_url":"","via_name":"","via_url":"","override_template":"0","override":[{"template":"4","single_blog_custom":"","parallax":"1","fullscreen":"1","layout":"right-sidebar","sidebar":"default-sidebar","second_sidebar":"default-sidebar","sticky_sidebar":"1","share_position":"top","share_float_style":"share-monocrhome","show_share_counter":"1","show_view_counter":"1","show_featured":"1","show_post_meta":"1","show_post_author":"1","show_post_author_image":"1","show_post_date":"1","post_date_format":"default","post_date_format_custom":"Y\/m\/d","show_post_category":"1","show_post_reading_time":"1","post_reading_time_wpm":"300","show_zoom_button":"1","zoom_button_out_step":"2","zoom_button_in_step":"3","show_post_tag":"1","show_prev_next_post":"1","show_popup_post":"1","number_popup_post":"1","show_author_box":"1","show_post_related":"1","show_inline_post_related":"0"}],"override_image_size":"0","image_override":[{"single_post_thumbnail_size":"crop-500","single_post_gallery_size":"crop-500"}],"trending_post":"0","trending_post_position":"meta","trending_post_label":"Trending","sponsored_post":"0","sponsored_post_label":"Sponsored by","sponsored_post_name":"","sponsored_post_url":"","sponsored_post_logo_enable":"0","sponsored_post_logo":"","sponsored_post_desc":"","disable_ad":"0"},"jnews_primary_category":{"id":"","hide":""},"jnews_social_meta":{"fb_title":"","fb_description":"","fb_image":"","twitter_title":"","twitter_description":"","twitter_image":""},"jnews_review":[],"enable_review":"0","type":"percentage","name":"","summary":"","brand":"","sku":"","good":[{"good_text":""}],"bad":[{"bad_text":""}],"score_override":"","override_value":"","rating":[{"rating_text":"","rating_number":"10"}],"price":[{"shop":"","price":"","link":"","icon":""}],"jnews_override_counter":{"override_view_counter":"0","view_counter_number":"0","override_share_counter":"0","share_counter_number":"0","override_like_counter":"0","like_counter_number":"0","override_dislike_counter":"0","dislike_counter_number":"0"},"jnews_post_split":{"enable_post_split":"0","post_split":[{"template":"1","tag":"h2","numbering":"asc","mode":"normal","first":"0","enable_toc":"0","toc_type":"normal"}]},"footnotes":""},"categories":[66],"tags":[8079,381,82,45,2386,8072,56],"class_list":["post-33404","post","type-post","status-publish","format-standard","has-post-thumbnail","hentry","category-venezuela","tag-andres-izarra","tag-diosdado-cabello","tag-maduro","tag-noticias","tag-pdvsa","tag-tarek-el-aissami","tag-venezuela"],"amp_enabled":true,"_links":{"self":[{"href":"https:\/\/esreviral.com\/index.php?rest_route=\/wp\/v2\/posts\/33404"}],"collection":[{"href":"https:\/\/esreviral.com\/index.php?rest_route=\/wp\/v2\/posts"}],"about":[{"href":"https:\/\/esreviral.com\/index.php?rest_route=\/wp\/v2\/types\/post"}],"author":[{"embeddable":true,"href":"https:\/\/esreviral.com\/index.php?rest_route=\/wp\/v2\/users\/2"}],"replies":[{"embeddable":true,"href":"https:\/\/esreviral.com\/index.php?rest_route=%2Fwp%2Fv2%2Fcomments&post=33404"}],"version-history":[{"count":0,"href":"https:\/\/esreviral.com\/index.php?rest_route=\/wp\/v2\/posts\/33404\/revisions"}],"wp:featuredmedia":[{"embeddable":true,"href":"https:\/\/esreviral.com\/index.php?rest_route=\/wp\/v2\/media\/33410"}],"wp:attachment":[{"href":"https:\/\/esreviral.com\/index.php?rest_route=%2Fwp%2Fv2%2Fmedia&parent=33404"}],"wp:term":[{"taxonomy":"category","embeddable":true,"href":"https:\/\/esreviral.com\/index.php?rest_route=%2Fwp%2Fv2%2Fcategories&post=33404"},{"taxonomy":"post_tag","embeddable":true,"href":"https:\/\/esreviral.com\/index.php?rest_route=%2Fwp%2Fv2%2Ftags&post=33404"}],"curies":[{"name":"wp","href":"https:\/\/api.w.org\/{rel}","templated":true}]}}