{"id":33367,"date":"2023-03-20T11:55:56","date_gmt":"2023-03-20T16:55:56","guid":{"rendered":"https:\/\/esreviral.com\/?p=33367"},"modified":"2023-03-20T11:55:57","modified_gmt":"2023-03-20T16:55:57","slug":"tragedia-en-colombia-hay-cuatro-muertos-tras-caer-un-helicoptero-del-ejercito","status":"publish","type":"post","link":"https:\/\/esreviral.com\/?p=33367","title":{"rendered":"Tragedia en Colombia: hay cuatro muertos tras caer un helic\u00f3ptero del Ej\u00e9rcito"},"content":{"rendered":"\n<p>Un helic\u00f3ptero del Ej\u00e9rcito se desplom\u00f3 este domingo en un barrio de la ciudad de Quibd\u00f3, la capital del departamento de Choc\u00f3, en Colombia. El hecho dej\u00f3 un saldo de cuatro muertos.<\/p>\n\n\n\n<p>El presidente colombiano, Gustavo Petro, inform\u00f3 en Twitter que \u00abhace pocos minutos se precipit\u00f3 un helic\u00f3ptero del Ej\u00e9rcito en Quibd\u00f3 que cumpl\u00eda labores de abastecimiento\u00bb.<\/p>\n\n\n\n<p>Petro inform\u00f3 que \u00abno hubo sobrevivientes en el accidente a\u00e9reo en Quibd\u00f3\u00bb. Indic\u00f3 que los fallecidos son H\u00e9ctor Jerez, Julieth Garc\u00eda, Johan Orozco y Rub\u00e9n Leguizam\u00f3n, todos ellos miembros del Ej\u00e9rcito.<\/p>\n\n\n\n<p><strong><mark style=\"background-color:rgba(0, 0, 0, 0)\" class=\"has-inline-color has-vivid-red-color\">Cuatro muertos al caer helic\u00f3ptero en Colombia<\/mark><\/strong><\/p>\n\n\n\n<p>\u00abDentro de una operaci\u00f3n de abastecimiento (\u2026) para llevarle el alimento a todos los soldados que cumplen misiones en el Alto y Medio Baud\u00f3 se presenta este accidente tr\u00e1gico\u00bb. As\u00ed lo inform\u00f3 a la prensa el comandante de la Fuerza de Tarea Conjunta Tit\u00e1n, H\u00e9ctor Alfonso Candelario.<\/p>\n\n\n\n<p>La aeronave qued\u00f3 \u00abincinerada totalmente\u00bb, seg\u00fan report\u00f3 Candelario desde la zona del accidente, donde a\u00fan hay llamas y han encontrado dos de los cuerpos.<\/p>\n\n\n\n<p>Los otros dos \u00abal parecer y seg\u00fan lo que la comunidad vio saltaron del helic\u00f3ptero\u00bb. Esto seg\u00fan el testimonio del comandante.<\/p>\n\n\n\n<p>En un video ampliamente difundido en redes sociales se puede ver c\u00f3mo el helic\u00f3ptero se precipita sobre el barrio La Playita. Pero en una zona boscosa, posiblemente por una falla mec\u00e1nica.<\/p>\n\n\n\n<iframe src=\"\/\/content.jwplatform.com\/players\/Mrfk4X5Z-SlABnfS5.html\" width=\"640\" height=\"360\" frameborder=\"0\" scrolling=\"auto\"><\/iframe>\n\n\n\n<p><strong><mark style=\"background-color:rgba(0, 0, 0, 0)\" class=\"has-inline-color has-vivid-red-color\">M\u00e1s detalles de lo ocurrido<\/mark><\/strong><\/p>\n\n\n\n<p>En \u00e9l viajaba, seg\u00fan informaci\u00f3n facilitada por el Ej\u00e9rcito, la primera mujer piloto de helic\u00f3ptero UH1N de las fuerzas militares, la teniente Julieth Garc\u00eda.<\/p>\n\n\n\n<p>\u00abHe dado la orden a las autoridades desplazarse inmediatamente a la zona para atender la emergencia e investigar las causas de lo sucedido\u00bb, asegur\u00f3 el presidente.<\/p>\n\n\n\n<p>La gobernadora encargada del Choc\u00f3, Farlin Perea Renter\u00eda, mand\u00f3 un mensaje de solidaridad \u00aba los familiares y amigos de los miembros del Ej\u00e9rcito de Colombia que hac\u00edan parte de las labores de abastecimiento en el departamento\u00bb.<\/p>\n\n\n\n<p>Y a la vez inform\u00f3 que est\u00e1n \u00abapoyando las investigaciones pertinentes sobre el hecho ocurrido el d\u00eda de hoy en Quibd\u00f3\u00bb.<\/p>\n\n\n\n<p>Un accidente similar ocurri\u00f3 el pasado noviembre, cuando una avioneta de la empresa tur\u00edstica San Germ\u00e1n se cay\u00f3 en un barrio residencial de la ciudad colombiana de Medell\u00edn y caus\u00f3 la muerte de sus ocho ocupantes as\u00ed como da\u00f1os a por lo menos siete viviendas de un sector residencial.<\/p>\n\n\n\n<p class=\"has-text-align-right\"><strong><em>ElNacional.-<\/em><\/strong><\/p>\n","protected":false},"excerpt":{"rendered":"<p>Gustavo Petro inform\u00f3 que \u00abno hubo sobrevivientes en el accidente a\u00e9reo en Quibd\u00f3\u00bb<\/p>\n","protected":false},"author":3,"featured_media":33368,"comment_status":"open","ping_status":"closed","sticky":false,"template":"","format":"standard","meta":{"jnews-multi-image_gallery":[],"jnews_single_post":{"subtitle":"","format":"standard","video":"","gallery":"","source_name":"","source_url":"","via_name":"","via_url":"","override_template":"0","override":[{"template":"4","single_blog_custom":"","parallax":"1","fullscreen":"1","layout":"right-sidebar","sidebar":"default-sidebar","second_sidebar":"default-sidebar","sticky_sidebar":"1","share_position":"top","share_float_style":"share-monocrhome","show_share_counter":"1","show_view_counter":"1","show_featured":"1","show_post_meta":"1","show_post_author":"1","show_post_author_image":"1","show_post_date":"1","post_date_format":"default","post_date_format_custom":"Y\/m\/d","show_post_category":"1","show_post_reading_time":"1","post_reading_time_wpm":"300","show_zoom_button":"1","zoom_button_out_step":"2","zoom_button_in_step":"3","show_post_tag":"1","show_prev_next_post":"1","show_popup_post":"1","number_popup_post":"1","show_author_box":"1","show_post_related":"1","show_inline_post_related":"0"}],"override_image_size":"0","image_override":[{"single_post_thumbnail_size":"crop-500","single_post_gallery_size":"crop-500"}],"trending_post":"0","trending_post_position":"meta","trending_post_label":"Trending","sponsored_post":"0","sponsored_post_label":"Sponsored by","sponsored_post_name":"","sponsored_post_url":"","sponsored_post_logo_enable":"0","sponsored_post_logo":"","sponsored_post_desc":"","disable_ad":"0"},"jnews_primary_category":{"id":"","hide":""},"jnews_social_meta":{"fb_title":"","fb_description":"","fb_image":"","twitter_title":"","twitter_description":"","twitter_image":""},"jnews_review":[],"enable_review":"0","type":"percentage","name":"","summary":"","brand":"","sku":"","good":[{"good_text":""}],"bad":[{"bad_text":""}],"score_override":"","override_value":"","rating":[{"rating_text":"","rating_number":"10"}],"price":[{"shop":"","price":"","link":"","icon":""}],"jnews_override_counter":{"override_view_counter":"0","view_counter_number":"0","override_share_counter":"0","share_counter_number":"0","override_like_counter":"0","like_counter_number":"0","override_dislike_counter":"0","dislike_counter_number":"0"},"jnews_post_split":{"enable_post_split":"0","post_split":[{"template":"1","tag":"h2","numbering":"asc","mode":"normal","first":"0","enable_toc":"0","toc_type":"normal"}]},"footnotes":""},"categories":[88,64],"tags":[8061,283,5304,1549,1377,8060,8063,45,8062,423,8059],"class_list":["post-33367","post","type-post","status-publish","format-standard","has-post-thumbnail","hentry","category-internacionales","category-sucesos","tag-aeronave","tag-colombia","tag-cuatro-muertos","tag-gustavo-petro","tag-helicoptero","tag-helicoptero-del-ejercito","tag-miembros-del-ejercito","tag-noticias","tag-quibdo","tag-tragedia","tag-tragedia-en-colombia"],"_links":{"self":[{"href":"https:\/\/esreviral.com\/index.php?rest_route=\/wp\/v2\/posts\/33367","targetHints":{"allow":["GET"]}}],"collection":[{"href":"https:\/\/esreviral.com\/index.php?rest_route=\/wp\/v2\/posts"}],"about":[{"href":"https:\/\/esreviral.com\/index.php?rest_route=\/wp\/v2\/types\/post"}],"author":[{"embeddable":true,"href":"https:\/\/esreviral.com\/index.php?rest_route=\/wp\/v2\/users\/3"}],"replies":[{"embeddable":true,"href":"https:\/\/esreviral.com\/index.php?rest_route=%2Fwp%2Fv2%2Fcomments&post=33367"}],"version-history":[{"count":0,"href":"https:\/\/esreviral.com\/index.php?rest_route=\/wp\/v2\/posts\/33367\/revisions"}],"wp:featuredmedia":[{"embeddable":true,"href":"https:\/\/esreviral.com\/index.php?rest_route=\/wp\/v2\/media\/33368"}],"wp:attachment":[{"href":"https:\/\/esreviral.com\/index.php?rest_route=%2Fwp%2Fv2%2Fmedia&parent=33367"}],"wp:term":[{"taxonomy":"category","embeddable":true,"href":"https:\/\/esreviral.com\/index.php?rest_route=%2Fwp%2Fv2%2Fcategories&post=33367"},{"taxonomy":"post_tag","embeddable":true,"href":"https:\/\/esreviral.com\/index.php?rest_route=%2Fwp%2Fv2%2Ftags&post=33367"}],"curies":[{"name":"wp","href":"https:\/\/api.w.org\/{rel}","templated":true}]}}