{"id":33339,"date":"2023-03-20T09:06:52","date_gmt":"2023-03-20T14:06:52","guid":{"rendered":"https:\/\/esreviral.com\/?p=33339"},"modified":"2023-03-20T09:06:53","modified_gmt":"2023-03-20T14:06:53","slug":"padres-y-representantes-de-una-escuela-de-caba-protestan-para-exigir-mejoras-en-la-infraestructura-video","status":"publish","type":"post","link":"https:\/\/esreviral.com\/?p=33339","title":{"rendered":"Padres y representantes de una escuela de CABA protestan para exigir mejoras en la infraestructura (+VIDEO)"},"content":{"rendered":"\n<p><strong><em>CIS.- <\/em><\/strong>Desde tempranas horas de este lunes, padres y representantes de la escuela 0502, ubicada en Sarmiento y Pueyrred\u00f3n protestan a fin de reclamar condiciones aptas para la educaci\u00f3n en el jard\u00edn de infantes donde hubo un conato de incendio el d\u00eda jueves y tuvieron que evacuar a todos los ni\u00f1os hasta Plaza Once. <\/p>\n\n\n\n<p>Una de las representantes, se comunic\u00f3 con ES RE VIRAL y explic\u00f3 que la incertidumbre abrum\u00f3 a los educadores de la escuela el d\u00eda del conato de incendio porque \u00ablas puertas de emergencia no estaban debidamente habilitadas. Y a esa escuela asisten ni\u00f1os desde los 2 a\u00f1itos\u00bb, por lo que controlar la situaci\u00f3n se volv\u00eda m\u00e1s dif\u00edcil.<\/p>\n\n\n\n<p>Es una escuela en la que hay un jard\u00edn de infancia con dos salones de 20 alumnos cada uno y adem\u00e1s toda la primaria. <\/p>\n\n\n\n<figure class=\"wp-block-embed is-type-rich is-provider-twitter wp-block-embed-twitter\"><div class=\"wp-block-embed__wrapper\">\n<blockquote class=\"twitter-tweet\" data-width=\"500\" data-dnt=\"true\"><p lang=\"es\" dir=\"ltr\"><a href=\"https:\/\/twitter.com\/hashtag\/20mar?src=hash&amp;ref_src=twsrc%5Etfw\">#20mar<\/a> Representantes de la escuela infantil que sufri\u00f3 un conato de incendio la semana pasada, protestan para exigir mejoras de infraestructura <a href=\"https:\/\/t.co\/kXPxI6Vxs6\">pic.twitter.com\/kXPxI6Vxs6<\/a><\/p>&mdash; ES RE VIRAL (@esreviral) <a href=\"https:\/\/twitter.com\/esreviral\/status\/1637815357204307976?ref_src=twsrc%5Etfw\">March 20, 2023<\/a><\/blockquote><script async src=\"https:\/\/platform.twitter.com\/widgets.js\" charset=\"utf-8\"><\/script>\n<\/div><\/figure>\n","protected":false},"excerpt":{"rendered":"<p>CIS.- Desde tempranas horas de este lunes, padres y representantes de la escuela 0502, ubicada en Sarmiento y Pueyrred\u00f3n protestan a fin de reclamar condiciones aptas para la educaci\u00f3n en el jard\u00edn de infantes donde hubo un conato de incendio el d\u00eda jueves y tuvieron que evacuar a todos los ni\u00f1os hasta Plaza Once. Una [&hellip;]<\/p>\n","protected":false},"author":2,"featured_media":33340,"comment_status":"open","ping_status":"closed","sticky":false,"template":"","format":"standard","meta":{"jnews-multi-image_gallery":[],"jnews_single_post":{"subtitle":"","format":"standard","video":"","gallery":"","source_name":"","source_url":"","via_name":"","via_url":"","override_template":"0","override":[{"template":"4","single_blog_custom":"","parallax":"1","fullscreen":"1","layout":"right-sidebar","sidebar":"default-sidebar","second_sidebar":"default-sidebar","sticky_sidebar":"1","share_position":"top","share_float_style":"share-monocrhome","show_share_counter":"1","show_view_counter":"1","show_featured":"1","show_post_meta":"1","show_post_author":"1","show_post_author_image":"1","show_post_date":"1","post_date_format":"default","post_date_format_custom":"Y\/m\/d","show_post_category":"1","show_post_reading_time":"1","post_reading_time_wpm":"300","show_zoom_button":"1","zoom_button_out_step":"2","zoom_button_in_step":"3","show_post_tag":"1","show_prev_next_post":"1","show_popup_post":"1","number_popup_post":"1","show_author_box":"1","show_post_related":"1","show_inline_post_related":"0"}],"override_image_size":"0","image_override":[{"single_post_thumbnail_size":"crop-500","single_post_gallery_size":"crop-500"}],"trending_post":"0","trending_post_position":"meta","trending_post_label":"Trending","sponsored_post":"0","sponsored_post_label":"Sponsored by","sponsored_post_name":"","sponsored_post_url":"","sponsored_post_logo_enable":"0","sponsored_post_logo":"","sponsored_post_desc":"","disable_ad":"0"},"jnews_primary_category":{"id":"","hide":""},"jnews_social_meta":{"fb_title":"","fb_description":"","fb_image":"","twitter_title":"","twitter_description":"","twitter_image":""},"jnews_review":[],"enable_review":"0","type":"percentage","name":"","summary":"","brand":"","sku":"","good":[{"good_text":""}],"bad":[{"bad_text":""}],"score_override":"","override_value":"","rating":[{"rating_text":"","rating_number":"10"}],"price":[{"shop":"","price":"","link":"","icon":""}],"jnews_override_counter":{"override_view_counter":"0","view_counter_number":"0","override_share_counter":"0","share_counter_number":"0","override_like_counter":"0","like_counter_number":"0","override_dislike_counter":"0","dislike_counter_number":"0"},"jnews_post_split":{"enable_post_split":"0","post_split":[{"template":"1","tag":"h2","numbering":"asc","mode":"normal","first":"0","enable_toc":"0","toc_type":"normal"}]},"footnotes":""},"categories":[43,58],"tags":[44,45,126,8031,67],"class_list":["post-33339","post","type-post","status-publish","format-standard","has-post-thumbnail","hentry","category-actualidad","category-argentina","tag-argentina","tag-noticias","tag-protesta","tag-sin-clases","tag-venezolanos-en-argentina"],"amp_enabled":true,"_links":{"self":[{"href":"https:\/\/esreviral.com\/index.php?rest_route=\/wp\/v2\/posts\/33339"}],"collection":[{"href":"https:\/\/esreviral.com\/index.php?rest_route=\/wp\/v2\/posts"}],"about":[{"href":"https:\/\/esreviral.com\/index.php?rest_route=\/wp\/v2\/types\/post"}],"author":[{"embeddable":true,"href":"https:\/\/esreviral.com\/index.php?rest_route=\/wp\/v2\/users\/2"}],"replies":[{"embeddable":true,"href":"https:\/\/esreviral.com\/index.php?rest_route=%2Fwp%2Fv2%2Fcomments&post=33339"}],"version-history":[{"count":0,"href":"https:\/\/esreviral.com\/index.php?rest_route=\/wp\/v2\/posts\/33339\/revisions"}],"wp:featuredmedia":[{"embeddable":true,"href":"https:\/\/esreviral.com\/index.php?rest_route=\/wp\/v2\/media\/33340"}],"wp:attachment":[{"href":"https:\/\/esreviral.com\/index.php?rest_route=%2Fwp%2Fv2%2Fmedia&parent=33339"}],"wp:term":[{"taxonomy":"category","embeddable":true,"href":"https:\/\/esreviral.com\/index.php?rest_route=%2Fwp%2Fv2%2Fcategories&post=33339"},{"taxonomy":"post_tag","embeddable":true,"href":"https:\/\/esreviral.com\/index.php?rest_route=%2Fwp%2Fv2%2Ftags&post=33339"}],"curies":[{"name":"wp","href":"https:\/\/api.w.org\/{rel}","templated":true}]}}