{"id":33298,"date":"2023-03-19T06:49:24","date_gmt":"2023-03-19T11:49:24","guid":{"rendered":"https:\/\/esreviral.com\/?p=33298"},"modified":"2023-03-19T09:22:04","modified_gmt":"2023-03-19T14:22:04","slug":"universidad-bicentenaria-de-aragua-abre-carreras-de-pre-y-post-grado-diplomados-y-doctorados-en-argentina","status":"publish","type":"post","link":"https:\/\/esreviral.com\/?p=33298","title":{"rendered":"Universidad Bicentenaria de Aragua abre carreras de pre y post grado, diplomados y doctorados en Argentina"},"content":{"rendered":"\n<p><strong><em>Carlos Iv\u00e1n Su\u00e1rez.- <\/em><\/strong>Como parte de la ampliaci\u00f3n y la extensi\u00f3n del sistema <em>on line<\/em> que ofrece la Universidad Bicentenaria de Aragua pr\u00f3ximamente <strong>dar\u00e1 inicio a los estudios en pre y postgrado, diplomados y doctorados que ofrece la casa de estudios y que estar\u00e1 dirigido para quienes residan en Argentina y Chile. <\/strong><\/p>\n\n\n\n<p>El doctor<strong> Manuel Pi\u00f1ate, Vicerrector acad\u00e9mico de la UBA,<\/strong> inform\u00f3 a <strong><em>ES RE VIRAL<\/em><\/strong>, que actualmente tienen<strong> siete carreras largas con una duraci\u00f3n de 12 trimestres que se hacen en cuatro a\u00f1os:<\/strong> Comunicaci\u00f3n Social, Psicolog\u00eda, Ingenier\u00eda en Sistema, Administraci\u00f3n y Contadur\u00eda. <\/p>\n\n\n\n<p>Adem\u00e1s, tambi\u00e9n <strong>ofrecen T\u00e9cnico Superiores Universitarios (TSU<\/strong>) en Inform\u00e1tica, Comercio Exterior, Publicidad y Mercadeo, Administraci\u00f3n y Bancas y Finanzas. <\/p>\n\n\n\n<p>\u00abComo parte de la gesti\u00f3n de nuestro rector Basilio S\u00e1nchez,<strong> se hace este proceso de internacionalizaci\u00f3n <em>online<\/em><\/strong>. Ya estamos en <strong>Europa, Centroam\u00e9rica , Ecuador, Chile y Estados Unidos<\/strong>,<strong> ahora queremos estar en Argentina<\/strong> donde hay gran parte de la comunidad venezolana que seguramente dejaron sus estudios iniciados o quieran comenzar cualquiera de las opciones que ofrecemos\u00bb. <\/p>\n\n\n\n<p>La UBA tambi\u00e9n tiene<strong> m\u00e1s de 40 programas de postgrados, con maestr\u00edas<\/strong> en Educaci\u00f3n menci\u00f3n Gerencia, Educaci\u00f3n Inicial, Comunicaci\u00f3n Corporativa, Administraci\u00f3n menci\u00f3n Finanzas, doctorados en Ciencias de la Educaci\u00f3n y Ciencias Jur\u00eddicas. <\/p>\n\n\n\n<p>Adem\u00e1s, esta prestigiosa universidad venezolana, tambi\u00e9n ofrece la oportunidad de hacer <strong>diplomados que van entre 120 a 200 horas acad\u00e9micas <\/strong>en \u00e1reas como la psicolog\u00eda, comunicaci\u00f3n social, branding, marketing digital, entre otros. <\/p>\n\n\n\n<figure class=\"wp-block-image size-large\"><img fetchpriority=\"high\" decoding=\"async\" width=\"1024\" height=\"1024\" src=\"https:\/\/esreviral.com\/wp-content\/uploads\/2023\/03\/foto-pin204131ate-1024x1024.webp\" alt=\"\" class=\"wp-image-33299\" srcset=\"https:\/\/esreviral.com\/wp-content\/uploads\/2023\/03\/foto-pin204131ate-1024x1024.webp 1024w, https:\/\/esreviral.com\/wp-content\/uploads\/2023\/03\/foto-pin204131ate-300x300.webp 300w, https:\/\/esreviral.com\/wp-content\/uploads\/2023\/03\/foto-pin204131ate-150x150.webp 150w, https:\/\/esreviral.com\/wp-content\/uploads\/2023\/03\/foto-pin204131ate-768x768.webp 768w, https:\/\/esreviral.com\/wp-content\/uploads\/2023\/03\/foto-pin204131ate-1536x1536.webp 1536w, https:\/\/esreviral.com\/wp-content\/uploads\/2023\/03\/foto-pin204131ate-2048x2048.webp 2048w, https:\/\/esreviral.com\/wp-content\/uploads\/2023\/03\/foto-pin204131ate-75x75.webp 75w, https:\/\/esreviral.com\/wp-content\/uploads\/2023\/03\/foto-pin204131ate-350x350.webp 350w, https:\/\/esreviral.com\/wp-content\/uploads\/2023\/03\/foto-pin204131ate-750x750.webp 750w, https:\/\/esreviral.com\/wp-content\/uploads\/2023\/03\/foto-pin204131ate-1140x1140.webp 1140w\" sizes=\"(max-width: 1024px) 100vw, 1024px\" \/><figcaption class=\"wp-element-caption\">Dr. Manuel Pi\u00f1ate, vicerrector acad\u00e9mico de la UBA, quien se encuentra de visita en Argentina<\/figcaption><\/figure>\n\n\n\n<p><strong><mark style=\"background-color:rgba(0, 0, 0, 0)\" class=\"has-inline-color has-vivid-red-color\">T\u00edtulos ser\u00e1n reconocidos en Argentina<\/mark><\/strong><\/p>\n\n\n\n<p>El Vicerrector Acad\u00e9mico, inform\u00f3 que el <strong>magister  Braulio Seijas, ser\u00e1 el Decano de relaciones internacionales para la zona austral Argentina y Chile <\/strong>y por ende, el encargado de este programa. <\/p>\n\n\n\n<p>\u00abYa estamos sosteniendo encuentros con los representantes de distintos entes a fin de que<strong> estos t\u00edtulos y diplomados sean reconocidos en Argentina, as\u00ed como ocurre en Ecuador, donde una vez culminado los estudios son convalidados y reconocidos por el Estado\u00bb,<\/strong> explic\u00f3 el decano. <\/p>\n\n\n\n<p>Seijas reconoci\u00f3 que se trata de un reto para \u00e9l asumir este reto no s\u00f3lo por ser egresado de esta casa de estudios sino porque desde hace cinco a\u00f1os es parte de los facilitadores en la escuela de comunicaci\u00f3n social. <strong>\u00abTambi\u00e9n queremos mantener reuniones con las asociaciones y organizaciones de venezolanos en Argentina para que tengan conocimiento y que sus miembros se integren a este proyecto universitario que enaltecer\u00e1 a la comunidad\u00bb,<\/strong> manifest\u00f3 Seijas, quien reside en Buenos Aires. <\/p>\n\n\n\n<figure class=\"wp-block-image size-full\"><img decoding=\"async\" width=\"664\" height=\"666\" src=\"https:\/\/esreviral.com\/wp-content\/uploads\/2023\/03\/pantalla-2023-03-18-a-la-s-16-00-09.webp\" alt=\"\" class=\"wp-image-33306\" srcset=\"https:\/\/esreviral.com\/wp-content\/uploads\/2023\/03\/pantalla-2023-03-18-a-la-s-16-00-09.webp 664w, https:\/\/esreviral.com\/wp-content\/uploads\/2023\/03\/pantalla-2023-03-18-a-la-s-16-00-09-300x300.webp 300w, https:\/\/esreviral.com\/wp-content\/uploads\/2023\/03\/pantalla-2023-03-18-a-la-s-16-00-09-150x150.webp 150w, https:\/\/esreviral.com\/wp-content\/uploads\/2023\/03\/pantalla-2023-03-18-a-la-s-16-00-09-75x75.webp 75w, https:\/\/esreviral.com\/wp-content\/uploads\/2023\/03\/pantalla-2023-03-18-a-la-s-16-00-09-350x350.webp 350w\" sizes=\"(max-width: 664px) 100vw, 664px\" \/><figcaption class=\"wp-element-caption\">MSc. Braulio Seijas, Decano de Relaciones interinstitucionales para la zona austral de la UBA<\/figcaption><\/figure>\n\n\n\n<p><strong><mark style=\"background-color:rgba(0, 0, 0, 0)\" class=\"has-inline-color has-vivid-red-color\">C\u00f3mo inscribirse <\/mark><\/strong><\/p>\n\n\n\n<p>Manuel Pi\u00f1ate dio cuenta que <strong>desde el a\u00f1o 2015 inici\u00f3 este proceso de aula invertida y que se fortaleci\u00f3 en medio de la pandemia, hoy d\u00eda la universidad cuenta con m\u00e1s de 10 mil estudiantes de los cuales, el 70 % se encuentra fuera del n\u00facleo de la UBA y de Venezuela,<\/strong> es decir, la mayor\u00eda estudia a trav\u00e9s de esta plataforma virtual,<strong> \u00abSomos reconocidos por el Centro Europeo de Postgrado y Empresa (CEUPE-ESPA\u00d1A) como la cuarta universidad venezolana con la mejor plataforma en l\u00ednea que existe en el pa\u00eds, esto nos da un plus para nuestros estudiantes quienes egresan con una excelente formaci\u00f3n acad\u00e9mica\u00bb. <\/strong><\/p>\n\n\n\n<p>As\u00ed que quienes deseen ser parte de este sue\u00f1o y hacer que suceda, pueden ingresar a <a href=\"http:\/\/uba.edu.ve\/2023\/03\/08\/uba-ocupa-el-cuarto-lugar-entre-las-mejores-universidades-con-oferta-online-de-venezuela\/\">www.uba.edu.ve <\/a>y encontrar m\u00e1s informaci\u00f3n o escribir a los correos del Vicerector Manuel.pinate@uba.edu.ve o del decano Braulio.seijas@uba.edu.ve tambi\u00e9n en Instagram pueden conseguirlos como: <a href=\"https:\/\/www.instagram.com\/ubauniversidad\/\">@ubauniversidad<\/a><\/p>\n\n\n\n<p><\/p>\n","protected":false},"excerpt":{"rendered":"<p>Carlos Iv\u00e1n Su\u00e1rez.- Como parte de la ampliaci\u00f3n y la extensi\u00f3n del sistema on line que ofrece la Universidad Bicentenaria de Aragua pr\u00f3ximamente dar\u00e1 inicio a los estudios en pre y postgrado, diplomados y doctorados que ofrece la casa de estudios y que estar\u00e1 dirigido para quienes residan en Argentina y Chile. El doctor Manuel [&hellip;]<\/p>\n","protected":false},"author":2,"featured_media":33301,"comment_status":"open","ping_status":"closed","sticky":false,"template":"","format":"standard","meta":{"jnews-multi-image_gallery":[],"jnews_single_post":{"subtitle":"","format":"standard","video":"","gallery":"","source_name":"","source_url":"","via_name":"","via_url":"","override_template":"0","override":[{"template":"4","single_blog_custom":"","parallax":"1","fullscreen":"1","layout":"right-sidebar","sidebar":"default-sidebar","second_sidebar":"default-sidebar","sticky_sidebar":"1","share_position":"top","share_float_style":"share-monocrhome","show_share_counter":"1","show_view_counter":"1","show_featured":"1","show_post_meta":"1","show_post_author":"1","show_post_author_image":"1","show_post_date":"1","post_date_format":"default","post_date_format_custom":"Y\/m\/d","show_post_category":"1","show_post_reading_time":"1","post_reading_time_wpm":"300","show_zoom_button":"1","zoom_button_out_step":"2","zoom_button_in_step":"3","show_post_tag":"1","show_prev_next_post":"1","show_popup_post":"1","number_popup_post":"1","show_author_box":"1","show_post_related":"1","show_inline_post_related":"0"}],"override_image_size":"0","image_override":[{"single_post_thumbnail_size":"crop-500","single_post_gallery_size":"crop-500"}],"trending_post":"0","trending_post_position":"meta","trending_post_label":"Trending","sponsored_post":"0","sponsored_post_label":"Sponsored by","sponsored_post_name":"","sponsored_post_url":"","sponsored_post_logo_enable":"0","sponsored_post_logo":"","sponsored_post_desc":"","disable_ad":"0"},"jnews_primary_category":{"id":"","hide":""},"jnews_social_meta":{"fb_title":"","fb_description":"","fb_image":"","twitter_title":"","twitter_description":"","twitter_image":""},"jnews_review":[],"enable_review":"0","type":"percentage","name":"","summary":"","brand":"","sku":"","good":[{"good_text":""}],"bad":[{"bad_text":""}],"score_override":"","override_value":"","rating":[{"rating_text":"","rating_number":"10"}],"price":[{"shop":"","price":"","link":"","icon":""}],"jnews_override_counter":{"override_view_counter":"0","view_counter_number":"0","override_share_counter":"0","share_counter_number":"0","override_like_counter":"0","like_counter_number":"0","override_dislike_counter":"0","dislike_counter_number":"0"},"jnews_post_split":{"enable_post_split":"0","post_split":[{"template":"1","tag":"h2","numbering":"asc","mode":"normal","first":"0","enable_toc":"0","toc_type":"normal"}]},"footnotes":""},"categories":[5892],"tags":[8002,202,8000,45,8001,2471,7999,67],"class_list":["post-33298","post","type-post","status-publish","format-standard","has-post-thumbnail","hentry","category-venezolanos-en-argentina","tag-comunicacion-social","tag-educacion","tag-educacion-online","tag-noticias","tag-psicologia","tag-uba","tag-universidad-bicentenaria-de-aragua","tag-venezolanos-en-argentina"],"_links":{"self":[{"href":"https:\/\/esreviral.com\/index.php?rest_route=\/wp\/v2\/posts\/33298","targetHints":{"allow":["GET"]}}],"collection":[{"href":"https:\/\/esreviral.com\/index.php?rest_route=\/wp\/v2\/posts"}],"about":[{"href":"https:\/\/esreviral.com\/index.php?rest_route=\/wp\/v2\/types\/post"}],"author":[{"embeddable":true,"href":"https:\/\/esreviral.com\/index.php?rest_route=\/wp\/v2\/users\/2"}],"replies":[{"embeddable":true,"href":"https:\/\/esreviral.com\/index.php?rest_route=%2Fwp%2Fv2%2Fcomments&post=33298"}],"version-history":[{"count":0,"href":"https:\/\/esreviral.com\/index.php?rest_route=\/wp\/v2\/posts\/33298\/revisions"}],"wp:featuredmedia":[{"embeddable":true,"href":"https:\/\/esreviral.com\/index.php?rest_route=\/wp\/v2\/media\/33301"}],"wp:attachment":[{"href":"https:\/\/esreviral.com\/index.php?rest_route=%2Fwp%2Fv2%2Fmedia&parent=33298"}],"wp:term":[{"taxonomy":"category","embeddable":true,"href":"https:\/\/esreviral.com\/index.php?rest_route=%2Fwp%2Fv2%2Fcategories&post=33298"},{"taxonomy":"post_tag","embeddable":true,"href":"https:\/\/esreviral.com\/index.php?rest_route=%2Fwp%2Fv2%2Ftags&post=33298"}],"curies":[{"name":"wp","href":"https:\/\/api.w.org\/{rel}","templated":true}]}}