{"id":33161,"date":"2023-03-16T06:54:58","date_gmt":"2023-03-16T11:54:58","guid":{"rendered":"https:\/\/esreviral.com\/?p=33161"},"modified":"2023-03-16T06:54:59","modified_gmt":"2023-03-16T11:54:59","slug":"colombia-al-menos-11-muertos-y-10-desaparecidos-tras-varias-explosiones-en-unas-minas-de-carbon","status":"publish","type":"post","link":"https:\/\/esreviral.com\/?p=33161","title":{"rendered":"Colombia: al menos 11 muertos y 10 desaparecidos tras varias explosiones en unas minas de carb\u00f3n"},"content":{"rendered":"\n<p>Al menos&nbsp;<strong>11 mineros murieron tras una serie de explosiones en minas de carb\u00f3n<\/strong>&nbsp;conectadas entre s\u00ed en Cundinamarca, en el centro de&nbsp;<strong>Colombia<\/strong>, seg\u00fan inform\u00f3 el propio presidente colombiano,&nbsp;<strong>Gustavo Petro<\/strong>.<\/p>\n\n\n\n<p>El mandatario asegur\u00f3 en Twitter que&nbsp;<strong>est\u00e1n haciendo \u00abtodos los esfuerzos\u00bb por rescatar con vida a las personas atrapadas<\/strong>, y envi\u00f3 un mensaje de solidaridad a las v\u00edctimas y a sus familiares.<\/p>\n\n\n\n<p>Seg\u00fan el diario colombiano<em>&nbsp;El Espectador<\/em>, las explosiones se dieron por una&nbsp;<strong>acumulaci\u00f3n de gas<\/strong>&nbsp;dentro de las minas. As\u00ed lo confirm\u00f3 un trabajador del lugar a ese portal.<\/p>\n\n\n\n<p>\u00abAqu\u00ed la mayor\u00eda de personas vivimos de la miner\u00eda porque no hay m\u00e1s, entonces,\u00a0<strong>toca meterse en las minas y que Dios lo proteja a uno<\/strong>. Lo que pasa es que hay minas que acumulan mucho gas, no hay buena ventilaci\u00f3n y al estar varias conectadas, si una tiene un problema de este tipo, las otras tambi\u00e9n\u00bb, clarific\u00f3 Argemiro G\u00f3mez Rodr\u00edguez, quien lleva 27 a\u00f1os trabajando como minero.<\/p>\n\n\n\n<figure class=\"wp-block-embed is-type-rich is-provider-twitter wp-block-embed-twitter\"><div class=\"wp-block-embed__wrapper\">\n<blockquote class=\"twitter-tweet\" data-width=\"500\" data-dnt=\"true\"><p lang=\"es\" dir=\"ltr\">Una lamentable tragedia lo sucedido en la mina de Sutatausa, donde fallecieron 11 personas. Estamos haciendo todos los esfuerzos con la gobernaci\u00f3n de Cundinamarca para rescatar con vida a las personas atrapadas. Un abrazo de solidaridad a las v\u00edctimas y a sus familiares.<\/p>&mdash; Gustavo Petro (@petrogustavo) <a href=\"https:\/\/twitter.com\/petrogustavo\/status\/1635989783213142030?ref_src=twsrc%5Etfw\">March 15, 2023<\/a><\/blockquote><script async src=\"https:\/\/platform.twitter.com\/widgets.js\" charset=\"utf-8\"><\/script>\n<\/div><\/figure>\n\n\n\n<p>El \u00faltimo balance del Ministerio de Minas y Energ\u00eda indic\u00f3 que a\u00fan hay 10 personas atrapadas en las minas del municipio de Sutatausa, a 74 kil\u00f3metros de Bogot\u00e1, en las que se registr\u00f3 la emergencia en la noche del martes.<\/p>\n\n\n\n<p>Seis de los cuerpos fueron recuperados por los socorristas, mientras que otros cinco solo avistados y estaban pendientes de recuperaci\u00f3n dentro de la mina, explic\u00f3<strong>&nbsp;Javier Pava<\/strong>, director de la estatal Unidad Nacional para la gesti\u00f3n del Riesgo de Desastres.<\/p>\n\n\n\n<p><strong>Luis Carlos Galviz\u00a0<\/strong>cont\u00f3 a la agencia de noticias<em>\u00a0AP<\/em>\u00a0que se salv\u00f3 gracias a que su turno dentro de las minas termin\u00f3 el martes antes de la explosi\u00f3n.<\/p>\n\n\n\n<figure class=\"wp-block-image size-full\"><img fetchpriority=\"high\" decoding=\"async\" width=\"720\" height=\"480\" src=\"https:\/\/esreviral.com\/wp-content\/uploads\/2023\/03\/AnyConv.com__AnyConv.com__HYh50JdQu_720x0__1.webp\" alt=\"\" class=\"wp-image-33162\" srcset=\"https:\/\/esreviral.com\/wp-content\/uploads\/2023\/03\/AnyConv.com__AnyConv.com__HYh50JdQu_720x0__1.webp 720w, https:\/\/esreviral.com\/wp-content\/uploads\/2023\/03\/AnyConv.com__AnyConv.com__HYh50JdQu_720x0__1-300x200.webp 300w\" sizes=\"(max-width: 720px) 100vw, 720px\" \/><\/figure>\n\n\n\n<p>Al visitar la zona, luc\u00eda preocupado por sus compa\u00f1eros y asegur\u00f3 que luego de varias horas de rescate&nbsp;<strong>es probable que algunos de los atrapados est\u00e9n muertos<\/strong>.<\/p>\n\n\n\n<p><strong><mark style=\"background-color:rgba(0, 0, 0, 0)\" class=\"has-inline-color has-vivid-red-color\">Un laberinto peligroso<\/mark><\/strong><\/p>\n\n\n\n<p>Las minas, interconectadas por una serie de t\u00faneles y sitios de ventilaci\u00f3n, est\u00e1n ubicadas en la zona rural de Sutatausa y al momento de la emergencia hab\u00eda 30 trabajadores en su interior, seg\u00fan dijo la empresa que las opera a las autoridades.<\/p>\n\n\n\n<p>Nueve de las personas que salieron con vida fueron trasladadas a centros m\u00e9dicos y en la tarde del mi\u00e9rcoles solo tres continuaban recibiendo atenci\u00f3n, detall\u00f3 Gesti\u00f3n del Riesgo.<\/p>\n\n\n\n<figure class=\"wp-block-image size-full\"><img decoding=\"async\" width=\"720\" height=\"460\" src=\"https:\/\/esreviral.com\/wp-content\/uploads\/2023\/03\/AnyConv.com__MJxgzFjuJ_720x0__1.webp\" alt=\"\" class=\"wp-image-33163\" srcset=\"https:\/\/esreviral.com\/wp-content\/uploads\/2023\/03\/AnyConv.com__MJxgzFjuJ_720x0__1.webp 720w, https:\/\/esreviral.com\/wp-content\/uploads\/2023\/03\/AnyConv.com__MJxgzFjuJ_720x0__1-300x192.webp 300w\" sizes=\"(max-width: 720px) 100vw, 720px\" \/><\/figure>\n\n\n\n<p><\/p>\n\n\n\n<p>En un primer balance del gobernador de Cundinamarca,&nbsp;<strong>Nicol\u00e1s Garc\u00eda<\/strong>&nbsp;<strong>Bustos<\/strong>, se reportaron cuatro muertos, dos personas recuperadas con vida y otras 17 a\u00fan atrapadas en la mina.<\/p>\n\n\n\n<p>La ministra de Minas y Energ\u00eda,&nbsp;<strong>Irene V\u00e9lez<\/strong>, explic\u00f3 a la prensa que un primer informe indica que la explosi\u00f3n se produjo por una concentraci\u00f3n de gas metano que cuando se acumula es altamente inflamable.<\/p>\n\n\n\n<p>\u00c1lvaro Farf\u00e1n, capit\u00e1n de los bomberos de Cundinamarca, dijo en medios locales que la explosi\u00f3n gener\u00f3 afectaci\u00f3n en cinco minas que est\u00e1n intercomunicadas entre s\u00ed por t\u00faneles, generando un golpe en cadena.<\/p>\n\n\n\n<figure class=\"wp-block-image size-full\"><img decoding=\"async\" width=\"720\" height=\"480\" src=\"https:\/\/esreviral.com\/wp-content\/uploads\/2023\/03\/AnyConv.com__AnyConv.com__B1R88RKuN_720x0__1.webp\" alt=\"\" class=\"wp-image-33164\" srcset=\"https:\/\/esreviral.com\/wp-content\/uploads\/2023\/03\/AnyConv.com__AnyConv.com__B1R88RKuN_720x0__1.webp 720w, https:\/\/esreviral.com\/wp-content\/uploads\/2023\/03\/AnyConv.com__AnyConv.com__B1R88RKuN_720x0__1-300x200.webp 300w\" sizes=\"(max-width: 720px) 100vw, 720px\" \/><\/figure>\n\n\n\n<p><\/p>\n\n\n\n<p>En Colombia las emergencias en las minas de carb\u00f3n son usuales, especialmente por explosiones o derrumbes.<\/p>\n\n\n\n<p class=\"has-text-align-right\"><strong><em>Clarin.-<\/em><\/strong><\/p>\n","protected":false},"excerpt":{"rendered":"<p>Al momento del accidente, unos 30 mineros se encontraban en las galer\u00edas subterr\u00e1neas.<\/p>\n","protected":false},"author":3,"featured_media":33165,"comment_status":"open","ping_status":"closed","sticky":false,"template":"","format":"standard","meta":{"jnews-multi-image_gallery":[],"jnews_single_post":{"subtitle":"","format":"standard","video":"","gallery":"","source_name":"","source_url":"","via_name":"","via_url":"","override_template":"0","override":[{"template":"4","single_blog_custom":"","parallax":"1","fullscreen":"1","layout":"right-sidebar","sidebar":"default-sidebar","second_sidebar":"default-sidebar","sticky_sidebar":"1","share_position":"top","share_float_style":"share-monocrhome","show_share_counter":"1","show_view_counter":"1","show_featured":"1","show_post_meta":"1","show_post_author":"1","show_post_author_image":"1","show_post_date":"1","post_date_format":"default","post_date_format_custom":"Y\/m\/d","show_post_category":"1","show_post_reading_time":"1","post_reading_time_wpm":"300","show_zoom_button":"1","zoom_button_out_step":"2","zoom_button_in_step":"3","show_post_tag":"1","show_prev_next_post":"1","show_popup_post":"1","number_popup_post":"1","show_author_box":"1","show_post_related":"1","show_inline_post_related":"0"}],"override_image_size":"0","image_override":[{"single_post_thumbnail_size":"crop-500","single_post_gallery_size":"crop-500"}],"trending_post":"0","trending_post_position":"meta","trending_post_label":"Trending","sponsored_post":"0","sponsored_post_label":"Sponsored by","sponsored_post_name":"","sponsored_post_url":"","sponsored_post_logo_enable":"0","sponsored_post_logo":"","sponsored_post_desc":"","disable_ad":"0"},"jnews_primary_category":{"id":"","hide":""},"jnews_social_meta":{"fb_title":"","fb_description":"","fb_image":"","twitter_title":"","twitter_description":"","twitter_image":""},"jnews_review":[],"enable_review":"0","type":"percentage","name":"","summary":"","brand":"","sku":"","good":[{"good_text":""}],"bad":[{"bad_text":""}],"score_override":"","override_value":"","rating":[{"rating_text":"","rating_number":"10"}],"price":[{"shop":"","price":"","link":"","icon":""}],"jnews_override_counter":{"override_view_counter":"0","view_counter_number":"0","override_share_counter":"0","share_counter_number":"0","override_like_counter":"0","like_counter_number":"0","override_dislike_counter":"0","dislike_counter_number":"0"},"jnews_post_split":{"enable_post_split":"0","post_split":[{"template":"1","tag":"h2","numbering":"asc","mode":"normal","first":"0","enable_toc":"0","toc_type":"normal"}]},"footnotes":""},"categories":[88,64],"tags":[283,351,503,1549,2411,7937,7938,2913,45],"class_list":["post-33161","post","type-post","status-publish","format-standard","has-post-thumbnail","hentry","category-internacionales","category-sucesos","tag-colombia","tag-desaparecidos","tag-explosion","tag-gustavo-petro","tag-mina","tag-minas-de-carbon","tag-mineria","tag-muertos","tag-noticias"],"amp_enabled":true,"_links":{"self":[{"href":"https:\/\/esreviral.com\/index.php?rest_route=\/wp\/v2\/posts\/33161"}],"collection":[{"href":"https:\/\/esreviral.com\/index.php?rest_route=\/wp\/v2\/posts"}],"about":[{"href":"https:\/\/esreviral.com\/index.php?rest_route=\/wp\/v2\/types\/post"}],"author":[{"embeddable":true,"href":"https:\/\/esreviral.com\/index.php?rest_route=\/wp\/v2\/users\/3"}],"replies":[{"embeddable":true,"href":"https:\/\/esreviral.com\/index.php?rest_route=%2Fwp%2Fv2%2Fcomments&post=33161"}],"version-history":[{"count":0,"href":"https:\/\/esreviral.com\/index.php?rest_route=\/wp\/v2\/posts\/33161\/revisions"}],"wp:featuredmedia":[{"embeddable":true,"href":"https:\/\/esreviral.com\/index.php?rest_route=\/wp\/v2\/media\/33165"}],"wp:attachment":[{"href":"https:\/\/esreviral.com\/index.php?rest_route=%2Fwp%2Fv2%2Fmedia&parent=33161"}],"wp:term":[{"taxonomy":"category","embeddable":true,"href":"https:\/\/esreviral.com\/index.php?rest_route=%2Fwp%2Fv2%2Fcategories&post=33161"},{"taxonomy":"post_tag","embeddable":true,"href":"https:\/\/esreviral.com\/index.php?rest_route=%2Fwp%2Fv2%2Ftags&post=33161"}],"curies":[{"name":"wp","href":"https:\/\/api.w.org\/{rel}","templated":true}]}}