{"id":33156,"date":"2023-03-16T06:42:14","date_gmt":"2023-03-16T11:42:14","guid":{"rendered":"https:\/\/esreviral.com\/?p=33156"},"modified":"2023-03-16T06:44:03","modified_gmt":"2023-03-16T11:44:03","slug":"ypf-tambien-aumento-el-precio-de-la-gasolina-en-38","status":"publish","type":"post","link":"https:\/\/esreviral.com\/?p=33156","title":{"rendered":"YPF tambi\u00e9n aument\u00f3 el precio de la gasolina en 3,8%"},"content":{"rendered":"\n<p>La compa\u00f1\u00eda YPF aument\u00f3 el precio de sus combustibles un 3,8% promedio, a partir de las 0 del jueves 16 de marzo, seg\u00fan un comunicado de la empresa. <\/p>\n\n\n\n<p><strong><em>\u00abEste ajuste contribuye a compensar la variaci\u00f3n del tipo de cambio oficial, los mayores costos log\u00edsticos y de operaci\u00f3n, y el aumento de precios de los biocombustibles\u00bb,<\/em><\/strong> indic\u00f3 la petrolera. <\/p>\n\n\n\n<p>La empresa YPF detall\u00f3 que estos son los siguientes precios promedio para la Ciudad Aut\u00f3noma de Buenos Aires:<\/p>\n\n\n\n<p><strong><mark style=\"background-color:rgba(0, 0, 0, 0)\" class=\"has-inline-color has-vivid-red-color\">Antes y ahora:<\/mark><\/strong><\/p>\n\n\n\n<p><strong><em>NAFTA SUPER<\/em><\/strong>: de $163,10 a $169,30 <\/p>\n\n\n\n<p><strong><em>NAFTA INFINIA<\/em><\/strong>: de $209,10 a $217 <\/p>\n\n\n\n<p><strong><em>DIESEL<\/em><\/strong>: 500 de $175,10 a $181,80<\/p>\n\n\n\n<p><strong><em>INFINIA DIESEL: <\/em><\/strong>de $250,50 a $259,90 <\/p>\n\n\n\n<figure class=\"wp-block-image size-large\"><img fetchpriority=\"high\" decoding=\"async\" width=\"768\" height=\"1024\" src=\"https:\/\/esreviral.com\/wp-content\/uploads\/2023\/03\/AnyConv.com__WhatsApp-Image-2023-03-16-at-8.27.59-AM-768x1024.webp\" alt=\"\" class=\"wp-image-33157\" srcset=\"https:\/\/esreviral.com\/wp-content\/uploads\/2023\/03\/AnyConv.com__WhatsApp-Image-2023-03-16-at-8.27.59-AM-768x1024.webp 768w, https:\/\/esreviral.com\/wp-content\/uploads\/2023\/03\/AnyConv.com__WhatsApp-Image-2023-03-16-at-8.27.59-AM-225x300.webp 225w, https:\/\/esreviral.com\/wp-content\/uploads\/2023\/03\/AnyConv.com__WhatsApp-Image-2023-03-16-at-8.27.59-AM-1152x1536.webp 1152w, https:\/\/esreviral.com\/wp-content\/uploads\/2023\/03\/AnyConv.com__WhatsApp-Image-2023-03-16-at-8.27.59-AM-750x1000.webp 750w, https:\/\/esreviral.com\/wp-content\/uploads\/2023\/03\/AnyConv.com__WhatsApp-Image-2023-03-16-at-8.27.59-AM-1140x1520.webp 1140w, https:\/\/esreviral.com\/wp-content\/uploads\/2023\/03\/AnyConv.com__WhatsApp-Image-2023-03-16-at-8.27.59-AM.webp 1200w\" sizes=\"(max-width: 768px) 100vw, 768px\" \/><figcaption class=\"wp-element-caption\">Foto: Hern\u00e1n Mundo<\/figcaption><\/figure>\n\n\n\n<p>De esta manera, YPF se suma a la compa\u00f1\u00eda Shell quien dispuso un aumento de su productos desde este mi\u00e9rcoles.<\/p>\n\n\n\n<p>Shell aument\u00f3 un 3,8% el valor de sus naftas y gasoil en consonancia con lo acordado con el Gobierno, en el marco del programa Precios Justos para los combustibles que fij\u00f3 topes para los incrementos del sector. <\/p>\n\n\n\n<p>El programa preve\u00eda un sendero de incrementos de precios de 4% para diciembre, 4% para enero, 4% para febrero y 3,8% para marzo. <\/p>\n\n\n\n<p><\/p>\n\n\n\n<p class=\"has-text-align-right\"><strong><em>Telam.-<\/em><\/strong><\/p>\n","protected":false},"excerpt":{"rendered":"<p>La petrolera estatal implementar\u00e1 el \u00faltimo incremento acordado con el Gobierno en el marco de Precios Justos<\/p>\n","protected":false},"author":3,"featured_media":33158,"comment_status":"open","ping_status":"closed","sticky":false,"template":"","format":"standard","meta":{"jnews-multi-image_gallery":[],"jnews_single_post":{"subtitle":"","format":"standard","video":"","gallery":"","source_name":"","source_url":"","via_name":"","via_url":"","override_template":"0","override":[{"template":"4","single_blog_custom":"","parallax":"1","fullscreen":"1","layout":"right-sidebar","sidebar":"default-sidebar","second_sidebar":"default-sidebar","sticky_sidebar":"1","share_position":"top","share_float_style":"share-monocrhome","show_share_counter":"1","show_view_counter":"1","show_featured":"1","show_post_meta":"1","show_post_author":"1","show_post_author_image":"1","show_post_date":"1","post_date_format":"default","post_date_format_custom":"Y\/m\/d","show_post_category":"1","show_post_reading_time":"1","post_reading_time_wpm":"300","show_zoom_button":"1","zoom_button_out_step":"2","zoom_button_in_step":"3","show_post_tag":"1","show_prev_next_post":"1","show_popup_post":"1","number_popup_post":"1","show_author_box":"1","show_post_related":"1","show_inline_post_related":"0"}],"override_image_size":"0","image_override":[{"single_post_thumbnail_size":"crop-500","single_post_gallery_size":"crop-500"}],"trending_post":"0","trending_post_position":"meta","trending_post_label":"Trending","sponsored_post":"0","sponsored_post_label":"Sponsored by","sponsored_post_name":"","sponsored_post_url":"","sponsored_post_logo_enable":"0","sponsored_post_logo":"","sponsored_post_desc":"","disable_ad":"0"},"jnews_primary_category":{"id":"","hide":""},"jnews_social_meta":{"fb_title":"","fb_description":"","fb_image":"","twitter_title":"","twitter_description":"","twitter_image":""},"jnews_review":[],"enable_review":"0","type":"percentage","name":"","summary":"","brand":"","sku":"","good":[{"good_text":""}],"bad":[{"bad_text":""}],"score_override":"","override_value":"","rating":[{"rating_text":"","rating_number":"10"}],"price":[{"shop":"","price":"","link":"","icon":""}],"jnews_override_counter":{"override_view_counter":"0","view_counter_number":"0","override_share_counter":"0","share_counter_number":"0","override_like_counter":"0","like_counter_number":"0","override_dislike_counter":"0","dislike_counter_number":"0"},"jnews_post_split":{"enable_post_split":"0","post_split":[{"template":"1","tag":"h2","numbering":"asc","mode":"normal","first":"0","enable_toc":"0","toc_type":"normal"}]},"footnotes":""},"categories":[58,61],"tags":[44,2914,2401,302,2604,337,45,1997,5451,338],"class_list":["post-33156","post","type-post","status-publish","format-standard","has-post-thumbnail","hentry","category-argentina","category-economia","tag-argentina","tag-aumento-de-tarifas","tag-combustibles","tag-gasolina","tag-inflacion-y-precios","tag-nafta","tag-noticias","tag-precios","tag-precios-justos","tag-ypf"],"amp_enabled":true,"_links":{"self":[{"href":"https:\/\/esreviral.com\/index.php?rest_route=\/wp\/v2\/posts\/33156"}],"collection":[{"href":"https:\/\/esreviral.com\/index.php?rest_route=\/wp\/v2\/posts"}],"about":[{"href":"https:\/\/esreviral.com\/index.php?rest_route=\/wp\/v2\/types\/post"}],"author":[{"embeddable":true,"href":"https:\/\/esreviral.com\/index.php?rest_route=\/wp\/v2\/users\/3"}],"replies":[{"embeddable":true,"href":"https:\/\/esreviral.com\/index.php?rest_route=%2Fwp%2Fv2%2Fcomments&post=33156"}],"version-history":[{"count":0,"href":"https:\/\/esreviral.com\/index.php?rest_route=\/wp\/v2\/posts\/33156\/revisions"}],"wp:featuredmedia":[{"embeddable":true,"href":"https:\/\/esreviral.com\/index.php?rest_route=\/wp\/v2\/media\/33158"}],"wp:attachment":[{"href":"https:\/\/esreviral.com\/index.php?rest_route=%2Fwp%2Fv2%2Fmedia&parent=33156"}],"wp:term":[{"taxonomy":"category","embeddable":true,"href":"https:\/\/esreviral.com\/index.php?rest_route=%2Fwp%2Fv2%2Fcategories&post=33156"},{"taxonomy":"post_tag","embeddable":true,"href":"https:\/\/esreviral.com\/index.php?rest_route=%2Fwp%2Fv2%2Ftags&post=33156"}],"curies":[{"name":"wp","href":"https:\/\/api.w.org\/{rel}","templated":true}]}}