{"id":33103,"date":"2023-03-15T09:37:47","date_gmt":"2023-03-15T14:37:47","guid":{"rendered":"https:\/\/esreviral.com\/?p=33103"},"modified":"2023-03-15T09:41:16","modified_gmt":"2023-03-15T14:41:16","slug":"clausuran-un-jardin-de-infantes-en-el-barrio-porteno-de-balvanera","status":"publish","type":"post","link":"https:\/\/esreviral.com\/?p=33103","title":{"rendered":"Clausuran un jard\u00edn de infantes en el barrio porte\u00f1o de Balvanera"},"content":{"rendered":"\n<p>La Fiscal\u00eda Penal, Contravencional y de Faltas N\u00b0 13, a cargo de la Dra. Andrea Scanga, clausur\u00f3 un jard\u00edn de infantes en la calle Ayacucho al 200 del Barrio de Balvanera por no contar con habilitaci\u00f3n para dicha actividad.<\/p>\n\n\n\n<p><br>Mediante la intervenci\u00f3n de la fiscal\u00eda y en el marco de una investigaci\u00f3n por lesiones en un menor de edad, el Cuerpo de Investigaciones Judiciales (CIJ) realiz\u00f3 un amplio procedimiento inspectivo sobre un establecimiento educativo.<\/p>\n\n\n\n<p><br>Como consecuencia de la inspecci\u00f3n realizada en el establecimiento denunciado, la Direcci\u00f3n General de Fiscalizaci\u00f3n y Control, procedi\u00f3 a la clausura administrativa del mismo por no tener habilitaci\u00f3n ni inici\u00f3 de actividad econ\u00f3mica del rubro de escuela infantil, no contar con sistema de autoprotecci\u00f3n vigente, certificado de fumigaci\u00f3n y an\u00e1lisis bacteriol\u00f3gico de tanques de agua, seguro de responsabilidad civil de los ni\u00f1os, servicios de emergencia m\u00e9dica, por no tener carteles indicadores de salida y por no poseer luces de emergencia.<\/p>\n\n\n\n<p><br>La medida de clausura fue dispuesta en funci\u00f3n de no encontrarse reunidos los requisitos indispensables de seguridad para desarrollar actividades en un jard\u00edn de infantes y no encontrarse habilitado a esos efectos.<\/p>\n\n\n\n<p><br>Con esa resoluci\u00f3n se logr\u00f3 evitar el peligro verificado del establecimiento, de la misma forma la fiscal\u00eda contin\u00faa la investigaci\u00f3n en curso en relaci\u00f3n a las lesiones del menor.<\/p>\n\n\n\n<p class=\"has-text-align-right\"><strong><em>Prensa Ministerio P\u00fablico.-<\/em><\/strong><\/p>\n","protected":false},"excerpt":{"rendered":"<p>El lugar no estaba habilitado ni contaba con seguro de responsabilidad civil de los ni\u00f1os. La inspecci\u00f3n se dio en el marco de una investigaci\u00f3n por lesiones en un menor de edad. <\/p>\n","protected":false},"author":3,"featured_media":33104,"comment_status":"open","ping_status":"closed","sticky":false,"template":"","format":"standard","meta":{"jnews-multi-image_gallery":[],"jnews_single_post":{"subtitle":"","format":"standard","video":"","gallery":"","source_name":"","source_url":"","via_name":"","via_url":"","override_template":"0","override":[{"template":"4","single_blog_custom":"","parallax":"1","fullscreen":"1","layout":"right-sidebar","sidebar":"default-sidebar","second_sidebar":"default-sidebar","sticky_sidebar":"1","share_position":"top","share_float_style":"share-monocrhome","show_share_counter":"1","show_view_counter":"1","show_featured":"1","show_post_meta":"1","show_post_author":"1","show_post_author_image":"1","show_post_date":"1","post_date_format":"default","post_date_format_custom":"Y\/m\/d","show_post_category":"1","show_post_reading_time":"1","post_reading_time_wpm":"300","show_zoom_button":"1","zoom_button_out_step":"2","zoom_button_in_step":"3","show_post_tag":"1","show_prev_next_post":"1","show_popup_post":"1","number_popup_post":"1","show_author_box":"1","show_post_related":"1","show_inline_post_related":"0"}],"override_image_size":"0","image_override":[{"single_post_thumbnail_size":"crop-500","single_post_gallery_size":"crop-500"}],"trending_post":"0","trending_post_position":"meta","trending_post_label":"Trending","sponsored_post":"0","sponsored_post_label":"Sponsored by","sponsored_post_name":"","sponsored_post_url":"","sponsored_post_logo_enable":"0","sponsored_post_logo":"","sponsored_post_desc":"","disable_ad":"0"},"jnews_primary_category":{"id":"","hide":""},"jnews_social_meta":{"fb_title":"","fb_description":"","fb_image":"","twitter_title":"","twitter_description":"","twitter_image":""},"jnews_review":[],"enable_review":"0","type":"percentage","name":"","summary":"","brand":"","sku":"","good":[{"good_text":""}],"bad":[{"bad_text":""}],"score_override":"","override_value":"","rating":[{"rating_text":"","rating_number":"10"}],"price":[{"shop":"","price":"","link":"","icon":""}],"jnews_override_counter":{"override_view_counter":"0","view_counter_number":"0","override_share_counter":"0","share_counter_number":"0","override_like_counter":"0","like_counter_number":"0","override_dislike_counter":"0","dislike_counter_number":"0"},"jnews_post_split":{"enable_post_split":"0","post_split":[{"template":"1","tag":"h2","numbering":"asc","mode":"normal","first":"0","enable_toc":"0","toc_type":"normal"}]},"footnotes":""},"categories":[43,58],"tags":[44,2932,7764,468,810,7927,45],"class_list":["post-33103","post","type-post","status-publish","format-standard","has-post-thumbnail","hentry","category-actualidad","category-argentina","tag-argentina","tag-balvanera","tag-barrio-porteno","tag-caba","tag-clausura","tag-jardin-de-infantes","tag-noticias"],"_links":{"self":[{"href":"https:\/\/esreviral.com\/index.php?rest_route=\/wp\/v2\/posts\/33103","targetHints":{"allow":["GET"]}}],"collection":[{"href":"https:\/\/esreviral.com\/index.php?rest_route=\/wp\/v2\/posts"}],"about":[{"href":"https:\/\/esreviral.com\/index.php?rest_route=\/wp\/v2\/types\/post"}],"author":[{"embeddable":true,"href":"https:\/\/esreviral.com\/index.php?rest_route=\/wp\/v2\/users\/3"}],"replies":[{"embeddable":true,"href":"https:\/\/esreviral.com\/index.php?rest_route=%2Fwp%2Fv2%2Fcomments&post=33103"}],"version-history":[{"count":0,"href":"https:\/\/esreviral.com\/index.php?rest_route=\/wp\/v2\/posts\/33103\/revisions"}],"wp:featuredmedia":[{"embeddable":true,"href":"https:\/\/esreviral.com\/index.php?rest_route=\/wp\/v2\/media\/33104"}],"wp:attachment":[{"href":"https:\/\/esreviral.com\/index.php?rest_route=%2Fwp%2Fv2%2Fmedia&parent=33103"}],"wp:term":[{"taxonomy":"category","embeddable":true,"href":"https:\/\/esreviral.com\/index.php?rest_route=%2Fwp%2Fv2%2Fcategories&post=33103"},{"taxonomy":"post_tag","embeddable":true,"href":"https:\/\/esreviral.com\/index.php?rest_route=%2Fwp%2Fv2%2Ftags&post=33103"}],"curies":[{"name":"wp","href":"https:\/\/api.w.org\/{rel}","templated":true}]}}