{"id":33060,"date":"2023-03-14T17:10:20","date_gmt":"2023-03-14T22:10:20","guid":{"rendered":"https:\/\/esreviral.com\/?p=33060"},"modified":"2023-03-14T17:12:04","modified_gmt":"2023-03-14T22:12:04","slug":"docente-venezolana-fue-apunaleada-dentro-de-su-residencia-en-vicente-lopez","status":"publish","type":"post","link":"https:\/\/esreviral.com\/?p=33060","title":{"rendered":"Docente venezolana fue apu\u00f1alada dentro de su residencia en Vicente L\u00f3pez"},"content":{"rendered":"\n<p><strong><em>Carlos Iv\u00e1n Su\u00e1rez.- <\/em><\/strong>Petra Flores, de 64 a\u00f1os de edad,  sali\u00f3 el 8 de marzo a realizar sus compras rutinarias, cuando regres\u00f3 a su casa, ubicada en Munro, Vicente L\u00f3pez,<strong> fue atracada con un cuchillo por una vecina de nombre Soledad, quien le propin\u00f3 nueve pu\u00f1aladas en distintas partes del cuerpo<\/strong>.<\/p>\n\n\n\n<p>\u00abLlegu\u00e9 a la casa, dej\u00e9 la puerta entre abierta para que la perra saliera a hacer sus necesidades porque en el conjunto residencial compartimos el patio. Estaba de espalda y <strong>cuando volteo estaba la se\u00f1ora con el cuchillo y me lanza la primera estocada, le pregunt\u00e9 que qu\u00e9 le pasaba, me respondi\u00f3 que me odia y que soy una boluda. Comenz\u00f3 a darme con el cuchillo por el cuello<\/strong>. Yo estaba con mi sobrino, quien es de contextura grande y no pod\u00eda controlarla. Le lanz\u00f3 un zapato y nada\u00bb, narr\u00e1 el lamentable episodio, la v\u00edctima. <\/p>\n\n\n\n<p>Cuenta que<strong> la mujer se transform\u00f3 y ten\u00eda una mirada muy extra\u00f1a,<\/strong> \u00abcomo pod\u00eda me defend\u00eda, met\u00eda los brazos y me clavaba el cuchillo. Mi sobrino trataba de pararla pero era imposible, gritaba a los vecinos pero nadie llegaba\u00bb, eran las 13 horas, por lo que la mayor\u00eda de los habitantes de la zona estaban en sus respectivos trabajos. <\/p>\n\n\n\n<figure class=\"wp-block-image size-large\"><img fetchpriority=\"high\" decoding=\"async\" width=\"1024\" height=\"1024\" src=\"https:\/\/esreviral.com\/wp-content\/uploads\/2023\/03\/app-image-2023-03-14-at-12-14-31-1-1024x1024.webp\" alt=\"\" class=\"wp-image-33062\" srcset=\"https:\/\/esreviral.com\/wp-content\/uploads\/2023\/03\/app-image-2023-03-14-at-12-14-31-1-1024x1024.webp 1024w, https:\/\/esreviral.com\/wp-content\/uploads\/2023\/03\/app-image-2023-03-14-at-12-14-31-1-300x300.webp 300w, https:\/\/esreviral.com\/wp-content\/uploads\/2023\/03\/app-image-2023-03-14-at-12-14-31-1-150x150.webp 150w, https:\/\/esreviral.com\/wp-content\/uploads\/2023\/03\/app-image-2023-03-14-at-12-14-31-1-768x768.webp 768w, https:\/\/esreviral.com\/wp-content\/uploads\/2023\/03\/app-image-2023-03-14-at-12-14-31-1-1536x1536.webp 1536w, https:\/\/esreviral.com\/wp-content\/uploads\/2023\/03\/app-image-2023-03-14-at-12-14-31-1-75x75.webp 75w, https:\/\/esreviral.com\/wp-content\/uploads\/2023\/03\/app-image-2023-03-14-at-12-14-31-1-350x350.webp 350w, https:\/\/esreviral.com\/wp-content\/uploads\/2023\/03\/app-image-2023-03-14-at-12-14-31-1-750x750.webp 750w, https:\/\/esreviral.com\/wp-content\/uploads\/2023\/03\/app-image-2023-03-14-at-12-14-31-1-1140x1140.webp 1140w, https:\/\/esreviral.com\/wp-content\/uploads\/2023\/03\/app-image-2023-03-14-at-12-14-31-1.webp 1544w\" sizes=\"(max-width: 1024px) 100vw, 1024px\" \/><figcaption class=\"wp-element-caption\">En la mano derecha recibi\u00f3 una de las heridas, cuando intentaba defenderse<\/figcaption><\/figure>\n\n\n\n<p>Soledad estaba como pose\u00edda, ten\u00eda mucha rabia, nada ni nadie la conten\u00eda. Petra y su sobrino intentaban defenderse, en uno de esos movimientos,<strong> cayeron sobre un mueble y el muchacho le puso una pierna en el pecho, fue as\u00ed como pudo detenerla.<\/strong> \u00abAh\u00ed solt\u00f3 el cuchillo. Sub\u00ed al otro departamento y ped\u00ed ayuda a unos vecinos, <strong>mi sobrino corri\u00f3 a buscar una ambulancia porque yo me estaba desangrando<\/strong> y ah\u00ed fue cuando Soledad sali\u00f3 como si nada, se march\u00f3 a su casa y aunque pensamos que la pesadilla hab\u00eda acabado, no fue as\u00ed porque<strong> busc\u00f3 otro cuchillo y me buscaba para seguirme hiriendo\u00bb. <\/strong><\/p>\n\n\n\n<p>A los minutos, llegaron los funcionarios policiales y trasladaron a Petra hasta el Hospital, donde <strong>fue atendida por los hematomas y heridas que ten\u00eda. \u00abMe duele mucho el cuello\u00bb.<\/strong><\/p>\n\n\n\n<figure class=\"wp-block-image size-large\"><img decoding=\"async\" width=\"1024\" height=\"1024\" src=\"https:\/\/esreviral.com\/wp-content\/uploads\/2023\/03\/atsapp-image-2023-03-14-at-12-14-33-1024x1024.webp\" alt=\"\" class=\"wp-image-33063\" srcset=\"https:\/\/esreviral.com\/wp-content\/uploads\/2023\/03\/atsapp-image-2023-03-14-at-12-14-33-1024x1024.webp 1024w, https:\/\/esreviral.com\/wp-content\/uploads\/2023\/03\/atsapp-image-2023-03-14-at-12-14-33-300x300.webp 300w, https:\/\/esreviral.com\/wp-content\/uploads\/2023\/03\/atsapp-image-2023-03-14-at-12-14-33-150x150.webp 150w, https:\/\/esreviral.com\/wp-content\/uploads\/2023\/03\/atsapp-image-2023-03-14-at-12-14-33-768x768.webp 768w, https:\/\/esreviral.com\/wp-content\/uploads\/2023\/03\/atsapp-image-2023-03-14-at-12-14-33-1536x1536.webp 1536w, https:\/\/esreviral.com\/wp-content\/uploads\/2023\/03\/atsapp-image-2023-03-14-at-12-14-33-75x75.webp 75w, https:\/\/esreviral.com\/wp-content\/uploads\/2023\/03\/atsapp-image-2023-03-14-at-12-14-33-350x350.webp 350w, https:\/\/esreviral.com\/wp-content\/uploads\/2023\/03\/atsapp-image-2023-03-14-at-12-14-33-750x750.webp 750w, https:\/\/esreviral.com\/wp-content\/uploads\/2023\/03\/atsapp-image-2023-03-14-at-12-14-33-1140x1140.webp 1140w, https:\/\/esreviral.com\/wp-content\/uploads\/2023\/03\/atsapp-image-2023-03-14-at-12-14-33.webp 1544w\" sizes=\"(max-width: 1024px) 100vw, 1024px\" \/><figcaption class=\"wp-element-caption\">Golpes en el cuello y la cabeza que tuvo tras la agresi\u00f3n de la mujer, quien supuestamente es medicada<\/figcaption><\/figure>\n\n\n\n<p>Al d\u00eda siguiente y tras las averiguaciones, les informaron que <strong>Soledad es una persona con problemas psiqui\u00e1tricos que aparentemente est\u00e1 medicada. Tiene nueve a\u00f1os viviendo en Munro pero se desconoce si hab\u00eda protagonizado alg\u00fan episodio similar. <\/strong><\/p>\n\n\n\n<p>\u00ab<strong>Ahora yo tengo mucho miedo de lo que me pueda hacer. <\/strong>Ya pusimos la denuncia, de hecho la fiscal\u00eda me tom\u00f3 las declaraciones pero no s\u00e9 qu\u00e9 hacer. Yo lo que soy es costurera y paso todo el d\u00eda encerrada en la casa, sola con la perra, podr\u00eda sufrir otro ataque\u00bb, reflexiona <strong>la tambi\u00e9n docente de profesi\u00f3n, quien ejerci\u00f3 por a\u00f1os su carrera en la escuela Los Naranjillos y en el liceo La Piedad de Cabudare, estado Lara. <\/strong><\/p>\n\n\n\n<figure class=\"wp-block-image size-large\"><img decoding=\"async\" width=\"1024\" height=\"1024\" src=\"https:\/\/esreviral.com\/wp-content\/uploads\/2023\/03\/app-image-2023-03-14-at-12-14-31-2-1024x1024.webp\" alt=\"\" class=\"wp-image-33064\" srcset=\"https:\/\/esreviral.com\/wp-content\/uploads\/2023\/03\/app-image-2023-03-14-at-12-14-31-2-1024x1024.webp 1024w, https:\/\/esreviral.com\/wp-content\/uploads\/2023\/03\/app-image-2023-03-14-at-12-14-31-2-300x300.webp 300w, https:\/\/esreviral.com\/wp-content\/uploads\/2023\/03\/app-image-2023-03-14-at-12-14-31-2-150x150.webp 150w, https:\/\/esreviral.com\/wp-content\/uploads\/2023\/03\/app-image-2023-03-14-at-12-14-31-2-768x768.webp 768w, https:\/\/esreviral.com\/wp-content\/uploads\/2023\/03\/app-image-2023-03-14-at-12-14-31-2-1536x1536.webp 1536w, https:\/\/esreviral.com\/wp-content\/uploads\/2023\/03\/app-image-2023-03-14-at-12-14-31-2-75x75.webp 75w, https:\/\/esreviral.com\/wp-content\/uploads\/2023\/03\/app-image-2023-03-14-at-12-14-31-2-350x350.webp 350w, https:\/\/esreviral.com\/wp-content\/uploads\/2023\/03\/app-image-2023-03-14-at-12-14-31-2-750x750.webp 750w, https:\/\/esreviral.com\/wp-content\/uploads\/2023\/03\/app-image-2023-03-14-at-12-14-31-2-1140x1140.webp 1140w, https:\/\/esreviral.com\/wp-content\/uploads\/2023\/03\/app-image-2023-03-14-at-12-14-31-2.webp 1544w\" sizes=\"(max-width: 1024px) 100vw, 1024px\" \/><figcaption class=\"wp-element-caption\">En la pierna izquierda tambi\u00e9n recibi\u00f3 una pu\u00f1alada<\/figcaption><\/figure>\n\n\n\n<p>Ella reside con sus sobrinos desde hace tres a\u00f1os, anteriormente estaba en CABA con su hijo pero luego de la pandemia decidi\u00f3 mudarse. <\/p>\n\n\n\n<figure class=\"wp-block-image size-large\"><img loading=\"lazy\" decoding=\"async\" width=\"1024\" height=\"1024\" src=\"https:\/\/esreviral.com\/wp-content\/uploads\/2023\/03\/app-image-2023-03-14-at-12-14-32-1-1024x1024.webp\" alt=\"\" class=\"wp-image-33065\" srcset=\"https:\/\/esreviral.com\/wp-content\/uploads\/2023\/03\/app-image-2023-03-14-at-12-14-32-1-1024x1024.webp 1024w, https:\/\/esreviral.com\/wp-content\/uploads\/2023\/03\/app-image-2023-03-14-at-12-14-32-1-300x300.webp 300w, https:\/\/esreviral.com\/wp-content\/uploads\/2023\/03\/app-image-2023-03-14-at-12-14-32-1-150x150.webp 150w, https:\/\/esreviral.com\/wp-content\/uploads\/2023\/03\/app-image-2023-03-14-at-12-14-32-1-768x768.webp 768w, https:\/\/esreviral.com\/wp-content\/uploads\/2023\/03\/app-image-2023-03-14-at-12-14-32-1-1536x1536.webp 1536w, https:\/\/esreviral.com\/wp-content\/uploads\/2023\/03\/app-image-2023-03-14-at-12-14-32-1-75x75.webp 75w, https:\/\/esreviral.com\/wp-content\/uploads\/2023\/03\/app-image-2023-03-14-at-12-14-32-1-350x350.webp 350w, https:\/\/esreviral.com\/wp-content\/uploads\/2023\/03\/app-image-2023-03-14-at-12-14-32-1-750x750.webp 750w, https:\/\/esreviral.com\/wp-content\/uploads\/2023\/03\/app-image-2023-03-14-at-12-14-32-1-1140x1140.webp 1140w, https:\/\/esreviral.com\/wp-content\/uploads\/2023\/03\/app-image-2023-03-14-at-12-14-32-1.webp 1544w\" sizes=\"(max-width: 1024px) 100vw, 1024px\" \/><\/figure>\n","protected":false},"excerpt":{"rendered":"<p>Carlos Iv\u00e1n Su\u00e1rez.- Petra Flores, de 64 a\u00f1os de edad, sali\u00f3 el 8 de marzo a realizar sus compras rutinarias, cuando regres\u00f3 a su casa, ubicada en Munro, Vicente L\u00f3pez, fue atracada con un cuchillo por una vecina de nombre Soledad, quien le propin\u00f3 nueve pu\u00f1aladas en distintas partes del cuerpo. \u00abLlegu\u00e9 a la casa, [&hellip;]<\/p>\n","protected":false},"author":2,"featured_media":33061,"comment_status":"open","ping_status":"closed","sticky":false,"template":"","format":"standard","meta":{"jnews-multi-image_gallery":[],"jnews_single_post":{"subtitle":"","format":"standard","video":"","gallery":"","source_name":"","source_url":"","via_name":"","via_url":"","override_template":"0","override":[{"template":"4","single_blog_custom":"","parallax":"1","fullscreen":"1","layout":"right-sidebar","sidebar":"default-sidebar","second_sidebar":"default-sidebar","sticky_sidebar":"1","share_position":"top","share_float_style":"share-monocrhome","show_share_counter":"1","show_view_counter":"1","show_featured":"1","show_post_meta":"1","show_post_author":"1","show_post_author_image":"1","show_post_date":"1","post_date_format":"default","post_date_format_custom":"Y\/m\/d","show_post_category":"1","show_post_reading_time":"1","post_reading_time_wpm":"300","show_zoom_button":"1","zoom_button_out_step":"2","zoom_button_in_step":"3","show_post_tag":"1","show_prev_next_post":"1","show_popup_post":"1","number_popup_post":"1","show_author_box":"1","show_post_related":"1","show_inline_post_related":"0"}],"override_image_size":"0","image_override":[{"single_post_thumbnail_size":"crop-500","single_post_gallery_size":"crop-500"}],"trending_post":"0","trending_post_position":"meta","trending_post_label":"Trending","sponsored_post":"0","sponsored_post_label":"Sponsored by","sponsored_post_name":"","sponsored_post_url":"","sponsored_post_logo_enable":"0","sponsored_post_logo":"","sponsored_post_desc":"","disable_ad":"0"},"jnews_primary_category":{"id":"","hide":""},"jnews_social_meta":{"fb_title":"","fb_description":"","fb_image":"","twitter_title":"","twitter_description":"","twitter_image":""},"jnews_review":[],"enable_review":"0","type":"percentage","name":"","summary":"","brand":"","sku":"","good":[{"good_text":""}],"bad":[{"bad_text":""}],"score_override":"","override_value":"","rating":[{"rating_text":"","rating_number":"10"}],"price":[{"shop":"","price":"","link":"","icon":""}],"jnews_override_counter":{"override_view_counter":"0","view_counter_number":"0","override_share_counter":"0","share_counter_number":"0","override_like_counter":"0","like_counter_number":"0","override_dislike_counter":"0","dislike_counter_number":"0"},"jnews_post_split":{"enable_post_split":"0","post_split":[{"template":"1","tag":"h2","numbering":"asc","mode":"normal","first":"0","enable_toc":"0","toc_type":"normal"}]},"footnotes":""},"categories":[64,5892],"tags":[44,45,67,941],"class_list":["post-33060","post","type-post","status-publish","format-standard","has-post-thumbnail","hentry","category-sucesos","category-venezolanos-en-argentina","tag-argentina","tag-noticias","tag-venezolanos-en-argentina","tag-vicente-lopez"],"amp_enabled":true,"_links":{"self":[{"href":"https:\/\/esreviral.com\/index.php?rest_route=\/wp\/v2\/posts\/33060"}],"collection":[{"href":"https:\/\/esreviral.com\/index.php?rest_route=\/wp\/v2\/posts"}],"about":[{"href":"https:\/\/esreviral.com\/index.php?rest_route=\/wp\/v2\/types\/post"}],"author":[{"embeddable":true,"href":"https:\/\/esreviral.com\/index.php?rest_route=\/wp\/v2\/users\/2"}],"replies":[{"embeddable":true,"href":"https:\/\/esreviral.com\/index.php?rest_route=%2Fwp%2Fv2%2Fcomments&post=33060"}],"version-history":[{"count":0,"href":"https:\/\/esreviral.com\/index.php?rest_route=\/wp\/v2\/posts\/33060\/revisions"}],"wp:featuredmedia":[{"embeddable":true,"href":"https:\/\/esreviral.com\/index.php?rest_route=\/wp\/v2\/media\/33061"}],"wp:attachment":[{"href":"https:\/\/esreviral.com\/index.php?rest_route=%2Fwp%2Fv2%2Fmedia&parent=33060"}],"wp:term":[{"taxonomy":"category","embeddable":true,"href":"https:\/\/esreviral.com\/index.php?rest_route=%2Fwp%2Fv2%2Fcategories&post=33060"},{"taxonomy":"post_tag","embeddable":true,"href":"https:\/\/esreviral.com\/index.php?rest_route=%2Fwp%2Fv2%2Ftags&post=33060"}],"curies":[{"name":"wp","href":"https:\/\/api.w.org\/{rel}","templated":true}]}}