{"id":32975,"date":"2023-03-14T07:30:31","date_gmt":"2023-03-14T12:30:31","guid":{"rendered":"https:\/\/esreviral.com\/?p=32975"},"modified":"2023-03-14T07:30:32","modified_gmt":"2023-03-14T12:30:32","slug":"continua-la-protesta-este-martes-en-la-9-de-julio-donde-son-los-cortes-y-como-funciona-el-transporte-publico","status":"publish","type":"post","link":"https:\/\/esreviral.com\/?p=32975","title":{"rendered":"Contin\u00faa la protesta este martes en la 9 de julio: d\u00f3nde son los cortes y c\u00f3mo funciona el transporte p\u00fablico"},"content":{"rendered":"\n<p>La protesta\u00a0frente al Ministerio de Desarrollo Social\u00a0<strong>contin\u00faa este martes<\/strong>, luego de que el lunes se instalar\u00e1n con carpas en reclamo de m\u00e1s asistencia social al Gobierno nacional.<\/p>\n\n\n\n<p>Los militantes&nbsp;<strong>se encuentran instalados sobre la trazada de la avenida 9 de Julio, entre Belgrano y Moreno<\/strong>, afectando la circulaci\u00f3n del tr\u00e1nsito por la zona.<\/p>\n\n\n\n<p>Sin embargo, a primera hora de la ma\u00f1ana de este martes,&nbsp;<strong>las organizaciones votaron liberar el Metrobus<\/strong>&nbsp;\u00abcomo un gesto hacia los cientos de miles de trabajadores\u00bb que entran a trabajar a la Ciudad. Adem\u00e1s, liberaron las calles Lima e Yrigoyen donde tambi\u00e9n hab\u00eda carpas instaladas.<\/p>\n\n\n\n<p>Pese al gesto de la Unidad Piquetera,&nbsp;<strong>todas las l\u00edneas de colectivos que circulan por el Metrobus realizan desv\u00edos<\/strong>&nbsp;de su recorrido habitual. Mientras que la circulaci\u00f3n por las principales avenidas y calles del Microcentro se encuentra con tr\u00e1nsito cargado.<\/p>\n\n\n\n<p>Los accesos a Capital a trav\u00e9s de las autopistas Del Buen Ayre y Buenos Aires-La Plata tambi\u00e9n se encuentran\u00a0cargados.<\/p>\n\n\n\n<figure class=\"wp-block-embed is-type-rich is-provider-twitter wp-block-embed-twitter\"><div class=\"wp-block-embed__wrapper\">\n<blockquote class=\"twitter-tweet\" data-width=\"500\" data-dnt=\"true\"><p lang=\"es\" dir=\"ltr\">Desvios:<br>&#8211; Av Belgrano y Lima<br>&#8211; Moreno y Bdo de Irigoyen<br>&#8211; Av 9 de Julio Sur y Av de Mayo<br>&#8211; Av 9 de Julio Sur y Av Corrientes<a href=\"https:\/\/twitter.com\/hashtag\/transito?src=hash&amp;ref_src=twsrc%5Etfw\">#transito<\/a> <a href=\"https:\/\/t.co\/vnsIJIIbiA\">https:\/\/t.co\/vnsIJIIbiA<\/a><\/p>&mdash; BA Tr\u00e1nsito (@batransito) <a href=\"https:\/\/twitter.com\/batransito\/status\/1635591269467713537?ref_src=twsrc%5Etfw\">March 14, 2023<\/a><\/blockquote><script async src=\"https:\/\/platform.twitter.com\/widgets.js\" charset=\"utf-8\"><\/script>\n<\/div><\/figure>\n\n\n\n<p><\/p>\n\n\n\n<p>El lunes, las columnas del Polo Obrero, Barrios de Pie &#8211; Libres del Sur, MST &#8211; Teresa Libre, entre otras, se instalaron para iniciar&nbsp;<strong>una protesta hasta el mi\u00e9rcole<\/strong>s, en el marco de un \u00abplan de lucha\u00bb votado d\u00edas atr\u00e1s.<\/p>\n\n\n\n<p>Este martes, en el segundo d\u00eda de protesta, insisten en pedir una reuni\u00f3n \u00absin mentiras ni agravios\u00bb con la ministra de Desarrollo Social, Victoria Tolosa,&nbsp;<\/p>\n\n\n\n<p>\u00abCientos de miles de personas en todo el Pa\u00eds esperan una respuesta a los&nbsp;graves y acuciantes problemas que debe solucionar su Ministerio.&nbsp;El agravamiento de la situaci\u00f3n social es innegable y las necesidades apremiantes\u00bb, expresaron este lunes a Clar\u00edn.<\/p>\n\n\n\n<p>La&nbsp;<strong>UP pide una mesa de negociaci\u00f3n&nbsp;<\/strong>con la cartera de Desarrollo Social con el eje puesto en tres reclamos: refuerzo alimentario, herramientas y soluciones a las bajas mal otorgadas.<\/p>\n\n\n\n<p>\u00abSon bases m\u00ednimas de una reuni\u00f3n que la ministra viene negando hace dos meses a la Unidad Piquetera\u00bb, se\u00f1alaron en el escrito.<\/p>\n\n\n\n<p>Hasta el momento, la funcionaria no accedi\u00f3 a la posibilidad de reunirse y acordar una reuni\u00f3n con los dirigentes de las agrupaciones piqueteras.\u00a0 \u00abEn lugar del acampe, hagan una cola grande en la 9 de Julio que nosotros les validamos la identidad uno por uno.\u00a0La discusi\u00f3n es pol\u00edtica, la tenemos que usar en las urnas, no usando a la gente m\u00e1s pobres de Argentina\u00bb, se quej\u00f3 Tolosa Paz en la antesala de la protesta.<\/p>\n\n\n\n<p class=\"has-text-align-right\"><strong><em>Clarin.-<\/em><\/strong><\/p>\n","protected":false},"excerpt":{"rendered":"<p>Las agrupaciones liberaron el Metrobus este martes por la ma\u00f1ana como \u00abgesto hacia los trabajadores\u00bb.<\/p>\n","protected":false},"author":3,"featured_media":32976,"comment_status":"open","ping_status":"closed","sticky":false,"template":"","format":"standard","meta":{"jnews-multi-image_gallery":[],"jnews_single_post":{"subtitle":"","format":"standard","video":"","gallery":"","source_name":"","source_url":"","via_name":"","via_url":"","override_template":"0","override":[{"template":"4","single_blog_custom":"","parallax":"1","fullscreen":"1","layout":"right-sidebar","sidebar":"default-sidebar","second_sidebar":"default-sidebar","sticky_sidebar":"1","share_position":"top","share_float_style":"share-monocrhome","show_share_counter":"1","show_view_counter":"1","show_featured":"1","show_post_meta":"1","show_post_author":"1","show_post_author_image":"1","show_post_date":"1","post_date_format":"default","post_date_format_custom":"Y\/m\/d","show_post_category":"1","show_post_reading_time":"1","post_reading_time_wpm":"300","show_zoom_button":"1","zoom_button_out_step":"2","zoom_button_in_step":"3","show_post_tag":"1","show_prev_next_post":"1","show_popup_post":"1","number_popup_post":"1","show_author_box":"1","show_post_related":"1","show_inline_post_related":"0"}],"override_image_size":"0","image_override":[{"single_post_thumbnail_size":"crop-500","single_post_gallery_size":"crop-500"}],"trending_post":"0","trending_post_position":"meta","trending_post_label":"Trending","sponsored_post":"0","sponsored_post_label":"Sponsored by","sponsored_post_name":"","sponsored_post_url":"","sponsored_post_logo_enable":"0","sponsored_post_logo":"","sponsored_post_desc":"","disable_ad":"0"},"jnews_primary_category":{"id":"","hide":""},"jnews_social_meta":{"fb_title":"","fb_description":"","fb_image":"","twitter_title":"","twitter_description":"","twitter_image":""},"jnews_review":[],"enable_review":"0","type":"percentage","name":"","summary":"","brand":"","sku":"","good":[{"good_text":""}],"bad":[{"bad_text":""}],"score_override":"","override_value":"","rating":[{"rating_text":"","rating_number":"10"}],"price":[{"shop":"","price":"","link":"","icon":""}],"jnews_override_counter":{"override_view_counter":"0","view_counter_number":"0","override_share_counter":"0","share_counter_number":"0","override_like_counter":"0","like_counter_number":"0","override_dislike_counter":"0","dislike_counter_number":"0"},"jnews_post_split":{"enable_post_split":"0","post_split":[{"template":"1","tag":"h2","numbering":"asc","mode":"normal","first":"0","enable_toc":"0","toc_type":"normal"}]},"footnotes":""},"categories":[58],"tags":[44,2281,4649,45,126,274],"class_list":["post-32975","post","type-post","status-publish","format-standard","has-post-thumbnail","hentry","category-argentina","tag-argentina","tag-cortes-y-piquetes","tag-ministerio-de-desarrollo-social-2","tag-noticias","tag-protesta","tag-transporte-publico"],"_links":{"self":[{"href":"https:\/\/esreviral.com\/index.php?rest_route=\/wp\/v2\/posts\/32975","targetHints":{"allow":["GET"]}}],"collection":[{"href":"https:\/\/esreviral.com\/index.php?rest_route=\/wp\/v2\/posts"}],"about":[{"href":"https:\/\/esreviral.com\/index.php?rest_route=\/wp\/v2\/types\/post"}],"author":[{"embeddable":true,"href":"https:\/\/esreviral.com\/index.php?rest_route=\/wp\/v2\/users\/3"}],"replies":[{"embeddable":true,"href":"https:\/\/esreviral.com\/index.php?rest_route=%2Fwp%2Fv2%2Fcomments&post=32975"}],"version-history":[{"count":0,"href":"https:\/\/esreviral.com\/index.php?rest_route=\/wp\/v2\/posts\/32975\/revisions"}],"wp:featuredmedia":[{"embeddable":true,"href":"https:\/\/esreviral.com\/index.php?rest_route=\/wp\/v2\/media\/32976"}],"wp:attachment":[{"href":"https:\/\/esreviral.com\/index.php?rest_route=%2Fwp%2Fv2%2Fmedia&parent=32975"}],"wp:term":[{"taxonomy":"category","embeddable":true,"href":"https:\/\/esreviral.com\/index.php?rest_route=%2Fwp%2Fv2%2Fcategories&post=32975"},{"taxonomy":"post_tag","embeddable":true,"href":"https:\/\/esreviral.com\/index.php?rest_route=%2Fwp%2Fv2%2Ftags&post=32975"}],"curies":[{"name":"wp","href":"https:\/\/api.w.org\/{rel}","templated":true}]}}