{"id":32856,"date":"2023-03-13T06:22:18","date_gmt":"2023-03-13T11:22:18","guid":{"rendered":"https:\/\/esreviral.com\/?p=32856"},"modified":"2023-03-13T06:22:19","modified_gmt":"2023-03-13T11:22:19","slug":"cayo-el-senor-iphone-revendia-celulares-de-alta-gama-robados-en-balvanera","status":"publish","type":"post","link":"https:\/\/esreviral.com\/?p=32856","title":{"rendered":"Cay\u00f3 el \u2018Se\u00f1or iPhone\u2019: revend\u00eda celulares de alta gama robados en Balvanera"},"content":{"rendered":"\n<p>Personal de la Divisi\u00f3n Investigaciones Comunales 3, que se encontraba realizando tareas de prevenci\u00f3n en la zona, observ\u00f3 c\u00f3mo, de forma sospechosa, un hombre entraba y sal\u00eda de un local en varias oportunidades con tel\u00e9fonos celulares.<\/p>\n\n\n\n<p><br>Ese comercio ya hab\u00eda sido allanado en reiteradas oportunidades por comercializaci\u00f3n de dispositivos robados.<\/p>\n\n\n\n<p><br>Por ese motivo, los oficiales porte\u00f1os iniciaron la persecuci\u00f3n del sujeto y lograron demorarlo sobre la calle Jun\u00edn al 300.<\/p>\n\n\n\n<figure class=\"wp-block-image size-large\"><img fetchpriority=\"high\" decoding=\"async\" width=\"768\" height=\"1024\" src=\"https:\/\/esreviral.com\/wp-content\/uploads\/2023\/03\/AnyConv.com__WhatsApp-Image-2023-03-12-at-5.08.45-PM-768x1024.webp\" alt=\"\" class=\"wp-image-32858\" srcset=\"https:\/\/esreviral.com\/wp-content\/uploads\/2023\/03\/AnyConv.com__WhatsApp-Image-2023-03-12-at-5.08.45-PM-768x1024.webp 768w, https:\/\/esreviral.com\/wp-content\/uploads\/2023\/03\/AnyConv.com__WhatsApp-Image-2023-03-12-at-5.08.45-PM-225x300.webp 225w, https:\/\/esreviral.com\/wp-content\/uploads\/2023\/03\/AnyConv.com__WhatsApp-Image-2023-03-12-at-5.08.45-PM-750x1000.webp 750w, https:\/\/esreviral.com\/wp-content\/uploads\/2023\/03\/AnyConv.com__WhatsApp-Image-2023-03-12-at-5.08.45-PM.webp 960w\" sizes=\"(max-width: 768px) 100vw, 768px\" \/><\/figure>\n\n\n\n<p><br>Con la presencia de dos testigos se lo requis\u00f3 y le encontraron dos tel\u00e9fonos celulares de marca Iphone, uno de ellos sin impedimento por el Ente Nacional de Comunicaciones (ENACOM), 245.000 mil pesos en efectivo, 600 d\u00f3lares del cual no pod\u00eda acreditar su pertenencia, un morral, documentaci\u00f3n personal y dos juegos de llaves.<\/p>\n\n\n\n<p><br>Al corroborar los datos del imputado, se corrobor\u00f3 que el mismo contaba con varias actuaciones por infracci\u00f3n a la Ley de Telecomunicaciones y era conocido entre sus conocidos como \u201cEl se\u00f1or Iphone\u201d.<\/p>\n\n\n\n<figure class=\"wp-block-image size-large\"><img decoding=\"async\" width=\"461\" height=\"1024\" src=\"https:\/\/esreviral.com\/wp-content\/uploads\/2023\/03\/AnyConv.com__WhatsApp-Image-2023-03-12-at-5.08.46-PM-461x1024.webp\" alt=\"\" class=\"wp-image-32859\" srcset=\"https:\/\/esreviral.com\/wp-content\/uploads\/2023\/03\/AnyConv.com__WhatsApp-Image-2023-03-12-at-5.08.46-PM-461x1024.webp 461w, https:\/\/esreviral.com\/wp-content\/uploads\/2023\/03\/AnyConv.com__WhatsApp-Image-2023-03-12-at-5.08.46-PM-135x300.webp 135w, https:\/\/esreviral.com\/wp-content\/uploads\/2023\/03\/AnyConv.com__WhatsApp-Image-2023-03-12-at-5.08.46-PM-691x1536.webp 691w, https:\/\/esreviral.com\/wp-content\/uploads\/2023\/03\/AnyConv.com__WhatsApp-Image-2023-03-12-at-5.08.46-PM.webp 720w\" sizes=\"(max-width: 461px) 100vw, 461px\" \/><\/figure>\n\n\n\n<p><br>Se consult\u00f3 con el Juzgado Nacional Federal Criminal y Correccional N\u00famero 5, a cargo de la doctora Capuchetti y ante la Secretar\u00eda 9 del doctor Cerca, y se dispuso la detenci\u00f3n y el traslado del sujeto, adem\u00e1s del secuestro de los elementos encontrados.<\/p>\n\n\n\n<figure class=\"wp-block-embed is-type-video is-provider-youtube wp-block-embed-youtube wp-embed-aspect-16-9 wp-has-aspect-ratio\"><div class=\"wp-block-embed__wrapper\">\n<div class=\"jeg_video_container jeg_video_content\"><iframe title=\"2023 03 01 Detenido por robo de celulares en Balvanera\" width=\"500\" height=\"281\" src=\"https:\/\/www.youtube.com\/embed\/speVgjP19k4?feature=oembed\" frameborder=\"0\" allow=\"accelerometer; autoplay; clipboard-write; encrypted-media; gyroscope; picture-in-picture; web-share\" referrerpolicy=\"strict-origin-when-cross-origin\" allowfullscreen><\/iframe><\/div>\n<\/div><\/figure>\n","protected":false},"excerpt":{"rendered":"<p>La Polic\u00eda de la Ciudad detuvo en el barrio de Balvanera a un hombre de 34 a\u00f1os y de nacionalidad peruana que se dedicaba a robar y revender tel\u00e9fonos celulares de alta gama.<\/p>\n","protected":false},"author":3,"featured_media":32860,"comment_status":"open","ping_status":"closed","sticky":false,"template":"","format":"standard","meta":{"jnews-multi-image_gallery":[],"jnews_single_post":{"subtitle":"","format":"standard","video":"","gallery":"","source_name":"","source_url":"","via_name":"","via_url":"","override_template":"0","override":[{"template":"4","single_blog_custom":"","parallax":"1","fullscreen":"1","layout":"right-sidebar","sidebar":"default-sidebar","second_sidebar":"default-sidebar","sticky_sidebar":"1","share_position":"top","share_float_style":"share-monocrhome","show_share_counter":"1","show_view_counter":"1","show_featured":"1","show_post_meta":"1","show_post_author":"1","show_post_author_image":"1","show_post_date":"1","post_date_format":"default","post_date_format_custom":"Y\/m\/d","show_post_category":"1","show_post_reading_time":"1","post_reading_time_wpm":"300","show_zoom_button":"1","zoom_button_out_step":"2","zoom_button_in_step":"3","show_post_tag":"1","show_prev_next_post":"1","show_popup_post":"1","number_popup_post":"1","show_author_box":"1","show_post_related":"1","show_inline_post_related":"0"}],"override_image_size":"0","image_override":[{"single_post_thumbnail_size":"crop-500","single_post_gallery_size":"crop-500"}],"trending_post":"0","trending_post_position":"meta","trending_post_label":"Trending","sponsored_post":"0","sponsored_post_label":"Sponsored by","sponsored_post_name":"","sponsored_post_url":"","sponsored_post_logo_enable":"0","sponsored_post_logo":"","sponsored_post_desc":"","disable_ad":"0"},"jnews_primary_category":{"id":"","hide":""},"jnews_social_meta":{"fb_title":"","fb_description":"","fb_image":"","twitter_title":"","twitter_description":"","twitter_image":""},"jnews_review":[],"enable_review":"0","type":"percentage","name":"","summary":"","brand":"","sku":"","good":[{"good_text":""}],"bad":[{"bad_text":""}],"score_override":"","override_value":"","rating":[{"rating_text":"","rating_number":"10"}],"price":[{"shop":"","price":"","link":"","icon":""}],"jnews_override_counter":{"override_view_counter":"0","view_counter_number":"0","override_share_counter":"0","share_counter_number":"0","override_like_counter":"0","like_counter_number":"0","override_dislike_counter":"0","dislike_counter_number":"0"},"jnews_post_split":{"enable_post_split":"0","post_split":[{"template":"1","tag":"h2","numbering":"asc","mode":"normal","first":"0","enable_toc":"0","toc_type":"normal"}]},"footnotes":""},"categories":[58,64],"tags":[44,2932,7814,307,45,1469],"class_list":["post-32856","post","type-post","status-publish","format-standard","has-post-thumbnail","hentry","category-argentina","category-sucesos","tag-argentina","tag-balvanera","tag-celulares-de-alta-gama","tag-detenido","tag-noticias","tag-policia-de-la-ciudad"],"amp_enabled":true,"_links":{"self":[{"href":"https:\/\/esreviral.com\/index.php?rest_route=\/wp\/v2\/posts\/32856"}],"collection":[{"href":"https:\/\/esreviral.com\/index.php?rest_route=\/wp\/v2\/posts"}],"about":[{"href":"https:\/\/esreviral.com\/index.php?rest_route=\/wp\/v2\/types\/post"}],"author":[{"embeddable":true,"href":"https:\/\/esreviral.com\/index.php?rest_route=\/wp\/v2\/users\/3"}],"replies":[{"embeddable":true,"href":"https:\/\/esreviral.com\/index.php?rest_route=%2Fwp%2Fv2%2Fcomments&post=32856"}],"version-history":[{"count":0,"href":"https:\/\/esreviral.com\/index.php?rest_route=\/wp\/v2\/posts\/32856\/revisions"}],"wp:featuredmedia":[{"embeddable":true,"href":"https:\/\/esreviral.com\/index.php?rest_route=\/wp\/v2\/media\/32860"}],"wp:attachment":[{"href":"https:\/\/esreviral.com\/index.php?rest_route=%2Fwp%2Fv2%2Fmedia&parent=32856"}],"wp:term":[{"taxonomy":"category","embeddable":true,"href":"https:\/\/esreviral.com\/index.php?rest_route=%2Fwp%2Fv2%2Fcategories&post=32856"},{"taxonomy":"post_tag","embeddable":true,"href":"https:\/\/esreviral.com\/index.php?rest_route=%2Fwp%2Fv2%2Ftags&post=32856"}],"curies":[{"name":"wp","href":"https:\/\/api.w.org\/{rel}","templated":true}]}}