{"id":32853,"date":"2023-03-13T06:10:00","date_gmt":"2023-03-13T11:10:00","guid":{"rendered":"https:\/\/esreviral.com\/?p=32853"},"modified":"2023-03-13T06:10:01","modified_gmt":"2023-03-13T11:10:01","slug":"valeria-fernandez-estrena-su-primer-sencillo-que-lleva-por-nombre-galan","status":"publish","type":"post","link":"https:\/\/esreviral.com\/?p=32853","title":{"rendered":"Valeria Fern\u00e1ndez estrena su primer sencillo que lleva por nombre \u00abGal\u00e1n\u00bb"},"content":{"rendered":"\n<p>La joven de cantante de 18 a\u00f1os de edad, quien se dio a conocer por su destacada participaci\u00f3n en programas de talento de la televisi\u00f3n chilena, suma un nuevo \u00e9xito en su carrera al sacar su primera canci\u00f3n que lleva por nombre \u201cGal\u00e1n\u201d.<\/p>\n\n\n\n<p>Valeria Fern\u00e1ndez quien comenz\u00f3 su incursi\u00f3n en la m\u00fasica desde muy temprana edad, dio a conocer a trav\u00e9s de sus redes sociales los detalles del lanzamiento de su primera canci\u00f3n in\u00e9dita, dando un paso m\u00e1s en su carrera como cantante.<\/p>\n\n\n\n<p>Seg\u00fan detalla la interprete venezolana residenciada en Chile, Gal\u00e1n surge de una vivencia propia que la inspiro para darle vida a su primer tema, una mezcla entre ritmo urbano y pop, que relata la ilusi\u00f3n del amor, en una historia en la que muchas personas se pueden sentir identificadas.<\/p>\n\n\n\n<p>Es otra meta alcanzada, una promesa cumplida que me hab\u00eda hecho a\u00f1os atr\u00e1s, desde hace tiempo anhelaba poder sacar mi primer tema, hoy he subido un escal\u00f3n m\u00e1s para llegar a donde quiero, expres\u00f3 la joven semifinalista del programa The Voice Chile.&nbsp;<\/p>\n\n\n\n<p>Sobre el apoyo recibido durante las primeras horas del lanzamiento de su primer single manifest\u00f3, \u201cEs simplemente hermoso sentir el apoyo de las personas ante mi primera canci\u00f3n, estoy asombrada y s\u00faper feliz por la recepci\u00f3n que ha tenido Gal\u00e1n en estos primeros d\u00edas. Me he puesto a pensar en todo el proceso y sin duda estoy tan agradecida de dar este paso de la mano de un equipo maravilloso y de personas muy talentosas\u201d.<\/p>\n\n\n\n<p>Valeria Fern\u00e1ndez quien se dio a conocer durante su destacada participaci\u00f3n en la&nbsp; segunda temporada Rojo el Color del talento, donde compiti\u00f3 con solo 13 a\u00f1os, llegando a convertirse en la tercera finalista de este programa de tv&nbsp; y hoy con 18 a\u00f1os de edad celebra el inicio de su carrera como cantante y espera muy pronto poder sacar su primer \u00e1lbum.<\/p>\n\n\n\n<p>Sobre el g\u00e9nero musical al cual dirigir\u00e1 su carrera, la joven venezolana explic\u00f3 que por el momento se encuentra explorando en diferentes ritmos, pero siempre le ha gustado el Pop Latino y las baladas, al tiempo que anunci\u00f3 que junto a su equipo se encuentran trabajando en su segunda canci\u00f3n y en armar su show para iniciar una gira por varias ciudades de Chile.<\/p>\n\n\n\n<p>Gal\u00e1n ya se encuentra disponible en todas las plataformas musicales y en YouTube donde pueden ir escucharla, disfrutarla, dedicarla y bailarla.<\/p>\n\n\n\n<figure class=\"wp-block-embed is-type-video is-provider-youtube wp-block-embed-youtube wp-embed-aspect-16-9 wp-has-aspect-ratio\"><div class=\"wp-block-embed__wrapper\">\n<div class=\"jeg_video_container jeg_video_content\"><iframe title=\"Valeria Fern\u00e1ndez - Gal\u00e1n (Video Oficial)\" width=\"500\" height=\"281\" src=\"https:\/\/www.youtube.com\/embed\/_Lh_yufiEew?feature=oembed\" frameborder=\"0\" allow=\"accelerometer; autoplay; clipboard-write; encrypted-media; gyroscope; picture-in-picture; web-share\" referrerpolicy=\"strict-origin-when-cross-origin\" allowfullscreen><\/iframe><\/div>\n<\/div><\/figure>\n","protected":false},"excerpt":{"rendered":"<p>La joven de cantante de 18 a\u00f1os de edad, quien se dio a conocer por su destacada participaci\u00f3n en programas de talento de la televisi\u00f3n chilena, suma un nuevo \u00e9xito en su carrera al sacar su primera canci\u00f3n que lleva por nombre \u201cGal\u00e1n\u201d. Valeria Fern\u00e1ndez quien comenz\u00f3 su incursi\u00f3n en la m\u00fasica desde muy temprana [&hellip;]<\/p>\n","protected":false},"author":3,"featured_media":32854,"comment_status":"open","ping_status":"closed","sticky":false,"template":"","format":"standard","meta":{"jnews-multi-image_gallery":[],"jnews_single_post":{"subtitle":"","format":"standard","video":"","gallery":"","source_name":"","source_url":"","via_name":"","via_url":"","override_template":"0","override":[{"template":"4","single_blog_custom":"","parallax":"1","fullscreen":"1","layout":"right-sidebar","sidebar":"default-sidebar","second_sidebar":"default-sidebar","sticky_sidebar":"1","share_position":"top","share_float_style":"share-monocrhome","show_share_counter":"1","show_view_counter":"1","show_featured":"1","show_post_meta":"1","show_post_author":"1","show_post_author_image":"1","show_post_date":"1","post_date_format":"default","post_date_format_custom":"Y\/m\/d","show_post_category":"1","show_post_reading_time":"1","post_reading_time_wpm":"300","show_zoom_button":"1","zoom_button_out_step":"2","zoom_button_in_step":"3","show_post_tag":"1","show_prev_next_post":"1","show_popup_post":"1","number_popup_post":"1","show_author_box":"1","show_post_related":"1","show_inline_post_related":"0"}],"override_image_size":"0","image_override":[{"single_post_thumbnail_size":"crop-500","single_post_gallery_size":"crop-500"}],"trending_post":"0","trending_post_position":"meta","trending_post_label":"Trending","sponsored_post":"0","sponsored_post_label":"Sponsored by","sponsored_post_name":"","sponsored_post_url":"","sponsored_post_logo_enable":"0","sponsored_post_logo":"","sponsored_post_desc":"","disable_ad":"0"},"jnews_primary_category":{"id":"","hide":""},"jnews_social_meta":{"fb_title":"","fb_description":"","fb_image":"","twitter_title":"","twitter_description":"","twitter_image":""},"jnews_review":[],"enable_review":"0","type":"percentage","name":"","summary":"","brand":"","sku":"","good":[{"good_text":""}],"bad":[{"bad_text":""}],"score_override":"","override_value":"","rating":[{"rating_text":"","rating_number":"10"}],"price":[{"shop":"","price":"","link":"","icon":""}],"jnews_override_counter":{"override_view_counter":"0","view_counter_number":"0","override_share_counter":"0","share_counter_number":"0","override_like_counter":"0","like_counter_number":"0","override_dislike_counter":"0","dislike_counter_number":"0"},"jnews_post_split":{"enable_post_split":"0","post_split":[{"template":"1","tag":"h2","numbering":"asc","mode":"normal","first":"0","enable_toc":"0","toc_type":"normal"}]},"footnotes":""},"categories":[50,1142],"tags":[386,7812,1197,45,7810,7809],"class_list":["post-32853","post","type-post","status-publish","format-standard","has-post-thumbnail","hentry","category-entretenimiento","category-musica","tag-chile","tag-interprete-venezolana","tag-musica-2","tag-noticias","tag-primer-sencillo","tag-valeria-fernandez"],"amp_enabled":true,"_links":{"self":[{"href":"https:\/\/esreviral.com\/index.php?rest_route=\/wp\/v2\/posts\/32853"}],"collection":[{"href":"https:\/\/esreviral.com\/index.php?rest_route=\/wp\/v2\/posts"}],"about":[{"href":"https:\/\/esreviral.com\/index.php?rest_route=\/wp\/v2\/types\/post"}],"author":[{"embeddable":true,"href":"https:\/\/esreviral.com\/index.php?rest_route=\/wp\/v2\/users\/3"}],"replies":[{"embeddable":true,"href":"https:\/\/esreviral.com\/index.php?rest_route=%2Fwp%2Fv2%2Fcomments&post=32853"}],"version-history":[{"count":0,"href":"https:\/\/esreviral.com\/index.php?rest_route=\/wp\/v2\/posts\/32853\/revisions"}],"wp:featuredmedia":[{"embeddable":true,"href":"https:\/\/esreviral.com\/index.php?rest_route=\/wp\/v2\/media\/32854"}],"wp:attachment":[{"href":"https:\/\/esreviral.com\/index.php?rest_route=%2Fwp%2Fv2%2Fmedia&parent=32853"}],"wp:term":[{"taxonomy":"category","embeddable":true,"href":"https:\/\/esreviral.com\/index.php?rest_route=%2Fwp%2Fv2%2Fcategories&post=32853"},{"taxonomy":"post_tag","embeddable":true,"href":"https:\/\/esreviral.com\/index.php?rest_route=%2Fwp%2Fv2%2Ftags&post=32853"}],"curies":[{"name":"wp","href":"https:\/\/api.w.org\/{rel}","templated":true}]}}