{"id":32726,"date":"2023-03-09T13:45:50","date_gmt":"2023-03-09T18:45:50","guid":{"rendered":"https:\/\/esreviral.com\/?p=32726"},"modified":"2023-03-09T13:46:29","modified_gmt":"2023-03-09T18:46:29","slug":"la-cantante-brasilena-anitta-sera-actriz-de-la-serie-espanola-elite","status":"publish","type":"post","link":"https:\/\/esreviral.com\/?p=32726","title":{"rendered":"La cantante brasile\u00f1a Anitta ser\u00e1 actriz de la serie espa\u00f1ola \u00c9lite"},"content":{"rendered":"\n<p>La cantante\u00a0<strong>Anitta<\/strong>, la m\u00e1s popular en Brasil en la actualidad, debutar\u00e1 como actriz en la s\u00e9ptima temporada de la serie espa\u00f1ola\u00a0<strong><em>\u00c9lite<\/em><\/strong>. La ficci\u00f3n se encuentra en fase de producci\u00f3n, anunci\u00f3 este jueves<strong>\u00a0la plataforma Netflix.<\/strong><\/p>\n\n\n\n<p>Anitta fue nominada al premio de\u00a0<strong>Mejor Nuevo Artista<\/strong>\u00a0en la \u00faltima edici\u00f3n de los\u00a0Grammy.<\/p>\n\n\n\n<p>El a\u00f1o pasado se convirti\u00f3 en la primera solista brasile\u00f1a en alcanzar el puesto n\u00famero uno de Spotify global con<strong>\u00a0la canci\u00f3n \u00abEnvolver\u00bb,<\/strong>\u00a0que fue Re Viral en las redes sociales de todo el mundo.<\/p>\n\n\n\n<p>El&nbsp;<strong>elenco<\/strong>&nbsp;de&nbsp;<em>\u00c9lite<\/em>&nbsp;est\u00e1 compuesto, adem\u00e1s de Anitta, por Andr\u00e9 Lamoglia, Valentina Zenere, \u00c1lvaro de Juana, Carmen Arrufat, \u00c1lex Pastrana, Ana Bokesa, Ander Puig, Nadia Al Saidi y Omar Ayuso.<\/p>\n\n\n\n<p>A ellos se suman en esta temporada\u00a0<strong>otros actores<\/strong>\u00a0como Maribel Verd\u00fa, Leonardo Sbaraglia, Mirela Bali\u0107, Fernando L\u00edndez, Gleb Abrosimov, Iv\u00e1n Mendes y Alejandro Albarrac\u00edn.<\/p>\n\n\n\n<p>Netflix todav\u00eda no ha dado a conocer&nbsp;<strong>cu\u00e1ndo estrenar\u00e1 la s\u00e9ptima temporada<\/strong>, pero el rodaje de los nuevos episodios comenz\u00f3 a finales de octubre de este a\u00f1o. Todo apunta a un estreno en 2023.<\/p>\n\n\n\n<p>Carlos Montero y Jaime Vaca se mantienen\u00a0<strong>un a\u00f1o m\u00e1s al frente de la serie.<\/strong>\u00a0El primero lo ha estado desde sus inicios, ya que es uno de los creadores de \u00c9lite, mientras que Vaca participa desde la segunda entrega. En la cuarta se convirti\u00f3 en uno de los showrunners, llenando as\u00ed el vac\u00edo dejado por Dar\u00edo Madrona, quien opt\u00f3 por nuevos desaf\u00edos.<\/p>\n\n\n\n<p class=\"has-text-align-right\"><strong><em>ElNacional.-<\/em><\/strong><\/p>\n","protected":false},"excerpt":{"rendered":"<p>Nominada al premio de Mejor Nuevo Artista en la \u00faltima edici\u00f3n de los Grammy, la artista brasile\u00f1a se suma a la 7ma entrega de la ficci\u00f3n<\/p>\n","protected":false},"author":3,"featured_media":32727,"comment_status":"open","ping_status":"closed","sticky":false,"template":"","format":"standard","meta":{"jnews-multi-image_gallery":[],"jnews_single_post":{"subtitle":"","format":"standard","video":"","gallery":"","source_name":"","source_url":"","via_name":"","via_url":"","override_template":"0","override":[{"template":"4","single_blog_custom":"","parallax":"1","fullscreen":"1","layout":"right-sidebar","sidebar":"default-sidebar","second_sidebar":"default-sidebar","sticky_sidebar":"1","share_position":"top","share_float_style":"share-monocrhome","show_share_counter":"1","show_view_counter":"1","show_featured":"1","show_post_meta":"1","show_post_author":"1","show_post_author_image":"1","show_post_date":"1","post_date_format":"default","post_date_format_custom":"Y\/m\/d","show_post_category":"1","show_post_reading_time":"1","post_reading_time_wpm":"300","show_zoom_button":"1","zoom_button_out_step":"2","zoom_button_in_step":"3","show_post_tag":"1","show_prev_next_post":"1","show_popup_post":"1","number_popup_post":"1","show_author_box":"1","show_post_related":"1","show_inline_post_related":"0"}],"override_image_size":"0","image_override":[{"single_post_thumbnail_size":"crop-500","single_post_gallery_size":"crop-500"}],"trending_post":"0","trending_post_position":"meta","trending_post_label":"Trending","sponsored_post":"0","sponsored_post_label":"Sponsored by","sponsored_post_name":"","sponsored_post_url":"","sponsored_post_logo_enable":"0","sponsored_post_logo":"","sponsored_post_desc":"","disable_ad":"0"},"jnews_primary_category":{"id":"","hide":""},"jnews_social_meta":{"fb_title":"","fb_description":"","fb_image":"","twitter_title":"","twitter_description":"","twitter_image":""},"jnews_review":[],"enable_review":"0","type":"percentage","name":"","summary":"","brand":"","sku":"","good":[{"good_text":""}],"bad":[{"bad_text":""}],"score_override":"","override_value":"","rating":[{"rating_text":"","rating_number":"10"}],"price":[{"shop":"","price":"","link":"","icon":""}],"jnews_override_counter":{"override_view_counter":"0","view_counter_number":"0","override_share_counter":"0","share_counter_number":"0","override_like_counter":"0","like_counter_number":"0","override_dislike_counter":"0","dislike_counter_number":"0"},"jnews_post_split":{"enable_post_split":"0","post_split":[{"template":"1","tag":"h2","numbering":"asc","mode":"normal","first":"0","enable_toc":"0","toc_type":"normal"}]},"footnotes":""},"categories":[50],"tags":[7771,7772,5753,115,45,3341,7773],"class_list":["post-32726","post","type-post","status-publish","format-standard","has-post-thumbnail","hentry","category-entretenimiento","tag-anitta","tag-cantante-anitta","tag-elite-2","tag-netflix","tag-noticias","tag-plataforma-de-streaming","tag-plataforma-netflix"],"amp_enabled":true,"_links":{"self":[{"href":"https:\/\/esreviral.com\/index.php?rest_route=\/wp\/v2\/posts\/32726"}],"collection":[{"href":"https:\/\/esreviral.com\/index.php?rest_route=\/wp\/v2\/posts"}],"about":[{"href":"https:\/\/esreviral.com\/index.php?rest_route=\/wp\/v2\/types\/post"}],"author":[{"embeddable":true,"href":"https:\/\/esreviral.com\/index.php?rest_route=\/wp\/v2\/users\/3"}],"replies":[{"embeddable":true,"href":"https:\/\/esreviral.com\/index.php?rest_route=%2Fwp%2Fv2%2Fcomments&post=32726"}],"version-history":[{"count":0,"href":"https:\/\/esreviral.com\/index.php?rest_route=\/wp\/v2\/posts\/32726\/revisions"}],"wp:featuredmedia":[{"embeddable":true,"href":"https:\/\/esreviral.com\/index.php?rest_route=\/wp\/v2\/media\/32727"}],"wp:attachment":[{"href":"https:\/\/esreviral.com\/index.php?rest_route=%2Fwp%2Fv2%2Fmedia&parent=32726"}],"wp:term":[{"taxonomy":"category","embeddable":true,"href":"https:\/\/esreviral.com\/index.php?rest_route=%2Fwp%2Fv2%2Fcategories&post=32726"},{"taxonomy":"post_tag","embeddable":true,"href":"https:\/\/esreviral.com\/index.php?rest_route=%2Fwp%2Fv2%2Ftags&post=32726"}],"curies":[{"name":"wp","href":"https:\/\/api.w.org\/{rel}","templated":true}]}}