{"id":32716,"date":"2023-03-09T13:17:32","date_gmt":"2023-03-09T18:17:32","guid":{"rendered":"https:\/\/esreviral.com\/?p=32716"},"modified":"2023-03-09T13:17:33","modified_gmt":"2023-03-09T18:17:33","slug":"venezolanos-varados-en-panama-buscan-ayuda-para-seguir-su-viaje-a-estados-unidos","status":"publish","type":"post","link":"https:\/\/esreviral.com\/?p=32716","title":{"rendered":"Venezolanos varados en Panam\u00e1 buscan ayuda para seguir su viaje a Estados Unidos"},"content":{"rendered":"\n<p>Migrar a Estados Unidos no es una decisi\u00f3n f\u00e1cil de tomar y m\u00e1s cuando no se tienen los recursos necesarios para recorrer miles de kil\u00f3metros detr\u00e1s del llamado \u00absue\u00f1o americano\u00bb. Pero esto no fue obst\u00e1culo para Julio Arvelo y Eglis Tezara, joven pareja venezolana que con sus tres ni\u00f1os decidi\u00f3 emprender este peligroso viaje que marcar\u00eda sus vidas.<\/p>\n\n\n\n<p>Despu\u00e9s de siete a\u00f1os viviendo en varios pa\u00edses de Am\u00e9rica Latina en busca de oportunidades que no les fueron posibles en su pa\u00eds, esta familia sali\u00f3 desde Per\u00fa hacia Panam\u00e1 el pasado 7 de febrero con 1.800 d\u00f3lares en sus bolsillos, unas cuantas maletas llenas de ropa y un gran sue\u00f1o por alcanzar.<\/p>\n\n\n\n<p>Aunque no ten\u00edan claro cu\u00e1nto tiempo les pod\u00eda tomar llegar a Estados Unidos y las dificultades que pod\u00edan presentarse en el camino por la discapacidad de Eglis, se llenaron de valor y comenzaron el viaje.<\/p>\n\n\n\n<p>Al llegar a Nicocl\u00ed, en Colombia, pagaron m\u00e1s de 300 d\u00f3lares por persona por un viaje en lancha hasta Carreto, en Panam\u00e1. All\u00ed se toparon con su primer desaf\u00edo, el Dari\u00e9n, la selv\u00e1tica y peligrosa frontera entre Panam\u00e1 y Colombia usada por miles de migrantes en su camino hacia Norteam\u00e9rica.<\/p>\n\n\n\n<p>\u00abEl Dari\u00e9n era la \u00fanica opci\u00f3n para nosotros. No tenemos pasaportes ni visa ni dinero para viajar en avi\u00f3n. Fue dif\u00edcil. A mi esposa le falta la pierna izquierda y tuve que cargarla en mi espalda durante toda la trayectoria por la selva\u00bb, recuerda Julio a&nbsp;el portal web de <em>El Nacional<\/em><strong>&nbsp;<\/strong>desde Panam\u00e1, donde se encuentra, junto a su familia, reuniendo el dinero para continuar su traves\u00eda hacia el norte.<\/p>\n\n\n\n<p>\u00abPens\u00e1bamos que no lo lograr\u00edamos\u00bb, agrega.<\/p>\n\n\n\n<p>Eglis asegura que vivieron momentos de mucho miedo en la selva. Al iniciar la caminata, un grupo de hombres les exigi\u00f3 100 d\u00f3lares para no robarlos. M\u00e1s adelante, otras personas los revisaron y tomaron algunas de sus pertenencias.<\/p>\n\n\n\n<p>\u00abYo me asust\u00e9 demasiado. Menos mal no hubo muertos ni heridos, solo nos robaron\u2026 En ese Dari\u00e9n se ven muchos muertos, hab\u00eda un beb\u00e9 muerto, se ven muchos cr\u00e1neos\u00bb, menciona Eglis.<\/p>\n\n\n\n<p>A pesar de ello, siguieron adelante, poniendo todas sus cargas, miedos y fuerzas en las manos de Dios. \u00abEn el cuarto d\u00eda est\u00e1bamos llorando. No ten\u00edamos comida. Pas\u00f3 la madrugada del quinto d\u00eda y a las horas llegamos al refugio. Fue una experiencia bastante peligrosa. Hay voladeros muy grandes, resbaladizos. El r\u00edo, en algunos lados, era muy profundo, aunque no era muy agresivo porque estamos en verano y se pod\u00eda pasar\u00bb, cuenta.<\/p>\n\n\n\n<p>Para sus hijos, de 6, 8 y 11 a\u00f1os de edad, fue como un juego, asegura Julio, pues ellos iban delante de \u00e9l y de su esposa \u00abcomo militares\u00bb, marchando sin ning\u00fan tipo de problema.<\/p>\n\n\n\n<p>\u00abEn ese lugar, no nos pas\u00f3 nada grave. Gracias a Dios lo logramos. Toda la familia entr\u00f3 y sali\u00f3 del Dari\u00e9n. Estuvimos cinco d\u00edas y medio en la selva. El trayecto es de dos d\u00edas y medio. A mi esposa le falta su pierna y no es el mismo ritmo. Yo la llevaba en mi espalda. Poco a poco, perseverando, lo logramos. Gracias a Dios\u00bb.<\/p>\n\n\n\n<p>Datos del&nbsp;Servicio Nacional de Migraci\u00f3n Panam\u00e1&nbsp;se\u00f1alan que m\u00e1s de 48.000 migrantes irregulares han cruzado el Dari\u00e9n en lo que va de 2023, de los cuales casi 8.000 son venezolanos. La lista la lideran los haitianos con m\u00e1s de 16.000 migrantes y le sigue los ecuatorianos con m\u00e1s de 11.000 personas.<\/p>\n\n\n\n<p>El a\u00f1o pasado, 248.284 caminantes cruzaron la jungla, una cifra in\u00e9dita liderada por el \u00e9xodo venezolano que provoc\u00f3 una crisis migratoria en la regi\u00f3n.<\/p>\n\n\n\n<p><strong><mark style=\"background-color:rgba(0, 0, 0, 0)\" class=\"has-inline-color has-vivid-red-color\">\u201cEn el refugio nos enga\u00f1aron\u201d<\/mark><\/strong><\/p>\n\n\n\n<p>Julio cuenta que al salir de la selva despu\u00e9s de casi una semana internados y ver el refugio para migrantes que estableci\u00f3 la ONU y Migraci\u00f3n Panam\u00e1, fue la luz al final del t\u00fanel.<\/p>\n\n\n\n<p>All\u00ed los recibieron, les dieron comida y una caba\u00f1a en la que pudieron descansar. Pero, para ellos, la experiencia no fue la mejor: \u00abLa realidad es que all\u00ed nos enfermamos con diarrea, v\u00f3mitos, nos dio fiebre, dolor de garganta. La comida nos estaba enfermando. Uno de mis hijos ya no quer\u00eda comer\u00bb.<\/p>\n\n\n\n<figure class=\"wp-block-image size-large\"><img fetchpriority=\"high\" decoding=\"async\" width=\"1024\" height=\"576\" src=\"https:\/\/esreviral.com\/wp-content\/uploads\/2023\/03\/AnyConv.com__photo_4918155755341851490_y-1024x576.webp\" alt=\"\" class=\"wp-image-32718\" srcset=\"https:\/\/esreviral.com\/wp-content\/uploads\/2023\/03\/AnyConv.com__photo_4918155755341851490_y-1024x576.webp 1024w, https:\/\/esreviral.com\/wp-content\/uploads\/2023\/03\/AnyConv.com__photo_4918155755341851490_y-300x169.webp 300w, https:\/\/esreviral.com\/wp-content\/uploads\/2023\/03\/AnyConv.com__photo_4918155755341851490_y-768x432.webp 768w, https:\/\/esreviral.com\/wp-content\/uploads\/2023\/03\/AnyConv.com__photo_4918155755341851490_y-750x422.webp 750w, https:\/\/esreviral.com\/wp-content\/uploads\/2023\/03\/AnyConv.com__photo_4918155755341851490_y-1140x641.webp 1140w, https:\/\/esreviral.com\/wp-content\/uploads\/2023\/03\/AnyConv.com__photo_4918155755341851490_y.webp 1280w\" sizes=\"(max-width: 1024px) 100vw, 1024px\" \/><\/figure>\n\n\n\n<p><\/p>\n\n\n\n<p>En ese lugar pasaron 12 d\u00edas a la espera de ser trasladados en autob\u00fas hasta otro refugio cerca de los l\u00edmites con Costa Rica, pero el d\u00eda nunca lleg\u00f3. \u00abComo no ten\u00edamos el dinero para pagar los pasajes, 40 d\u00f3lares por persona, nos dijeron que deb\u00edamos hacer labor social por cinco d\u00edas. Lo hicimos. Despu\u00e9s esperamos ocho d\u00edas m\u00e1s y no sali\u00f3 un autob\u00fas para nosotros. En el refugio nos enga\u00f1aron\u00bb.<\/p>\n\n\n\n<p>Julio se\u00f1ala que desde que se retomaron los viajes en los autobuses, luego de que las autoridades paname\u00f1as revisaran los autobuses tras el registro de dos accidentes -uno de los cuales dej\u00f3 al menos 40 muertos-, s\u00f3lo han salido las personas que cuentan con el dinero para cancelar el boleto.<\/p>\n\n\n\n<figure class=\"wp-block-image size-large\"><img decoding=\"async\" width=\"1024\" height=\"576\" src=\"https:\/\/esreviral.com\/wp-content\/uploads\/2023\/03\/AnyConv.com__photo_4918155755341851489_y-1024x576.webp\" alt=\"\" class=\"wp-image-32719\" srcset=\"https:\/\/esreviral.com\/wp-content\/uploads\/2023\/03\/AnyConv.com__photo_4918155755341851489_y-1024x576.webp 1024w, https:\/\/esreviral.com\/wp-content\/uploads\/2023\/03\/AnyConv.com__photo_4918155755341851489_y-300x169.webp 300w, https:\/\/esreviral.com\/wp-content\/uploads\/2023\/03\/AnyConv.com__photo_4918155755341851489_y-768x432.webp 768w, https:\/\/esreviral.com\/wp-content\/uploads\/2023\/03\/AnyConv.com__photo_4918155755341851489_y-750x422.webp 750w, https:\/\/esreviral.com\/wp-content\/uploads\/2023\/03\/AnyConv.com__photo_4918155755341851489_y-1140x641.webp 1140w, https:\/\/esreviral.com\/wp-content\/uploads\/2023\/03\/AnyConv.com__photo_4918155755341851489_y.webp 1280w\" sizes=\"(max-width: 1024px) 100vw, 1024px\" \/><\/figure>\n\n\n\n<p><\/p>\n\n\n\n<p><strong><mark style=\"background-color:rgba(0, 0, 0, 0)\" class=\"has-inline-color has-vivid-red-color\">Sin dinero, aferrados a Dios<\/mark><\/strong><\/p>\n\n\n\n<p>Julio y Eglis siguen en el Dari\u00e9n, pero ya en una zona poblada. Sin dinero, pero con una fe inmensa en Dios, a pesar de las circunstancias.<\/p>\n\n\n\n<p>Todas los d\u00edas salen a vender caramelos y chupetas con el objetivo de reunir el dinero que necesitan para comprar los pasajes en autob\u00fas y continuar con su viaje. En las noches duermen dentro de una carpa en la calle.<\/p>\n\n\n\n<p>\u00abEstamos pidiendo ayuda para poder seguir nuestro camino, ayuda econ\u00f3mica. Queremos llegar a Estados Unidos, primeramente para cumplir el sue\u00f1o de mi esposa de su pr\u00f3tesis y en segundo lugar para en un futuro plantar buenas bases en Venezuela. Tenemos siete a\u00f1os fuera del pa\u00eds y no hemos logrado nada, dando vueltas por diferentes pa\u00edses. Realmente le agradecer\u00edamos mucho a las personas que pudieran ayudarnos ya que estamos sin nada\u00bb, dice Julio.<\/p>\n\n\n\n<p>Asegura que perseverar\u00e1n y seguir\u00e1n adelante, pese a las dificultades. \u00abVenezuela es nuestro pa\u00eds de origen y queremos estabilizarnos all\u00e1 en unos a\u00f1os. En Estados Unidos no tenemos a nadie que nos reciba. Lo que Dios nos ponga en el camino, ser\u00e1\u00bb.<\/p>\n\n\n\n<p>Para las personas que deseen colaborar con esta familia, puede hacer contacto al n\u00famero telef\u00f3nico: +51 980 137 497.<\/p>\n\n\n\n<p class=\"has-text-align-right\"><strong><em>ElNacional.-<\/em><\/strong><\/p>\n","protected":false},"excerpt":{"rendered":"<p>Julio Arvelo y Eglis Tezara vivieron momentos de mucho miedo en la selva del Dari\u00e9n. Al iniciar la caminata, un grupo de hombres les exigi\u00f3 100 d\u00f3lares para no robarlos. M\u00e1s adelante, otras personas los revisaron y tomaron algunas de sus pertenencias<\/p>\n","protected":false},"author":3,"featured_media":32717,"comment_status":"open","ping_status":"closed","sticky":false,"template":"","format":"standard","meta":{"jnews-multi-image_gallery":[],"jnews_single_post":{"subtitle":"","format":"standard","video":"","gallery":"","source_name":"","source_url":"","via_name":"","via_url":"","override_template":"0","override":[{"template":"4","single_blog_custom":"","parallax":"1","fullscreen":"1","layout":"right-sidebar","sidebar":"default-sidebar","second_sidebar":"default-sidebar","sticky_sidebar":"1","share_position":"top","share_float_style":"share-monocrhome","show_share_counter":"1","show_view_counter":"1","show_featured":"1","show_post_meta":"1","show_post_author":"1","show_post_author_image":"1","show_post_date":"1","post_date_format":"default","post_date_format_custom":"Y\/m\/d","show_post_category":"1","show_post_reading_time":"1","post_reading_time_wpm":"300","show_zoom_button":"1","zoom_button_out_step":"2","zoom_button_in_step":"3","show_post_tag":"1","show_prev_next_post":"1","show_popup_post":"1","number_popup_post":"1","show_author_box":"1","show_post_related":"1","show_inline_post_related":"0"}],"override_image_size":"0","image_override":[{"single_post_thumbnail_size":"crop-500","single_post_gallery_size":"crop-500"}],"trending_post":"0","trending_post_position":"meta","trending_post_label":"Trending","sponsored_post":"0","sponsored_post_label":"Sponsored by","sponsored_post_name":"","sponsored_post_url":"","sponsored_post_logo_enable":"0","sponsored_post_logo":"","sponsored_post_desc":"","disable_ad":"0"},"jnews_primary_category":{"id":"","hide":""},"jnews_social_meta":{"fb_title":"","fb_description":"","fb_image":"","twitter_title":"","twitter_description":"","twitter_image":""},"jnews_review":[],"enable_review":"0","type":"percentage","name":"","summary":"","brand":"","sku":"","good":[{"good_text":""}],"bad":[{"bad_text":""}],"score_override":"","override_value":"","rating":[{"rating_text":"","rating_number":"10"}],"price":[{"shop":"","price":"","link":"","icon":""}],"jnews_override_counter":{"override_view_counter":"0","view_counter_number":"0","override_share_counter":"0","share_counter_number":"0","override_like_counter":"0","like_counter_number":"0","override_dislike_counter":"0","dislike_counter_number":"0"},"jnews_post_split":{"enable_post_split":"0","post_split":[{"template":"1","tag":"h2","numbering":"asc","mode":"normal","first":"0","enable_toc":"0","toc_type":"normal"}]},"footnotes":""},"categories":[54],"tags":[136,45,7769,3568,1003],"class_list":["post-32716","post","type-post","status-publish","format-standard","has-post-thumbnail","hentry","category-inmigracion","tag-estados-unidos","tag-noticias","tag-servicio-nacional-de-migracion-panama","tag-sueno-americano","tag-venezolanos-en-panama"],"amp_enabled":true,"_links":{"self":[{"href":"https:\/\/esreviral.com\/index.php?rest_route=\/wp\/v2\/posts\/32716"}],"collection":[{"href":"https:\/\/esreviral.com\/index.php?rest_route=\/wp\/v2\/posts"}],"about":[{"href":"https:\/\/esreviral.com\/index.php?rest_route=\/wp\/v2\/types\/post"}],"author":[{"embeddable":true,"href":"https:\/\/esreviral.com\/index.php?rest_route=\/wp\/v2\/users\/3"}],"replies":[{"embeddable":true,"href":"https:\/\/esreviral.com\/index.php?rest_route=%2Fwp%2Fv2%2Fcomments&post=32716"}],"version-history":[{"count":0,"href":"https:\/\/esreviral.com\/index.php?rest_route=\/wp\/v2\/posts\/32716\/revisions"}],"wp:featuredmedia":[{"embeddable":true,"href":"https:\/\/esreviral.com\/index.php?rest_route=\/wp\/v2\/media\/32717"}],"wp:attachment":[{"href":"https:\/\/esreviral.com\/index.php?rest_route=%2Fwp%2Fv2%2Fmedia&parent=32716"}],"wp:term":[{"taxonomy":"category","embeddable":true,"href":"https:\/\/esreviral.com\/index.php?rest_route=%2Fwp%2Fv2%2Fcategories&post=32716"},{"taxonomy":"post_tag","embeddable":true,"href":"https:\/\/esreviral.com\/index.php?rest_route=%2Fwp%2Fv2%2Ftags&post=32716"}],"curies":[{"name":"wp","href":"https:\/\/api.w.org\/{rel}","templated":true}]}}