{"id":3257,"date":"2021-01-07T23:26:57","date_gmt":"2021-01-07T23:26:57","guid":{"rendered":"http:\/\/esreviral.com\/?p=3257"},"modified":"2021-01-07T23:26:57","modified_gmt":"2021-01-07T23:26:57","slug":"un-muerto-funcionarios-heridos-y-hasta-el-director-secuestrado-fue-el-saldo-de-un-motin-en-uribana","status":"publish","type":"post","link":"https:\/\/esreviral.com\/?p=3257","title":{"rendered":"Un muerto, funcionarios heridos y hasta el director secuestrado, fue el saldo de un mot\u00edn en Uribana"},"content":{"rendered":"\n<p>Un muerto y al menos nueve heridos fue el saldo de un mot\u00edn que se registr\u00f3 este mi\u00e9rcoles 6 de enero en el Centro Penitenciario David Viloria, mejor conocida como c\u00e1rcel de Uribana en el estado Lara, tras una fuerte ri\u00f1a entre grupos internos.&nbsp;<\/p>\n\n\n\n<p>El fallecido fue identificado como Roiber Alejandro Pereira Mendoza, de 24 a\u00f1os de edad, mientras que dos de los heridos responden a los nombres de Roger Jos\u00e9 Amaro Sangronis, de 25 a\u00f1os de edad, y Edwin Benjam\u00edn Garc\u00eda Rodr\u00edguez, de 49 a\u00f1os de edad. El primero muri\u00f3 a causa de un impacto de bala en el t\u00f3rax, el segundo se encuentra en delicado estado de salud, tras recibir un balazo en el cuello con salida en el t\u00f3rax, y el tercer recluso fue atendido por una herida de bala en la pierna izquierda.&nbsp;<\/p>\n\n\n\n<p>El resto de los heridos presentaron lesiones en piernas y brazos, pero ninguno de gravedad. Cabe resaltar que la c\u00e1rcel de Uribana se encuentra bajo r\u00e9gimen penitenciario, pero el hecho de que durante el mot\u00edn hubo heridos por arma de fuego deja en evidencia la mala administraci\u00f3n del Ministerio de Servicios Penitenciarios, desde donde aseguran con frecuencia que en estos penales fue erradicado la figura del pranato y el uso de armamento.<\/p>\n\n\n\n<figure class=\"wp-block-image size-large\"><img decoding=\"async\" src=\"https:\/\/mail.google.com\/mail\/u\/0?ui=2&amp;ik=e534e86199&amp;attid=0.3&amp;permmsgid=msg-f:1688268268922038410&amp;th=176def0bb6a9688a&amp;view=att&amp;disp=safe&amp;realattid=176deb281725c60b6181\" alt=\"\"\/><\/figure>\n\n\n\n<p><strong><span style=\"background-color:#9a1b22\" class=\"td_text_highlight_marker\">El cobro de \u201ccausa\u201d deton\u00f3 el mot\u00edn<\/span><\/strong><\/p>\n\n\n\n<p>A trav\u00e9s de un video enviado por los reclusos del m\u00f3dulo 6, el equipo del Observatorio Venezolano de Prisiones (OVP) pudo conocer el descontento de la poblaci\u00f3n penal por el cobro de \u201ccausa\u201d para tener derecho a usar un equipo telef\u00f3nico, acceso de visitas y alimentos.&nbsp;<\/p>\n\n\n\n<p>Seg\u00fan el relato de los familiares y algunos detenidos que no quisieron identificarse por temor a represalias, en Uribana todo es un negocio desde hace un a\u00f1o , pero la situaci\u00f3n empeor\u00f3 tras la suspensi\u00f3n de las visitas por la pandemia de COVID-19.&nbsp;<\/p>\n\n\n\n<p>\u201cPr\u00e1cticamente estamos en un penal abierto, al punto que se vende droga libremente y ya muchos sab\u00edamos que algunos presos estaban armados\u201d, confes\u00f3 un familiar, quien adem\u00e1s asegur\u00f3 que la mayor\u00eda de las armas ingresaron presuntamente durante el mes de diciembre. El costo por tener acceso a un arma de fuego fue supuestamente de m\u00e1s de 100 d\u00f3lares.&nbsp;<\/p>\n\n\n\n<p>De la misma forma detallaron que durante el mes de diciembre cobraban alrededor de 50 d\u00f3lares por una visita especial, entre 20 y 60 d\u00f3lares por acceso a un tel\u00e9fono, dependiendo del modelo que fuera; y la \u201ccausa\u201d semanal era de 10 d\u00f3lares solo por el derecho a tener un tel\u00e9fono y 1 d\u00f3lar por la estad\u00eda en la celda.&nbsp;<\/p>\n\n\n\n<p>En cuanto a los alimentos, un kilo de sal cuesta hasta 4 millones de bol\u00edvares, mientras que el precio de un kilo de arroz o una mantequilla es de 5 millones de bol\u00edvares. En caso de que los familiares quieran enviarles alg\u00fan alimento crudo, deben pagar un d\u00f3lar por cada producto o, si por ejemplo llevan tres kilos de harina de ma\u00edz, deben dejar tres kilos del mismo producto para el uso de los custodios.&nbsp;<\/p>\n\n\n\n<p>El pago de todo lo anteriormente mencionado es a trav\u00e9s de divisas extranjeras, pago m\u00f3vil e incluso cuentan con un punto de venta inal\u00e1mbrico. Seg\u00fan los denunciantes, estos cobros son exigidos por los \u201cpranes\u201d de cada m\u00f3dulo, aunque los custodios y el personal administrativo del penal tienen pleno conocimiento de la situaci\u00f3n y tambi\u00e9n son presuntos beneficiarios del dinero recabado.&nbsp;<\/p>\n\n\n\n<p>De igual manera, a\u00f1adieron que desde hace poco se aplican castigos a los reos que no pueden pagar la \u201ccausa\u201d. Supuestamente, los presos que no pagan a tiempo son golpeados, maltratados e incluso aislados en una celda denominada \u201cEl Drag\u00f3n\u201d.&nbsp;<\/p>\n\n\n\n<p>Fue este mi\u00e9rcoles 6 de enero cuando los reos del m\u00f3dulo 6 finalmente se opusieron al pago de la \u201ccausa\u201d, considerando que la mayor\u00eda provienen de familias humildes, y posteriormente fueron enfrentados por los reclusos de los m\u00f3dulos 5 y 7 con armas en mano.&nbsp;<\/p>\n\n\n\n<p>Roibel Alejandro, el fallecido durante la trifulca, intent\u00f3 mediar entre ambos bandos, pero un disparo le ceg\u00f3 la vida. \u201cNo disparen, no nos vamos a matar aqu\u00ed, al final todos somos causas\u201d, fueron las \u00faltimas palabras del occiso, quien cumpl\u00eda condena en el m\u00f3dulo 6.&nbsp;<\/p>\n\n\n\n<p>Seg\u00fan fuentes internas del recinto penitenciario, tras la muerte de su compa\u00f1ero de celda, los reos mantuvieron secuestrado al director Rafael Ram\u00edrez durante m\u00e1s de ocho horas en garant\u00eda de su integridad f\u00edsica.&nbsp;<\/p>\n\n\n\n<p>El Grupo de Respuesta Inmediata y Custodia (GRIC) y funcionarios de la Guardia Nacional Bolivariana (GNB) tomaron las instalaciones del penal, lo que se mantuvo hasta el d\u00eda siguiente, y fue alrededor de las 2:00 de la madrugada que liberaron al director del penal.&nbsp;<\/p>\n\n\n\n<p>En horas de la tarde de este jueves, funcionarios del Ministerio de Servicios Penitenciarios efectuaron una requisa, contaron a los reclusos y atendieron a los heridos. Mientras tanto, los familiares se concentraron en la entrada principal desde tempranas horas de la ma\u00f1ana para orar y velar por el bienestar de sus seres queridos.&nbsp;<\/p>\n\n\n\n<p><strong>La libertad estaba cerca&nbsp;<\/strong><\/p>\n\n\n\n<p>Roiber Alejandro Pereira Mendoza fue condenado a 11 a\u00f1os y 3 meses de prisi\u00f3n por el delito de robo agravado y uso de adolescente para delinquir. Su primer centro de reclusi\u00f3n fue el Destacamento 121 de la GNB y luego fue trasladado hasta el Internado Judicial de Yaracuy, conocida como la c\u00e1rcel de La Cuarta.&nbsp;<\/p>\n\n\n\n<p>Posteriormente fue trasladado hasta la Comunidad Penitenciaria de F\u00e9nix en el estado Lara y durante m\u00e1s de cuatro a\u00f1os este joven vivi\u00f3 entre las dos prisiones larenses, la \u00faltima vez que lo trasladaron fue hace cuatro meses a Uribana, centro de reclusi\u00f3n para procesados.<\/p>\n\n\n\n<p>Algunos familiares relataron al equipo del OVP que el joven cumplir\u00eda seis a\u00f1os tras las rejas en el mes de junio, m\u00e1s las redenciones que ten\u00eda por su buen comportamiento, le correspond\u00eda la libertad a trav\u00e9s de un beneficio. El hoy occiso esperaba con ansias ese momento.&nbsp;<\/p>\n\n\n\n<p>Incluso en alg\u00fan momento Roiber Alejandro le coment\u00f3 a sus parientes que quer\u00eda mantenerse alejado de los problemas para no retrasar la libertad que tanto anhelaba.&nbsp;<\/p>\n\n\n\n<p>Por \u00faltimo, cabe recordar que la Corte Interamericana de Derechos Humanos (CorteIDH) dict\u00f3 medidas provisionales respecto a la c\u00e1rcel de Uribana en el a\u00f1o 2007, las cuales fueron reiteradas en 2013 y en las que se requiri\u00f3 al Estado venezolano adoptar medidas para evitar la p\u00e9rdida de vidas y da\u00f1os a la integridad f\u00edsica, ps\u00edquica y moral de los presos.<\/p>\n\n\n\n<p class=\"has-text-align-right\"><em><strong>Prensa Observatorio Venezolano de Prisiones<\/strong>.-<\/em><\/p>\n","protected":false},"excerpt":{"rendered":"<p>Un muerto y al menos nueve heridos fue el saldo de un mot\u00edn que se registr\u00f3 este mi\u00e9rcoles 6 de enero en el Centro Penitenciario David Viloria, mejor conocida como c\u00e1rcel de Uribana en el estado Lara, tras una fuerte ri\u00f1a entre grupos internos.&nbsp; El fallecido fue identificado como Roiber Alejandro Pereira Mendoza, de 24 [&hellip;]<\/p>\n","protected":false},"author":2,"featured_media":3258,"comment_status":"open","ping_status":"open","sticky":false,"template":"","format":"standard","meta":{"jnews-multi-image_gallery":[],"jnews_single_post":[],"jnews_primary_category":[],"jnews_social_meta":[],"jnews_review":[],"enable_review":"","type":"","name":"","summary":"","brand":"","sku":"","good":[],"bad":[],"score_override":"","override_value":"","rating":[],"price":[],"jnews_override_counter":[],"jnews_post_split":[],"footnotes":""},"categories":[66],"tags":[473,483,484,56],"class_list":["post-3257","post","type-post","status-publish","format-standard","has-post-thumbnail","hentry","category-venezuela","tag-lara","tag-motin","tag-uribana","tag-venezuela"],"amp_enabled":true,"_links":{"self":[{"href":"https:\/\/esreviral.com\/index.php?rest_route=\/wp\/v2\/posts\/3257"}],"collection":[{"href":"https:\/\/esreviral.com\/index.php?rest_route=\/wp\/v2\/posts"}],"about":[{"href":"https:\/\/esreviral.com\/index.php?rest_route=\/wp\/v2\/types\/post"}],"author":[{"embeddable":true,"href":"https:\/\/esreviral.com\/index.php?rest_route=\/wp\/v2\/users\/2"}],"replies":[{"embeddable":true,"href":"https:\/\/esreviral.com\/index.php?rest_route=%2Fwp%2Fv2%2Fcomments&post=3257"}],"version-history":[{"count":0,"href":"https:\/\/esreviral.com\/index.php?rest_route=\/wp\/v2\/posts\/3257\/revisions"}],"wp:featuredmedia":[{"embeddable":true,"href":"https:\/\/esreviral.com\/index.php?rest_route=\/"}],"wp:attachment":[{"href":"https:\/\/esreviral.com\/index.php?rest_route=%2Fwp%2Fv2%2Fmedia&parent=3257"}],"wp:term":[{"taxonomy":"category","embeddable":true,"href":"https:\/\/esreviral.com\/index.php?rest_route=%2Fwp%2Fv2%2Fcategories&post=3257"},{"taxonomy":"post_tag","embeddable":true,"href":"https:\/\/esreviral.com\/index.php?rest_route=%2Fwp%2Fv2%2Ftags&post=3257"}],"curies":[{"name":"wp","href":"https:\/\/api.w.org\/{rel}","templated":true}]}}