{"id":3244,"date":"2021-01-07T18:43:18","date_gmt":"2021-01-07T18:43:18","guid":{"rendered":"http:\/\/esreviral.com\/?p=3244"},"modified":"2021-01-07T18:43:18","modified_gmt":"2021-01-07T18:43:18","slug":"hasta-dos-anos-de-prision-pudiera-pagar-quien-no-cumpla-con-el-toque-de-queda-sanitario","status":"publish","type":"post","link":"https:\/\/esreviral.com\/?p=3244","title":{"rendered":"Hasta dos a\u00f1os de prisi\u00f3n pudiera pagar quien incumpla con el toque de queda sanitario"},"content":{"rendered":"\n<p><strong><em>CIS.-<\/em><\/strong> Luego que el jefe de gabinete de la naci\u00f3n, Santiago Cafiero anunciara que a partir del viernes a las 23 regir\u00e1 el toque de queda sanitario, se conoci\u00f3 que podr\u00eda mantenerse en vigencia el castigo del Cap\u00edtulo IV del T\u00edtulo VII del C\u00f3digo Penal que tipifica los delitos contra la salud p\u00fablica:<\/p>\n\n\n\n<blockquote class=\"wp-block-quote td_quote_box td_box_center is-layout-flow wp-block-quote-is-layout-flow\"><p><em><strong>\u201c<\/strong><\/em><mark><em><strong>Ser\u00e1 reprimido con prisi\u00f3n de seis meses a dos a\u00f1os, el que violare las medidas adoptadas por las autoridades competentes, para impedir la introducci\u00f3n o propagaci\u00f3n de una epidemia<\/strong><\/em><\/mark><em><strong>\u201d.<\/strong><\/em><\/p><\/blockquote>\n\n\n\n<p>Aunque Cafiero aclar\u00f3 que a\u00fan no se ha definido si la misma norma regir\u00e1 o ser\u00e1 cambiada, para ello habr\u00eda que esperar hasta la publicaci\u00f3n del decreto.<\/p>\n\n\n\n<p>Esta medida se tom\u00f3 luego del auge de casos positivos en todo el pa\u00eds y lo que buscar\u00e1 el Gobierno con la misma es la disminuci\u00f3n de positivos y as\u00ed evitar una segunda ola de coronavirus. <\/p>\n\n\n\n<p><strong><span style=\"background-color:#9a1b22\" class=\"td_text_highlight_marker\">Lea tambi\u00e9n:<\/span><\/strong> <a href=\"http:\/\/esreviral.com\/2021\/01\/07\/toque-de-queda-restringiran-la-circulacion-nocturna-en-argentina\/\">TOQUE DE QUEDA. RESTRINGIR\u00c1N LA CIRCULACI\u00d3N NOCTURNA EN ARGENTINA A PARTIR DE MA\u00d1ANA<\/a><\/p>\n","protected":false},"excerpt":{"rendered":"<p>Est\u00e1 tipificado en el Cap\u00edtulo IV del T\u00edtulo VII del C\u00f3digo Penal que tipifica los delitos contra la salud p\u00fablica<\/p>\n","protected":false},"author":2,"featured_media":3245,"comment_status":"open","ping_status":"open","sticky":false,"template":"","format":"standard","meta":{"jnews-multi-image_gallery":[],"jnews_single_post":[],"jnews_primary_category":[],"jnews_social_meta":[],"jnews_review":[],"enable_review":"","type":"","name":"","summary":"","brand":"","sku":"","good":[],"bad":[],"score_override":"","override_value":"","rating":[],"price":[],"jnews_override_counter":[],"jnews_post_split":[],"footnotes":""},"categories":[58],"tags":[44,123,45,482],"class_list":["post-3244","post","type-post","status-publish","format-standard","has-post-thumbnail","hentry","category-argentina","tag-argentina","tag-informacion","tag-noticias","tag-toque-de-queda"],"_links":{"self":[{"href":"https:\/\/esreviral.com\/index.php?rest_route=\/wp\/v2\/posts\/3244","targetHints":{"allow":["GET"]}}],"collection":[{"href":"https:\/\/esreviral.com\/index.php?rest_route=\/wp\/v2\/posts"}],"about":[{"href":"https:\/\/esreviral.com\/index.php?rest_route=\/wp\/v2\/types\/post"}],"author":[{"embeddable":true,"href":"https:\/\/esreviral.com\/index.php?rest_route=\/wp\/v2\/users\/2"}],"replies":[{"embeddable":true,"href":"https:\/\/esreviral.com\/index.php?rest_route=%2Fwp%2Fv2%2Fcomments&post=3244"}],"version-history":[{"count":0,"href":"https:\/\/esreviral.com\/index.php?rest_route=\/wp\/v2\/posts\/3244\/revisions"}],"wp:featuredmedia":[{"embeddable":true,"href":"https:\/\/esreviral.com\/index.php?rest_route=\/"}],"wp:attachment":[{"href":"https:\/\/esreviral.com\/index.php?rest_route=%2Fwp%2Fv2%2Fmedia&parent=3244"}],"wp:term":[{"taxonomy":"category","embeddable":true,"href":"https:\/\/esreviral.com\/index.php?rest_route=%2Fwp%2Fv2%2Fcategories&post=3244"},{"taxonomy":"post_tag","embeddable":true,"href":"https:\/\/esreviral.com\/index.php?rest_route=%2Fwp%2Fv2%2Ftags&post=3244"}],"curies":[{"name":"wp","href":"https:\/\/api.w.org\/{rel}","templated":true}]}}