{"id":32303,"date":"2023-03-02T10:28:59","date_gmt":"2023-03-02T15:28:59","guid":{"rendered":"https:\/\/esreviral.com\/?p=32303"},"modified":"2023-03-02T11:02:09","modified_gmt":"2023-03-02T16:02:09","slug":"el-ministro-de-seguridad-tras-la-amenaza-a-lionel-messi-en-rosario-los-narcos-han-ganado","status":"publish","type":"post","link":"https:\/\/esreviral.com\/?p=32303","title":{"rendered":"El Ministro de Seguridad, tras la amenaza a Lionel Messi en Rosario: \u00abLos narcos han ganado\u201d"},"content":{"rendered":"\n<p>El ministro de Seguridad,&nbsp;<strong>An\u00edbal Fern\u00e1ndez<\/strong>, fue contundente al ser consultado sobre la situaci\u00f3n de&nbsp;<strong>Rosario<\/strong>.<strong>&nbsp;\u201cLos narcos han ganado. Hace 20 a\u00f1os que estamos en esta situaci\u00f3n\u201d<\/strong>, reconoci\u00f3 ante los periodistas. Y dijo que los hechos de violencia que se suceden casi a diario en esa ciudad santafesina ocurren \u201cfundamentalmente, entre bandas narco\u201d.<\/p>\n\n\n\n<p>\u201c\u00a1Est\u00e1n ganando los narcos? Esa parece ser la sensaci\u00f3n que queda\u201d, insisti\u00f3 ante la pregunta de los periodistas. \u201cAhora hay que revertir esta situaci\u00f3n y estamos dispuestos a hacerlo\u201d, agreg\u00f3 Fern\u00e1ndez.<\/p>\n\n\n\n<p>M\u00e1s temprano, en di\u00e1logo con\u00a0<em>Radio 10<\/em>, el titular de la cartera de Seguridad se dedic\u00f3 a\u00a0<strong>defender el accionar de la cartera y del Gobierno nacional en Rosario<\/strong>. \u201cNuestra presencia es muy fuerte\u201d y dijo que el presidente \u201cse est\u00e1 ocupando porque le preocupa mucho la situaci\u00f3n\u201d en esa ciudad santafesina.<\/p>\n\n\n\n<figure class=\"wp-block-image size-full\"><img fetchpriority=\"high\" decoding=\"async\" width=\"720\" height=\"480\" src=\"https:\/\/esreviral.com\/wp-content\/uploads\/2023\/03\/AnyConv.com__AnyConv.com__0kiENCaj4_720x0__1.webp\" alt=\"\" class=\"wp-image-32297\" srcset=\"https:\/\/esreviral.com\/wp-content\/uploads\/2023\/03\/AnyConv.com__AnyConv.com__0kiENCaj4_720x0__1.webp 720w, https:\/\/esreviral.com\/wp-content\/uploads\/2023\/03\/AnyConv.com__AnyConv.com__0kiENCaj4_720x0__1-300x200.webp 300w\" sizes=\"(max-width: 720px) 100vw, 720px\" \/><\/figure>\n\n\n\n<p>El ministro de Seguridad explic\u00f3 que la zona donde est\u00e1 ubicado el supermercado atacado no estaba, seg\u00fan el \u00faltimo an\u00e1lisis del mapa del delito en Rosario, dentro de esos lugares en los que las fuerzas federales deb\u00edan controlar. \u201cSe asignan fajas de empa\u00f1amiento para que cada uno se ocupe y esa zona en esta no estaba en el marco de lo que ten\u00eda que hacer la Gendarmer\u00eda\u201d, indic\u00f3.<\/p>\n\n\n\n<p>\u201cDesde el primer momento estamos con todo nuestro personal de las cuatro fuerzas, que son m\u00e1s de 3500 efectivos, invirtiendo dinero nacional para tratar de revertir esa situaci\u00f3n porque estamos convencidos de que es el camino. El resultado lo tenemos: hubo 2077 detenidos en 2022\u2033, se explay\u00f3 Fern\u00e1ndez, que reconoci\u00f3 que \u201cesto no es suficiente\u201d. \u201cLleva mucho tiempo m\u00e1s\u201d, resumi\u00f3.<\/p>\n\n\n\n<figure class=\"wp-block-image size-full\"><img decoding=\"async\" width=\"879\" height=\"588\" src=\"https:\/\/esreviral.com\/wp-content\/uploads\/2023\/03\/AnyConv.com__LNRF4KOQXZDJRPY4NGEBRINCZE.webp\" alt=\"\" class=\"wp-image-32309\" srcset=\"https:\/\/esreviral.com\/wp-content\/uploads\/2023\/03\/AnyConv.com__LNRF4KOQXZDJRPY4NGEBRINCZE.webp 879w, https:\/\/esreviral.com\/wp-content\/uploads\/2023\/03\/AnyConv.com__LNRF4KOQXZDJRPY4NGEBRINCZE-300x201.webp 300w, https:\/\/esreviral.com\/wp-content\/uploads\/2023\/03\/AnyConv.com__LNRF4KOQXZDJRPY4NGEBRINCZE-768x514.webp 768w, https:\/\/esreviral.com\/wp-content\/uploads\/2023\/03\/AnyConv.com__LNRF4KOQXZDJRPY4NGEBRINCZE-750x502.webp 750w\" sizes=\"(max-width: 879px) 100vw, 879px\" \/><\/figure>\n\n\n\n<p><\/p>\n\n\n\n<p>Tras el ataque de tintes mafiosos,\u00a0el ministro de Seguridad convoc\u00f3 de urgencia a una reuni\u00f3n\u00a0donde tom\u00f3 la decisi\u00f3n de<strong>\u00a0reemplazar al encargado del Comando Unificado que opera en Rosario, integrado por las cuatro fuerzas federales<\/strong>. El encuentro se desarroll\u00f3 en el Ministerio de Seguridad de la Naci\u00f3n y participaron Fern\u00e1ndez, la secretaria de Seguridad y Pol\u00edtica Criminal,\u00a0<strong>Mercedes La Gioiosa;\u00a0<\/strong>el jefe de Gabinete,\u00a0<strong>Jos\u00e9<\/strong>\u00a0<strong>Gaincerain,\u00a0<\/strong>y Severino.<\/p>\n\n\n\n<p>Fern\u00e1ndez decidi\u00f3 nombrar como jefe del Comando Unificado al comandante mayor Jos\u00e9 Mario, en tanto que el anterior titular de ese organismo, el comandante mayor Ricardo Castillo, fue asignado como jefe de la Regi\u00f3n II, con jurisdicci\u00f3n en Santa Fe y Entre R\u00edos.<\/p>\n\n\n\n<p>Esta ma\u00f1ana, al hacer referencia al ataque, el alcalde rosarino Pablo Javkin critic\u00f3 la falta de protecci\u00f3n que sufre la ciudad situada a unos 300 kil\u00f3metros al norte de Buenos Aires por parte de las autoridades nacionales. \u201c\u00bfD\u00f3nde est\u00e1n los que nos tienen que cuidar? Aqu\u00ed est\u00e1 claro que quienes tienen armas y tienen posibilidad de hacer inteligencia criminal no lo hacen\u201d, se quej\u00f3 el funcionario local ante los periodistas.<\/p>\n\n\n\n<p>Respecto de los responsables del hecho, Javkin dijo que \u201cson las bandas y los que nos tienen que cuidar, las fuerzas que tienen armas\u201d, en referencia a la polic\u00eda de la provincia de Santa Fe -donde se encuentra Rosario-, la Polic\u00eda Federal y Gendarmer\u00eda.<\/p>\n\n\n\n<p><strong><mark style=\"background-color:rgba(0, 0, 0, 0)\" class=\"has-inline-color has-vivid-red-color\">\u201cGobernaron cuatro a\u00f1os y no hicieron nada\u201d<\/mark><\/strong><\/p>\n\n\n\n<p>El ministro se refiri\u00f3 a las cr\u00edticas que manifestaran esta ma\u00f1ana tanto\u00a0<strong>Patricia Bullrich<\/strong>\u00a0como\u00a0<strong>Mauricio Macri<\/strong>:\u00a0<strong>\u201cGobernaron cuatro a\u00f1os y no hicieron nada\u201d<\/strong>. Conocido el ataque al supermercado propiedad de la familia pol\u00edtica de Lionel Messi, la presidenta de PRO\u00a0reiter\u00f3 su idea de que los militares tengan un rol directo en la lucha contra el narco. \u201cHace dos d\u00edas lo dije en Rosario:<strong>\u00a0hay que usar todas las fuerzas para recuperar la ciudad del dominio narco<\/strong>. Pensar que algunos todav\u00eda se niegan a hacerlo\u201d, escribi\u00f3 en Twitter.<\/p>\n\n\n\n<figure class=\"wp-block-embed is-type-rich is-provider-twitter wp-block-embed-twitter\"><div class=\"wp-block-embed__wrapper\">\n<blockquote class=\"twitter-tweet\" data-width=\"500\" data-dnt=\"true\"><p lang=\"es\" dir=\"ltr\">Hace dos d\u00edas lo dije en Rosario: hay que usar todas las fuerzas para recuperar la ciudad del dominio narco. Pensar que algunos todav\u00eda se niegan a hacerlo. <a href=\"https:\/\/t.co\/ka03e4J3d5\">pic.twitter.com\/ka03e4J3d5<\/a><\/p>&mdash; Patricia Bullrich (@PatoBullrich) <a href=\"https:\/\/twitter.com\/PatoBullrich\/status\/1631268317863333889?ref_src=twsrc%5Etfw\">March 2, 2023<\/a><\/blockquote><script async src=\"https:\/\/platform.twitter.com\/widgets.js\" charset=\"utf-8\"><\/script>\n<\/div><\/figure>\n\n\n\n<p><\/p>\n\n\n\n<p>\u201cNo hay lugar para soluciones a medias y respuestas graduales. La lucha contra el narcotr\u00e1fico tiene que ser de frente y sin cuartel. Debemos usar todos los medios del Estado para derrotarlos,&nbsp;<strong>incluyendo a las Fuerzas Armadas<\/strong>\u201d, ratific\u00f3 la exministra de Seguridad de Mauricio Macri.<\/p>\n\n\n\n<p>El expresidente tambi\u00e9n se expres\u00f3 sobre el tema: \u201cEsto es terrible.\u00a0<strong>Otra advertencia al gobierno nacional y al de Santa Fe de que no se puede convivir con el narco<\/strong>. Hay que combatirlo con decisi\u00f3n. A fin de a\u00f1o esto empieza a cambiar. Todo mi apoyo a Leo, Antonela y sus familias\u201d.<\/p>\n\n\n\n<p><strong><em><mark style=\"background-color:rgba(0, 0, 0, 0)\" class=\"has-inline-color has-vivid-red-color\">Lea Tambi\u00e9n: <\/mark><\/em><\/strong><\/p>\n\n\n\n<p><strong><em><mark style=\"background-color:rgba(0, 0, 0, 0)\" class=\"has-inline-color has-vivid-red-color\">Lea Tambi\u00e9n: <\/mark><\/em><\/strong><\/p>\n\n\n\n<p class=\"has-text-align-right\"><em><strong>LA NACION<\/strong>.-<\/em><\/p>\n","protected":false},"excerpt":{"rendered":"<p>El ministro de Seguridad sali\u00f3 a defender al Presidente ante el ataque del secretario general de La C\u00e1mpora<\/p>\n","protected":false},"author":3,"featured_media":32304,"comment_status":"open","ping_status":"closed","sticky":false,"template":"","format":"standard","meta":{"jnews-multi-image_gallery":[],"jnews_single_post":{"subtitle":"","format":"standard","video":"","gallery":"","source_name":"","source_url":"","via_name":"","via_url":"","override_template":"0","override":[{"template":"4","single_blog_custom":"","parallax":"1","fullscreen":"1","layout":"right-sidebar","sidebar":"default-sidebar","second_sidebar":"default-sidebar","sticky_sidebar":"1","share_position":"top","share_float_style":"share-monocrhome","show_share_counter":"1","show_view_counter":"1","show_featured":"1","show_post_meta":"1","show_post_author":"1","show_post_author_image":"1","show_post_date":"1","post_date_format":"default","post_date_format_custom":"Y\/m\/d","show_post_category":"1","show_post_reading_time":"1","post_reading_time_wpm":"300","show_zoom_button":"1","zoom_button_out_step":"2","zoom_button_in_step":"3","show_post_tag":"1","show_prev_next_post":"1","show_popup_post":"1","number_popup_post":"1","show_author_box":"1","show_post_related":"1","show_inline_post_related":"0"}],"override_image_size":"0","image_override":[{"single_post_thumbnail_size":"crop-500","single_post_gallery_size":"crop-500"}],"trending_post":"0","trending_post_position":"meta","trending_post_label":"Trending","sponsored_post":"0","sponsored_post_label":"Sponsored by","sponsored_post_name":"","sponsored_post_url":"","sponsored_post_logo_enable":"0","sponsored_post_logo":"","sponsored_post_desc":"","disable_ad":"0"},"jnews_primary_category":{"id":"","hide":""},"jnews_social_meta":{"fb_title":"","fb_description":"","fb_image":"","twitter_title":"","twitter_description":"","twitter_image":""},"jnews_review":[],"enable_review":"0","type":"percentage","name":"","summary":"","brand":"","sku":"","good":[{"good_text":""}],"bad":[{"bad_text":""}],"score_override":"","override_value":"","rating":[{"rating_text":"","rating_number":"10"}],"price":[{"shop":"","price":"","link":"","icon":""}],"jnews_override_counter":{"override_view_counter":"0","view_counter_number":"0","override_share_counter":"0","share_counter_number":"0","override_like_counter":"0","like_counter_number":"0","override_dislike_counter":"0","dislike_counter_number":"0"},"jnews_post_split":{"enable_post_split":"0","post_split":[{"template":"1","tag":"h2","numbering":"asc","mode":"normal","first":"0","enable_toc":"0","toc_type":"normal"}]},"footnotes":""},"categories":[58,59],"tags":[86,4108,2827,44,1129,4106,1255,45],"class_list":["post-32303","post","type-post","status-publish","format-standard","has-post-thumbnail","hentry","category-argentina","category-politica","tag-alberto-fernandez","tag-anibal-fernandez-2","tag-antonela-roccuzzo","tag-argentina","tag-lionel-messi","tag-ministro-de-seguridad","tag-narcotrafico","tag-noticias"],"amp_enabled":true,"_links":{"self":[{"href":"https:\/\/esreviral.com\/index.php?rest_route=\/wp\/v2\/posts\/32303"}],"collection":[{"href":"https:\/\/esreviral.com\/index.php?rest_route=\/wp\/v2\/posts"}],"about":[{"href":"https:\/\/esreviral.com\/index.php?rest_route=\/wp\/v2\/types\/post"}],"author":[{"embeddable":true,"href":"https:\/\/esreviral.com\/index.php?rest_route=\/wp\/v2\/users\/3"}],"replies":[{"embeddable":true,"href":"https:\/\/esreviral.com\/index.php?rest_route=%2Fwp%2Fv2%2Fcomments&post=32303"}],"version-history":[{"count":0,"href":"https:\/\/esreviral.com\/index.php?rest_route=\/wp\/v2\/posts\/32303\/revisions"}],"wp:featuredmedia":[{"embeddable":true,"href":"https:\/\/esreviral.com\/index.php?rest_route=\/wp\/v2\/media\/32304"}],"wp:attachment":[{"href":"https:\/\/esreviral.com\/index.php?rest_route=%2Fwp%2Fv2%2Fmedia&parent=32303"}],"wp:term":[{"taxonomy":"category","embeddable":true,"href":"https:\/\/esreviral.com\/index.php?rest_route=%2Fwp%2Fv2%2Fcategories&post=32303"},{"taxonomy":"post_tag","embeddable":true,"href":"https:\/\/esreviral.com\/index.php?rest_route=%2Fwp%2Fv2%2Ftags&post=32303"}],"curies":[{"name":"wp","href":"https:\/\/api.w.org\/{rel}","templated":true}]}}