{"id":32260,"date":"2023-03-02T07:16:15","date_gmt":"2023-03-02T12:16:15","guid":{"rendered":"https:\/\/esreviral.com\/?p=32260"},"modified":"2023-03-02T07:16:16","modified_gmt":"2023-03-02T12:16:16","slug":"partido-opositor-venezolano-pide-que-migrantes-participen-en-las-primarias","status":"publish","type":"post","link":"https:\/\/esreviral.com\/?p=32260","title":{"rendered":"Partido opositor venezolano pide que migrantes participen en las primarias"},"content":{"rendered":"\n<p>El\u00a0partido\u00a0opositor\u00a0Voluntad\u00a0Popular,\u00a0encabezado\u00a0por\u00a0Leopoldo\u00a0L\u00f3pez,\u00a0pidi\u00f3\u00a0este\u00a0mi\u00e9rcoles\u00a0que\u00a0los\u00a0venezolanos\u00a0residentes\u00a0en\u00a0el\u00a0exterior\u00a0puedan\u00a0participar\u00a0en\u00a0las\u00a0primarias,\u00a0a\u00a0realizarse\u00a0el\u00a022\u00a0de\u00a0octubre,\u00a0para\u00a0elegir\u00a0al\u00a0candidato\u00a0que\u00a0enfrentar\u00e1\u00a0al\u00a0partido adverso en las elecciones presidenciales, previstos para\u00a0el\u00a0a\u00f1o\u00a02024.<\/p>\n\n\n\n<blockquote class=\"wp-block-quote is-layout-flow wp-block-quote-is-layout-flow\">\n<p>\u00abVP reitera la propuesta presentada a la Comisi\u00f3n Nacional de Primarias que permite el voto de los venezolanos en el exterior, un derecho pol\u00edtico que debe ser prioridad\u00bb, escribi\u00f3 la formaci\u00f3n en\u00a0Twitter.<\/p>\n<\/blockquote>\n\n\n\n<p>Sostuvo que los \u00abmecanismos\u00bb est\u00e1n disponibles, \u00absolo hace falta voluntad pol\u00edtica para poner en pr\u00e1ctica el voto de la di\u00e1spora venezolana donde quiera que se encuentre\u00bb.<\/p>\n\n\n\n<figure class=\"wp-block-embed is-type-rich is-provider-twitter wp-block-embed-twitter\"><div class=\"wp-block-embed__wrapper\">\n<blockquote class=\"twitter-tweet\" data-width=\"500\" data-dnt=\"true\"><p lang=\"es\" dir=\"ltr\">VP reitera la propuesta presentada a la Comisi\u00f3n Nacional de Primaria que permite el voto de los venezolanos en el exterior, un derecho pol\u00edtico que debe ser prioridad para la <a href=\"https:\/\/twitter.com\/cnprimariave?ref_src=twsrc%5Etfw\">@cnprimariave<\/a><\/p>&mdash; Voluntad Popular (@VoluntadPopular) <a href=\"https:\/\/twitter.com\/VoluntadPopular\/status\/1631110066635001856?ref_src=twsrc%5Etfw\">March 2, 2023<\/a><\/blockquote><script async src=\"https:\/\/platform.twitter.com\/widgets.js\" charset=\"utf-8\"><\/script>\n<\/div><\/figure>\n\n\n\n<p>El presidente de la Comisi\u00f3n Nacional de Primarias, Jes\u00fas Mar\u00eda Casal, dijo recientemente a EFE que\u00a0es prioritaria la participaci\u00f3n de los venezolanos en el exterior en estos comicios, aunque reconoce la dificultad de organizar las fechas de inscripci\u00f3n y actualizae los datos en el exterior, en coordinaci\u00f3n con el Consejo Nacional Electoral (CNE).<\/p>\n\n\n\n<p>Casal\u00a0destac\u00f3 que\u00a0el\u00a0comit\u00e9\u00a0que\u00a0encabeza\u00a0est\u00e1\u00a0\u00abconstantemente\u00bb\u00a0estudiando\u00a0la\u00a0definici\u00f3n y\u00a0caracter\u00edsticas\u00a0de\u00a0la\u00a0lista\u00a0de\u00a0venezolanos residentes\u00a0en\u00a0el\u00a0exterior,\u00a0para\u00a0que\u00a0puedan\u00a0participar\u00a0en\u00a0las\u00a0primarias.<\/p>\n\n\n\n<p><br>Sostuvo\u00a0que\u00a0en\u00a0Venezuela\u00a0se\u00a0invit\u00f3\u00a0oficialmente\u00a0al Poder Electoral\u00a0hacer jornadas especiales de inscripci\u00f3n y actualizaci\u00f3n de datos, \u00abpero lograr algo as\u00ed en el exterior o en este momento, en el corto plazo, es algo dif\u00edcil\u00bb.<\/p>\n\n\n\n<p>En el \u00faltimo corte del Registro Electoral, correspondiente al 30 de septiembre de 2022, en Venezuela hay 21.094.629 ciudadanos mayores de edad inscritos para votar, de los cuales solo 107.878 est\u00e1n registrados en representaciones diplom\u00e1ticas de la naci\u00f3n caribe\u00f1a en el exterior.<\/p>\n\n\n\n<p>La Plataforma de Coordinaci\u00f3n Interagencial para Refugiados y Migrantes de Venezuela (R4V) -un mecanismo coliderado por la Agencia de la ONU para los Refugiados y la Organizaci\u00f3n Internacional para las Migraciones- indic\u00f3, el pasado diciembre, que 7,1 millones de venezolanos salieron de su pa\u00eds de origen en los \u00faltimos a\u00f1os.<\/p>\n\n\n\n<p class=\"has-text-align-right\"><strong><em>Elnacional.-<\/em><\/strong><\/p>\n","protected":false},"excerpt":{"rendered":"<p>En el \u00faltimo corte del Registro Electoral, correspondiente al 30 de septiembre de 2022, en Venezuela hay 21.094.629 ciudadanos mayores de edad inscritos para votar, de los cuales solo 107.878 est\u00e1n registrados en representaciones diplom\u00e1ticas de la naci\u00f3n caribe\u00f1a en el exterior<\/p>\n","protected":false},"author":3,"featured_media":32264,"comment_status":"open","ping_status":"closed","sticky":false,"template":"","format":"standard","meta":{"jnews-multi-image_gallery":[],"jnews_single_post":{"subtitle":"","format":"standard","video":"","gallery":"","source_name":"","source_url":"","via_name":"","via_url":"","override_template":"0","override":[{"template":"4","single_blog_custom":"","parallax":"1","fullscreen":"1","layout":"right-sidebar","sidebar":"default-sidebar","second_sidebar":"default-sidebar","sticky_sidebar":"1","share_position":"top","share_float_style":"share-monocrhome","show_share_counter":"1","show_view_counter":"1","show_featured":"1","show_post_meta":"1","show_post_author":"1","show_post_author_image":"1","show_post_date":"1","post_date_format":"default","post_date_format_custom":"Y\/m\/d","show_post_category":"1","show_post_reading_time":"1","post_reading_time_wpm":"300","show_zoom_button":"1","zoom_button_out_step":"2","zoom_button_in_step":"3","show_post_tag":"1","show_prev_next_post":"1","show_popup_post":"1","number_popup_post":"1","show_author_box":"1","show_post_related":"1","show_inline_post_related":"0"}],"override_image_size":"0","image_override":[{"single_post_thumbnail_size":"crop-500","single_post_gallery_size":"crop-500"}],"trending_post":"0","trending_post_position":"meta","trending_post_label":"Trending","sponsored_post":"0","sponsored_post_label":"Sponsored by","sponsored_post_name":"","sponsored_post_url":"","sponsored_post_logo_enable":"0","sponsored_post_logo":"","sponsored_post_desc":"","disable_ad":"0"},"jnews_primary_category":{"id":"","hide":""},"jnews_social_meta":{"fb_title":"","fb_description":"","fb_image":"","twitter_title":"","twitter_description":"","twitter_image":""},"jnews_review":[],"enable_review":"0","type":"percentage","name":"","summary":"","brand":"","sku":"","good":[{"good_text":""}],"bad":[{"bad_text":""}],"score_override":"","override_value":"","rating":[{"rating_text":"","rating_number":"10"}],"price":[{"shop":"","price":"","link":"","icon":""}],"jnews_override_counter":{"override_view_counter":"0","view_counter_number":"0","override_share_counter":"0","share_counter_number":"0","override_like_counter":"0","like_counter_number":"0","override_dislike_counter":"0","dislike_counter_number":"0"},"jnews_post_split":{"enable_post_split":"0","post_split":[{"template":"1","tag":"h2","numbering":"asc","mode":"normal","first":"0","enable_toc":"0","toc_type":"normal"}]},"footnotes":""},"categories":[59,66],"tags":[770,7589,7588,2127,45,7586,56,1740],"class_list":["post-32260","post","type-post","status-publish","format-standard","has-post-thumbnail","hentry","category-politica","category-venezuela","tag-cne","tag-comision-nacional-de-primarias","tag-consejo-nacional-electoral-2","tag-elecciones-primarias","tag-noticias","tag-partido-opositor","tag-venezuela","tag-voluntad-popular"],"amp_enabled":true,"_links":{"self":[{"href":"https:\/\/esreviral.com\/index.php?rest_route=\/wp\/v2\/posts\/32260"}],"collection":[{"href":"https:\/\/esreviral.com\/index.php?rest_route=\/wp\/v2\/posts"}],"about":[{"href":"https:\/\/esreviral.com\/index.php?rest_route=\/wp\/v2\/types\/post"}],"author":[{"embeddable":true,"href":"https:\/\/esreviral.com\/index.php?rest_route=\/wp\/v2\/users\/3"}],"replies":[{"embeddable":true,"href":"https:\/\/esreviral.com\/index.php?rest_route=%2Fwp%2Fv2%2Fcomments&post=32260"}],"version-history":[{"count":0,"href":"https:\/\/esreviral.com\/index.php?rest_route=\/wp\/v2\/posts\/32260\/revisions"}],"wp:featuredmedia":[{"embeddable":true,"href":"https:\/\/esreviral.com\/index.php?rest_route=\/wp\/v2\/media\/32264"}],"wp:attachment":[{"href":"https:\/\/esreviral.com\/index.php?rest_route=%2Fwp%2Fv2%2Fmedia&parent=32260"}],"wp:term":[{"taxonomy":"category","embeddable":true,"href":"https:\/\/esreviral.com\/index.php?rest_route=%2Fwp%2Fv2%2Fcategories&post=32260"},{"taxonomy":"post_tag","embeddable":true,"href":"https:\/\/esreviral.com\/index.php?rest_route=%2Fwp%2Fv2%2Ftags&post=32260"}],"curies":[{"name":"wp","href":"https:\/\/api.w.org\/{rel}","templated":true}]}}