{"id":3221,"date":"2021-01-07T14:31:18","date_gmt":"2021-01-07T14:31:18","guid":{"rendered":"http:\/\/esreviral.com\/?p=3221"},"modified":"2021-01-07T14:31:18","modified_gmt":"2021-01-07T14:31:18","slug":"toque-de-queda-restringiran-la-circulacion-nocturna-en-argentina","status":"publish","type":"post","link":"https:\/\/esreviral.com\/?p=3221","title":{"rendered":"Toque de queda. Restringir\u00e1n la circulaci\u00f3n nocturna en Argentina a partir de ma\u00f1ana"},"content":{"rendered":"\n<p><strong><em>CIS.-<\/em><\/strong> El jefe de gabinete de Argentina, Santiago Cafiero, confirm\u00f3 que este viernes saldr\u00e1 el decreto de restricci\u00f3n de circulaci\u00f3n nocturna en todo el pa\u00eds, como una medida que buscar\u00e1 disminuir el aumento de casos de coronavirus que en los \u00faltimos dos d\u00edas, lleg\u00f3 casi a 14 mil positivos, cifra que no se registraba desde octubre. <\/p>\n\n\n\n<p>La medida entrar\u00eda a regir a partir del momento de la publicaci\u00f3n del decreto. Los colectivos quedar\u00edan nuevamente s\u00f3lo para el personal esencial. <\/p>\n\n\n\n<p>\u00abLo que queremos es que la temporada (de verano) contin\u00fae pero que sea de cuidado porque es at\u00edpica, en ese marco queremos defender el trabajo y la producci\u00f3n no s\u00f3lo de la actividad tur\u00edstica sino de toda la Argentina. Hay que modificar cuestiones de cuidados personales\u00bb, explic\u00f3 Cafiero, quien asegur\u00f3 que de ser necesario, se tomar\u00e1n las medidas que sean necesarias. <\/p>\n\n\n\n<p>\u00abHemos llegado casi 70 mil vacunas aplicadas, en la regi\u00f3n es el pa\u00eds que m\u00e1s ha vacunado. Si extremamos los encuentros sociales y los cuidados, lograremos que la actividad econ\u00f3mica no se vea afectada\u00bb. <\/p>\n\n\n\n<p>Francia, Italia, Alemania, Espa\u00f1a y Chile han implementado este tipo de medidas.<\/p>\n","protected":false},"excerpt":{"rendered":"<p>CIS.- El jefe de gabinete de Argentina, Santiago Cafiero, confirm\u00f3 que este viernes saldr\u00e1 el decreto de restricci\u00f3n de circulaci\u00f3n nocturna en todo el pa\u00eds, como una medida que buscar\u00e1 disminuir el aumento de casos de coronavirus que en los \u00faltimos dos d\u00edas, lleg\u00f3 casi a 14 mil positivos, cifra que no se registraba desde [&hellip;]<\/p>\n","protected":false},"author":2,"featured_media":3222,"comment_status":"open","ping_status":"open","sticky":false,"template":"","format":"standard","meta":{"jnews-multi-image_gallery":[],"jnews_single_post":[],"jnews_primary_category":[],"jnews_social_meta":[],"jnews_review":[],"enable_review":"","type":"","name":"","summary":"","brand":"","sku":"","good":[],"bad":[],"score_override":"","override_value":"","rating":[],"price":[],"jnews_override_counter":[],"jnews_post_split":[],"footnotes":""},"categories":[58,76],"tags":[77,45],"class_list":["post-3221","post","type-post","status-publish","format-standard","has-post-thumbnail","hentry","category-argentina","category-coronavirus","tag-coronavirus","tag-noticias"],"amp_enabled":true,"_links":{"self":[{"href":"https:\/\/esreviral.com\/index.php?rest_route=\/wp\/v2\/posts\/3221"}],"collection":[{"href":"https:\/\/esreviral.com\/index.php?rest_route=\/wp\/v2\/posts"}],"about":[{"href":"https:\/\/esreviral.com\/index.php?rest_route=\/wp\/v2\/types\/post"}],"author":[{"embeddable":true,"href":"https:\/\/esreviral.com\/index.php?rest_route=\/wp\/v2\/users\/2"}],"replies":[{"embeddable":true,"href":"https:\/\/esreviral.com\/index.php?rest_route=%2Fwp%2Fv2%2Fcomments&post=3221"}],"version-history":[{"count":0,"href":"https:\/\/esreviral.com\/index.php?rest_route=\/wp\/v2\/posts\/3221\/revisions"}],"wp:featuredmedia":[{"embeddable":true,"href":"https:\/\/esreviral.com\/index.php?rest_route=\/"}],"wp:attachment":[{"href":"https:\/\/esreviral.com\/index.php?rest_route=%2Fwp%2Fv2%2Fmedia&parent=3221"}],"wp:term":[{"taxonomy":"category","embeddable":true,"href":"https:\/\/esreviral.com\/index.php?rest_route=%2Fwp%2Fv2%2Fcategories&post=3221"},{"taxonomy":"post_tag","embeddable":true,"href":"https:\/\/esreviral.com\/index.php?rest_route=%2Fwp%2Fv2%2Ftags&post=3221"}],"curies":[{"name":"wp","href":"https:\/\/api.w.org\/{rel}","templated":true}]}}