{"id":32203,"date":"2023-03-01T09:10:12","date_gmt":"2023-03-01T14:10:12","guid":{"rendered":"https:\/\/esreviral.com\/?p=32203"},"modified":"2023-03-01T09:10:13","modified_gmt":"2023-03-01T14:10:13","slug":"portuguesa-alcalde-se-encadeno-a-las-puertas-de-la-camara-municipal-por-retardo-de-aprobacion-de-presupuesto","status":"publish","type":"post","link":"https:\/\/esreviral.com\/?p=32203","title":{"rendered":"Portuguesa: Alcalde se encaden\u00f3 a las puertas de la C\u00e1mara Municipal\u00a0por retardo de aprobaci\u00f3n de presupuesto"},"content":{"rendered":"\n<p>Jobito Villegas, alcalde opositor del municipio Jos\u00e9 Vicente de Unda, estado Portuguesa, se encaden\u00f3 este martes a las afueras del C\u00e1mara Municipal. Esto como medida de presi\u00f3n para los concejales por no aprobar un cr\u00e9dito adicional, inform\u00f3\u00a0El P\u00fablico TV.<\/p>\n\n\n\n<p>\u00abEn tal sentido, la presidente de la C\u00e1mara Municipal Lucrecia Gaester, del partido Acci\u00f3n Democr\u00e1tica, calific\u00f3 este acto como un show por parte del ciudadano alcalde\u00bb, se\u00f1al\u00f3 el medio.<\/p>\n\n\n\n<p><strong><mark style=\"background-color:rgba(0, 0, 0, 0)\" class=\"has-inline-color has-vivid-red-color\">Diferencia entre alcalde y concejales<\/mark><\/strong><\/p>\n\n\n\n<p>Y explic\u00f3 que existe una serie de desacuerdos entre el poder ejecutivo y legislativo del municipio, por la manera en que se aprueban o no los recursos.<\/p>\n\n\n\n<p>\u00abExiste una Ordenanza de Presupuesto, aprobada el pasado 15 de diciembre por los concejales. En el art\u00edculo n\u00famero 43 establece que 5% (se destina) para la c\u00e1mara municipal y un 3% para la contralor\u00eda; y el 23 de enero el acalde promulgo dicha ordenanza y que se puedan distribuir los recursos estableciendo prioridades para el municipio\u00bb, indica la nota.<\/p>\n\n\n\n<p>La representante de la C\u00e1mara dijo, siempre seg\u00fan El P\u00fablico TV, que el alcalde Villegas, conoce los procedimientos y que puede reunirse con cada uno de los concejales \u00aby no tomar la sede encaden\u00e1ndose para llamar la atenci\u00f3n\u00bb.<\/p>\n\n\n\n<p>\u00abEs lamentable que el alcalde Villegas, asuma esta postura que afecta directamente, todo el esfuerzo de los partidos pol\u00edtico en aras de alcanzar la unidad, venga con estas actitudes, haci\u00e9ndole el juego al bando contrario. Cada instancia tiene sus criterios propios, procesos, y no se puede actuar de acuerdo a los mandatos y solicitudes inmediatas por parte del ciudadano alcalde\u00bb, se\u00f1al\u00f3 el medio.<\/p>\n\n\n\n<p class=\"has-text-align-right\"><strong><em>ElNacional.-<\/em><\/strong><\/p>\n","protected":false},"excerpt":{"rendered":"<p>Presidenta de la C\u00e1mara Municipal de del municipio Jos\u00e9 Vicente de Unda dice que acciones del alcalde buscan \u00abllamar la atenci\u00f3n\u00bb<\/p>\n","protected":false},"author":3,"featured_media":32204,"comment_status":"open","ping_status":"closed","sticky":false,"template":"","format":"standard","meta":{"jnews-multi-image_gallery":[],"jnews_single_post":{"subtitle":"","format":"standard","video":"","gallery":"","source_name":"","source_url":"","via_name":"","via_url":"","override_template":"0","override":[{"template":"4","single_blog_custom":"","parallax":"1","fullscreen":"1","layout":"right-sidebar","sidebar":"default-sidebar","second_sidebar":"default-sidebar","sticky_sidebar":"1","share_position":"top","share_float_style":"share-monocrhome","show_share_counter":"1","show_view_counter":"1","show_featured":"1","show_post_meta":"1","show_post_author":"1","show_post_author_image":"1","show_post_date":"1","post_date_format":"default","post_date_format_custom":"Y\/m\/d","show_post_category":"1","show_post_reading_time":"1","post_reading_time_wpm":"300","show_zoom_button":"1","zoom_button_out_step":"2","zoom_button_in_step":"3","show_post_tag":"1","show_prev_next_post":"1","show_popup_post":"1","number_popup_post":"1","show_author_box":"1","show_post_related":"1","show_inline_post_related":"0"}],"override_image_size":"0","image_override":[{"single_post_thumbnail_size":"crop-500","single_post_gallery_size":"crop-500"}],"trending_post":"0","trending_post_position":"meta","trending_post_label":"Trending","sponsored_post":"0","sponsored_post_label":"Sponsored by","sponsored_post_name":"","sponsored_post_url":"","sponsored_post_logo_enable":"0","sponsored_post_logo":"","sponsored_post_desc":"","disable_ad":"0"},"jnews_primary_category":{"id":"","hide":""},"jnews_social_meta":{"fb_title":"","fb_description":"","fb_image":"","twitter_title":"","twitter_description":"","twitter_image":""},"jnews_review":[],"enable_review":"0","type":"percentage","name":"","summary":"","brand":"","sku":"","good":[{"good_text":""}],"bad":[{"bad_text":""}],"score_override":"","override_value":"","rating":[{"rating_text":"","rating_number":"10"}],"price":[{"shop":"","price":"","link":"","icon":""}],"jnews_override_counter":{"override_view_counter":"0","view_counter_number":"0","override_share_counter":"0","share_counter_number":"0","override_like_counter":"0","like_counter_number":"0","override_dislike_counter":"0","dislike_counter_number":"0"},"jnews_post_split":{"enable_post_split":"0","post_split":[{"template":"1","tag":"h2","numbering":"asc","mode":"normal","first":"0","enable_toc":"0","toc_type":"normal"}]},"footnotes":""},"categories":[59,66],"tags":[729,7566,7564,44,7565,7563,45,169],"class_list":["post-32203","post","type-post","status-publish","format-standard","has-post-thumbnail","hentry","category-politica","category-venezuela","tag-alcalde","tag-alcalde-de-portuguesa","tag-aprobacion-de-presupuesto","tag-argentina","tag-camara-municipal","tag-jobito-villegas","tag-noticias","tag-presupuesto"],"amp_enabled":true,"_links":{"self":[{"href":"https:\/\/esreviral.com\/index.php?rest_route=\/wp\/v2\/posts\/32203"}],"collection":[{"href":"https:\/\/esreviral.com\/index.php?rest_route=\/wp\/v2\/posts"}],"about":[{"href":"https:\/\/esreviral.com\/index.php?rest_route=\/wp\/v2\/types\/post"}],"author":[{"embeddable":true,"href":"https:\/\/esreviral.com\/index.php?rest_route=\/wp\/v2\/users\/3"}],"replies":[{"embeddable":true,"href":"https:\/\/esreviral.com\/index.php?rest_route=%2Fwp%2Fv2%2Fcomments&post=32203"}],"version-history":[{"count":0,"href":"https:\/\/esreviral.com\/index.php?rest_route=\/wp\/v2\/posts\/32203\/revisions"}],"wp:featuredmedia":[{"embeddable":true,"href":"https:\/\/esreviral.com\/index.php?rest_route=\/wp\/v2\/media\/32204"}],"wp:attachment":[{"href":"https:\/\/esreviral.com\/index.php?rest_route=%2Fwp%2Fv2%2Fmedia&parent=32203"}],"wp:term":[{"taxonomy":"category","embeddable":true,"href":"https:\/\/esreviral.com\/index.php?rest_route=%2Fwp%2Fv2%2Fcategories&post=32203"},{"taxonomy":"post_tag","embeddable":true,"href":"https:\/\/esreviral.com\/index.php?rest_route=%2Fwp%2Fv2%2Ftags&post=32203"}],"curies":[{"name":"wp","href":"https:\/\/api.w.org\/{rel}","templated":true}]}}